{"id":9952,"date":"2022-09-13T11:30:08","date_gmt":"2022-09-13T10:30:08","guid":{"rendered":"https:\/\/www.airtimecritical.com\/celni-odbaveni-urgentnich-zasilek"},"modified":"2023-02-08T14:11:02","modified_gmt":"2023-02-08T13:11:02","slug":"colne-odbavenie-urgentnych-zasielok","status":"publish","type":"post","link":"https:\/\/www.airtimecritical.com\/sk\/colne-odbavenie-urgentnych-zasielok","title":{"rendered":"Next Flight Out: coln\u00e9 odbavenie vo Frankfurte pre franc\u00fazskeho z\u00e1kazn\u00edka"},"content":{"rendered":"<p style=\"text-align: justify;\">Franc\u00fazsky v\u00fdrobca automobilov\u00e9ho vybavenia sa obr\u00e1til na t\u00edm <a href=\"https:\/\/www.airtimecritical.com\/sk\/o-nas\" target=\"_blank\" rel=\"noopener\"><u>Air Time Critical\u00ae<\/u><\/a>, aby zorganizoval urgentn\u00fa prepravu zo \u0160anghaja do v\u00fdchodn\u00e9ho Franc\u00fazska. T\u00edm Air Time Critical\u00ae napl\u00e1noval <a href=\"https:\/\/www.airtimecritical.com\/sk\/next-flight-out\" target=\"_blank\" rel=\"noopener\"><u>prioritn\u00fa leteck\u00fa prepravu (NFO)<\/u><\/a> od dver\u00ed k dver\u00e1m, aby zaistil v\u010dasn\u00e9 doru\u010denie. Zistite, ako n\u00e1m coln\u00e9 odbavenie vo <a href=\"https:\/\/www.google.com\/maps\/place\/A%C3%A9roport+de+Francfort\/@50.037936,8.5599631,17z\/data=!3m1!4b1!4m5!3m4!1s0x47bd0b745442f979:0x8a74d84d21f8f331!8m2!3d50.0379326!4d8.5621518\" target=\"_blank\" rel=\"nofollow noopener noreferrer\"><u>Frankfurte<\/u><\/a> (namiesto par\u00ed\u017eskeho letiska CDG) umo\u017enilo <strong>doru\u010di\u0165 z\u00e1sielku priamo z\u00e1kazn\u00edkovi o takmer cel\u00fd de\u0148 sk\u00f4r<\/strong>.<\/p>\n<h2 style=\"text-align: justify;\"><span style=\"font-size: 18pt;\">Detaily rie\u0161enia prioritnej leteckej prepravy<\/span><\/h2>\n<ul style=\"text-align: justify;\">\n<li>Typ letu: prioritn\u00e1 leteck\u00e1 preprava (NFO)<\/li>\n<li>Slu\u017eba: doru\u010denie od dver\u00ed k dver\u00e1m, vr\u00e1tane coln\u00e9ho odbavenia a da\u0148ov\u00e9ho zast\u00fapenia<\/li>\n<li>Tovar: 7 krab\u00edc po 8 kg (autodiely)<\/li>\n<li>Trasa letu: \u0160anghaj (PVG) &#8211; Frankfurt (FRA)<\/li>\n<li>Doba trvania letu: 13 hod\u00edn<\/li>\n<\/ul>\n<h2 style=\"text-align: justify;\"><span style=\"font-size: 18pt;\">\u00a0Harmonogram prepravy<\/span><\/h2>\n<ul style=\"text-align: justify;\">\n<li>16. m\u00e1ja, 18:00 &#8211; Expresn\u00e9 vyzdvihnutie z\u00e1sielky v \u0160anghaji<\/li>\n<li>18. m\u00e1ja, 08:20 &#8211; Odlet z letiska \u0160anghaja-Pudongu (PVG)<\/li>\n<li>18. m\u00e1ja, 20:40 &#8211; Pr\u00edlet na letisko Frankfurt (FRA)<\/li>\n<li>19. m\u00e1ja, 10:30 &#8211; Coln\u00e9 odbavenie vo Frankfurte<\/li>\n<li>19. m\u00e1ja, 13:00 &#8211; Doru\u010denie z\u00e1sielky do tov\u00e1rne v \u0160trasburgu<\/li>\n<\/ul>\n<h3 style=\"text-align: justify;\"><span style=\"font-size: 14pt;\"><strong>Ak\u00fd bol celkov\u00fd prepravn\u00fd \u010das tejto urgentnej z\u00e1sielky zo \u0160anghaja do Franc\u00fazska?<\/strong><\/span><\/h3>\n<p style=\"text-align: justify;\">T\u00e1to urgentn\u00e1 z\u00e1sielka, doru\u010dovan\u00e1 od dver\u00ed k dver\u00e1m zo \u0160anghaja do Franc\u00fazska, bola doru\u010den\u00e1 za 3 dni (vzdialenos\u0165 vzdu\u0161nou \u010diarou takmer 9 000 km).<\/p>\n<p style=\"text-align: justify;\">Priemern\u00fd po\u010det u\u0161etren\u00fdch dn\u00ed v porovnan\u00ed so \u0161tandardnou expresnou prepravou: 4-6 dn\u00ed.<\/p>\n<h2 style=\"text-align: justify;\"><span style=\"font-size: 18pt;\">Pridan\u00e1 hodnota od Air Time Critical\u00ae<\/span><\/h2>\n<p style=\"text-align: justify;\"><strong>T\u00edm Air Time Critical\u00ae dok\u00e1zal u\u0161etri\u0165 takmer jeden de\u0148 prepravn\u00e9ho \u010dasu t\u00fdm, \u017ee zvolil let do Frankfurtu namiesto Par\u00ed\u017ea (Letisko Charlesa de Gaulla). <\/strong>Ako je to mo\u017en\u00e9? Nebol by Par\u00ed\u017e CDG pre franc\u00fazskeho z\u00e1kazn\u00edka logickej\u0161ou destin\u00e1ciou? Na prv\u00fd poh\u013ead to d\u00e1va zmysel, ale v tomto konkr\u00e9tnom pr\u00edpade bolo zvolenie Frankfurtu v\u00fdhodnej\u0161ie hne\u010f z dvoch d\u00f4vodov:<\/p>\n<ol style=\"text-align: justify;\">\n<li><strong>Let do Frankfurtu prilet\u00ed do Eur\u00f3py e\u0161te toho ist\u00e9ho d\u0148a<\/strong>, t.j. 18. m\u00e1ja ve\u010der, zatia\u013e \u010do let do Par\u00ed\u017ea CDG pristane a\u017e na druh\u00fd de\u0148 r\u00e1no. U\u0161etrili sme pol d\u0148a jednoducho t\u00fdm, \u017ee sme zvolili najvhodnej\u0161\u00ed let.<\/li>\n<li><strong>Tov\u00e1re\u0148 pr\u00edjemcu je ove\u013ea bli\u017e\u0161ie k frankfurtsk\u00e9mu letisku<\/strong>, preto\u017ee z\u00e1kazn\u00edk s\u00eddli v bl\u00edzkosti nemeck\u00fdch hran\u00edc. T\u00fdm sme u\u0161etrili takmer 3 hodiny jazdy<strong>.<\/strong><\/li>\n<\/ol>\n<p style=\"text-align: justify;\">Je pochopite\u013en\u00e9, \u017ee lok\u00e1lny prepravca zo \u0160anghaja nemus\u00ed vedie\u0165, \u017ee sa d\u00e1 letie\u0165 do nemeck\u00e9ho Frankfurtu a \u00f3dtial doru\u010di\u0165 z\u00e1sielku do Franc\u00fazska.<\/p>\n<p style=\"text-align: justify;\">Je \u00faplne be\u017en\u00e9, \u017ee zahrani\u010dn\u00ed prepravcovia (najm\u00e4 t\u00ed, ktor\u00ed s\u00eddlia \u010faleko mimo Eur\u00f3py) odosielaj\u00fa alebo prij\u00edmaj\u00fa v\u0161etky z\u00e1sielky pre franc\u00fazskych z\u00e1kazn\u00edkov cez Par\u00ed\u017e bez toho, aby si overili alternat\u00edvne lety alebo vzdialenos\u0165 z letiska k franc\u00fazskemu pr\u00edjemcovi. A je ve\u013emi pravdepodobn\u00e9, \u017ee nebud\u00fa vedie\u0165 ani to, ako sa medzi dvoma eur\u00f3pskymi krajinami vykon\u00e1va miestne coln\u00e9 odbavenie.<\/p>\n<p style=\"text-align: justify;\">Spolo\u010dnos\u0165 Air Time Critical\u00ae ako prepravca spravuje z\u00e1sielky od A do Z a dok\u00e1\u017ee odbavi\u0165 z\u00e1sielky na nieko\u013ek\u00fdch ve\u013ek\u00fdch eur\u00f3pskych letisk\u00e1ch, napr\u00edklad vo Frankfurte alebo na bruselskom letisku Zaventem.<\/p>\n<p style=\"text-align: justify;\">Na\u0161a schopnos\u0165 zabezpe\u010di\u0165 preclenie pre franc\u00fazskych z\u00e1kazn\u00edkov (vr\u00e1tane prenesenej da\u0148ovej povinnosti) na in\u00fdch letisk\u00e1ch, ako je par\u00ed\u017eske CDG, n\u00e1m otv\u00e1ra dvere k menej zn\u00e1mym tras\u00e1m, napr\u00edklad z \u010c\u00edny alebo zvy\u0161ku \u00c1zie, a skracuje lehoty na doru\u010denie do Franc\u00fazska a \u010fal\u0161\u00edch kraj\u00edn.<\/p>\n<p style=\"text-align: justify;\"><strong>Na rovnakom princ\u00edpe funguj\u00fa aj na\u0161e rie\u0161enia pre z\u00e1kazn\u00edkov zo Slovenska a \u010ceskej republiky.<\/strong> A\u017e budete teda nabud\u00face potrebova\u0165 zorganizova\u0165 ve\u013emi naliehav\u00fa leteck\u00fa prepravu zo zahrani\u010dia, nezabudnite, \u017ee v\u00e1m radi kedyko\u013evek porad\u00edme a pon\u00fakneme rie\u0161enie na mieru, od dver\u00ed k dver\u00e1m. <u><a href=\"https:\/\/www.airtimecritical.com\/sk\/kontaktujte-nas\" target=\"_blank\" rel=\"noopener\">Kontaktujte n\u00e1s<\/a><\/u>.<\/p>\n<p style=\"text-align: justify;\">Pozn\u00e1mka: Vy\u0161\u0161ie uveden\u00e9 d\u00e1ta, term\u00edny, miesta a men\u00e1 m\u00f4\u017eu by\u0165 v z\u00e1ujme zachovania d\u00f4vernosti inform\u00e1ci\u00ed o z\u00e1kazn\u00edkoch zmenen\u00e9.<\/p>\n","protected":false},"excerpt":{"rendered":"<p>Air Time Critical\u00ae zaistilo preclenie urgentnej z\u00e1sielky vo Frankfurte pre franc\u00fazskeho z\u00e1kazn\u00edka a u\u0161etrilo mu tak drahocenn\u00fd \u010das.<\/p>\n","protected":false},"author":2,"featured_media":9953,"comment_status":"closed","ping_status":"closed","sticky":false,"template":"","format":"standard","meta":{"footnotes":""},"categories":[976],"tags":[979],"class_list":["post-9952","post","type-post","status-publish","format-standard","has-post-thumbnail","hentry","category-letecka-nakladna-priklady-doprava","tag-naliehava-letecka-doprava"],"yoast_head":"<!-- This site is optimized with the Yoast SEO Premium plugin v27.3 (Yoast SEO v27.5) - https:\/\/yoast.com\/product\/yoast-seo-premium-wordpress\/ -->\n<title>Next Flight Out: coln\u00e9 odbavenie vo Frankfurte pre franc\u00fazskeho z\u00e1kazn\u00edka - Air Time Critical\u00ae - ATC\u00ae<\/title>\n<meta name=\"description\" content=\"Air Time Critical\u00ae zaistilo preclenie urgentnej z\u00e1sielky vo Frankfurte pre franc\u00fazskeho z\u00e1kazn\u00edka a u\u0161etrilo mu tak drahocenn\u00fd \u010das.\" \/>\n<meta name=\"robots\" content=\"index, follow, max-snippet:-1, max-image-preview:large, max-video-preview:-1\" \/>\n<link rel=\"canonical\" href=\"https:\/\/www.airtimecritical.com\/sk\/colne-odbavenie-urgentnych-zasielok\" \/>\n<meta property=\"og:locale\" content=\"sk_SK\" \/>\n<meta property=\"og:type\" content=\"article\" \/>\n<meta property=\"og:title\" content=\"Next Flight Out: coln\u00e9 odbavenie vo Frankfurte pre franc\u00fazskeho z\u00e1kazn\u00edka\" \/>\n<meta property=\"og:description\" content=\"Air Time Critical\u00ae zaistilo preclenie urgentnej z\u00e1sielky vo Frankfurte pre franc\u00fazskeho z\u00e1kazn\u00edka a u\u0161etrilo mu tak drahocenn\u00fd \u010das.\" \/>\n<meta property=\"og:url\" content=\"https:\/\/www.airtimecritical.com\/sk\/colne-odbavenie-urgentnych-zasielok\" \/>\n<meta property=\"og:site_name\" content=\"Air Time Critical\u00ae - ATC\u00ae\" \/>\n<meta property=\"article:publisher\" content=\"https:\/\/www.facebook.com\/AirTimeCritical.Atc.airfreight\" \/>\n<meta property=\"article:published_time\" content=\"2022-09-13T10:30:08+00:00\" \/>\n<meta property=\"article:modified_time\" content=\"2023-02-08T13:11:02+00:00\" \/>\n<meta property=\"og:image\" content=\"https:\/\/www.airtimecritical.com\/wp-content\/uploads\/2022\/09\/Next-Flight-Out-colne-odbavenie-vo-Frankfurte-pre-francuzskeho-zakaznika.jpg\" \/>\n\t<meta property=\"og:image:width\" content=\"923\" \/>\n\t<meta property=\"og:image:height\" content=\"519\" \/>\n\t<meta property=\"og:image:type\" content=\"image\/jpeg\" \/>\n<meta name=\"author\" content=\"ATC\" \/>\n<meta name=\"twitter:card\" content=\"summary_large_image\" \/>\n<meta name=\"twitter:creator\" content=\"@AirTimeCritical\" \/>\n<meta name=\"twitter:site\" content=\"@AirTimeCritical\" \/>\n<meta name=\"twitter:label1\" content=\"Autor\" \/>\n\t<meta name=\"twitter:data1\" content=\"ATC\" \/>\n\t<meta name=\"twitter:label2\" content=\"Predpokladan\u00fd \u010das \u010d\u00edtania\" \/>\n\t<meta name=\"twitter:data2\" content=\"3 min\u00faty\" \/>\n<script type=\"application\/ld+json\" class=\"yoast-schema-graph\">{\"@context\":\"https:\\\/\\\/schema.org\",\"@graph\":[{\"@type\":\"Article\",\"@id\":\"https:\\\/\\\/www.airtimecritical.com\\\/sk\\\/colne-odbavenie-urgentnych-zasielok#article\",\"isPartOf\":{\"@id\":\"https:\\\/\\\/www.airtimecritical.com\\\/sk\\\/colne-odbavenie-urgentnych-zasielok\"},\"author\":{\"name\":\"ATC\",\"@id\":\"https:\\\/\\\/www.airtimecritical.com\\\/sk#\\\/schema\\\/person\\\/22eeefeab161c4125b4632ddb66eaf9b\"},\"headline\":\"Next Flight Out: coln\u00e9 odbavenie vo Frankfurte pre franc\u00fazskeho z\u00e1kazn\u00edka\",\"datePublished\":\"2022-09-13T10:30:08+00:00\",\"dateModified\":\"2023-02-08T13:11:02+00:00\",\"mainEntityOfPage\":{\"@id\":\"https:\\\/\\\/www.airtimecritical.com\\\/sk\\\/colne-odbavenie-urgentnych-zasielok\"},\"wordCount\":696,\"publisher\":{\"@id\":\"https:\\\/\\\/www.airtimecritical.com\\\/sk#organization\"},\"image\":{\"@id\":\"https:\\\/\\\/www.airtimecritical.com\\\/sk\\\/colne-odbavenie-urgentnych-zasielok#primaryimage\"},\"thumbnailUrl\":\"https:\\\/\\\/www.airtimecritical.com\\\/wp-content\\\/uploads\\\/2022\\\/09\\\/Next-Flight-Out-colne-odbavenie-vo-Frankfurte-pre-francuzskeho-zakaznika.jpg\",\"keywords\":[\"Naliehav\u00e1 leteck\u00e1 doprava\"],\"articleSection\":[\"Pr\u00edklady dopravy\"],\"inLanguage\":\"sk-SK\"},{\"@type\":\"WebPage\",\"@id\":\"https:\\\/\\\/www.airtimecritical.com\\\/sk\\\/colne-odbavenie-urgentnych-zasielok\",\"url\":\"https:\\\/\\\/www.airtimecritical.com\\\/sk\\\/colne-odbavenie-urgentnych-zasielok\",\"name\":\"Next Flight Out: coln\u00e9 odbavenie vo Frankfurte pre franc\u00fazskeho z\u00e1kazn\u00edka - Air Time Critical\u00ae - ATC\u00ae\",\"isPartOf\":{\"@id\":\"https:\\\/\\\/www.airtimecritical.com\\\/sk#website\"},\"primaryImageOfPage\":{\"@id\":\"https:\\\/\\\/www.airtimecritical.com\\\/sk\\\/colne-odbavenie-urgentnych-zasielok#primaryimage\"},\"image\":{\"@id\":\"https:\\\/\\\/www.airtimecritical.com\\\/sk\\\/colne-odbavenie-urgentnych-zasielok#primaryimage\"},\"thumbnailUrl\":\"https:\\\/\\\/www.airtimecritical.com\\\/wp-content\\\/uploads\\\/2022\\\/09\\\/Next-Flight-Out-colne-odbavenie-vo-Frankfurte-pre-francuzskeho-zakaznika.jpg\",\"datePublished\":\"2022-09-13T10:30:08+00:00\",\"dateModified\":\"2023-02-08T13:11:02+00:00\",\"description\":\"Air Time Critical\u00ae zaistilo preclenie urgentnej z\u00e1sielky vo Frankfurte pre franc\u00fazskeho z\u00e1kazn\u00edka a u\u0161etrilo mu tak drahocenn\u00fd \u010das.\",\"breadcrumb\":{\"@id\":\"https:\\\/\\\/www.airtimecritical.com\\\/sk\\\/colne-odbavenie-urgentnych-zasielok#breadcrumb\"},\"inLanguage\":\"sk-SK\",\"potentialAction\":[{\"@type\":\"ReadAction\",\"target\":[\"https:\\\/\\\/www.airtimecritical.com\\\/sk\\\/colne-odbavenie-urgentnych-zasielok\"]}]},{\"@type\":\"ImageObject\",\"inLanguage\":\"sk-SK\",\"@id\":\"https:\\\/\\\/www.airtimecritical.com\\\/sk\\\/colne-odbavenie-urgentnych-zasielok#primaryimage\",\"url\":\"https:\\\/\\\/www.airtimecritical.com\\\/wp-content\\\/uploads\\\/2022\\\/09\\\/Next-Flight-Out-colne-odbavenie-vo-Frankfurte-pre-francuzskeho-zakaznika.jpg\",\"contentUrl\":\"https:\\\/\\\/www.airtimecritical.com\\\/wp-content\\\/uploads\\\/2022\\\/09\\\/Next-Flight-Out-colne-odbavenie-vo-Frankfurte-pre-francuzskeho-zakaznika.jpg\",\"width\":923,\"height\":519,\"caption\":\"Next Flight Out: coln\u00e9 odbavenie vo Frankfurte pre franc\u00fazskeho z\u00e1kazn\u00edka\"},{\"@type\":\"BreadcrumbList\",\"@id\":\"https:\\\/\\\/www.airtimecritical.com\\\/sk\\\/colne-odbavenie-urgentnych-zasielok#breadcrumb\",\"itemListElement\":[{\"@type\":\"ListItem\",\"position\":1,\"name\":\"Home\",\"item\":\"https:\\\/\\\/www.airtimecritical.com\\\/sk\"},{\"@type\":\"ListItem\",\"position\":2,\"name\":\"Next Flight Out: coln\u00e9 odbavenie vo Frankfurte pre franc\u00fazskeho z\u00e1kazn\u00edka\"}]},{\"@type\":\"WebSite\",\"@id\":\"https:\\\/\\\/www.airtimecritical.com\\\/sk#website\",\"url\":\"https:\\\/\\\/www.airtimecritical.com\\\/sk\",\"name\":\"Air Time Critical - ATC\",\"description\":\"Air Time Critical\u00ae offers priority air freight solutions to the industry in Europe, the Americas, and Asia | Door to door transport\",\"publisher\":{\"@id\":\"https:\\\/\\\/www.airtimecritical.com\\\/sk#organization\"},\"potentialAction\":[{\"@type\":\"SearchAction\",\"target\":{\"@type\":\"EntryPoint\",\"urlTemplate\":\"https:\\\/\\\/www.airtimecritical.com\\\/sk?s={search_term_string}\"},\"query-input\":{\"@type\":\"PropertyValueSpecification\",\"valueRequired\":true,\"valueName\":\"search_term_string\"}}],\"inLanguage\":\"sk-SK\"},{\"@type\":\"Organization\",\"@id\":\"https:\\\/\\\/www.airtimecritical.com\\\/sk#organization\",\"name\":\"Airt Time Critical - ATC\",\"url\":\"https:\\\/\\\/www.airtimecritical.com\\\/sk\",\"logo\":{\"@type\":\"ImageObject\",\"inLanguage\":\"sk-SK\",\"@id\":\"https:\\\/\\\/www.airtimecritical.com\\\/sk#\\\/schema\\\/logo\\\/image\\\/\",\"url\":\"https:\\\/\\\/www.airtimecritical.com\\\/wp-content\\\/uploads\\\/2019\\\/10\\\/Logo_airtimecritical.png\",\"contentUrl\":\"https:\\\/\\\/www.airtimecritical.com\\\/wp-content\\\/uploads\\\/2019\\\/10\\\/Logo_airtimecritical.png\",\"width\":246,\"height\":141,\"caption\":\"Airt Time Critical - ATC\"},\"image\":{\"@id\":\"https:\\\/\\\/www.airtimecritical.com\\\/sk#\\\/schema\\\/logo\\\/image\\\/\"},\"sameAs\":[\"https:\\\/\\\/www.facebook.com\\\/AirTimeCritical.Atc.airfreight\",\"https:\\\/\\\/x.com\\\/AirTimeCritical\",\"https:\\\/\\\/www.instagram.com\\\/airtimecritical\\\/\",\"https:\\\/\\\/www.linkedin.com\\\/company\\\/air-time-critical-\\\/\",\"https:\\\/\\\/www.youtube.com\\\/c\\\/Airtimecritical-envois-urgents-international\\\/\"]},{\"@type\":\"Person\",\"@id\":\"https:\\\/\\\/www.airtimecritical.com\\\/sk#\\\/schema\\\/person\\\/22eeefeab161c4125b4632ddb66eaf9b\",\"name\":\"ATC\",\"url\":\"https:\\\/\\\/www.airtimecritical.com\\\/sk\\\/author\\\/atc\"}]}<\/script>\n<!-- \/ Yoast SEO Premium plugin. -->","yoast_head_json":{"title":"Next Flight Out: coln\u00e9 odbavenie vo Frankfurte pre franc\u00fazskeho z\u00e1kazn\u00edka - Air Time Critical\u00ae - ATC\u00ae","description":"Air Time Critical\u00ae zaistilo preclenie urgentnej z\u00e1sielky vo Frankfurte pre franc\u00fazskeho z\u00e1kazn\u00edka a u\u0161etrilo mu tak drahocenn\u00fd \u010das.","robots":{"index":"index","follow":"follow","max-snippet":"max-snippet:-1","max-image-preview":"max-image-preview:large","max-video-preview":"max-video-preview:-1"},"canonical":"https:\/\/www.airtimecritical.com\/sk\/colne-odbavenie-urgentnych-zasielok","og_locale":"sk_SK","og_type":"article","og_title":"Next Flight Out: coln\u00e9 odbavenie vo Frankfurte pre franc\u00fazskeho z\u00e1kazn\u00edka","og_description":"Air Time Critical\u00ae zaistilo preclenie urgentnej z\u00e1sielky vo Frankfurte pre franc\u00fazskeho z\u00e1kazn\u00edka a u\u0161etrilo mu tak drahocenn\u00fd \u010das.","og_url":"https:\/\/www.airtimecritical.com\/sk\/colne-odbavenie-urgentnych-zasielok","og_site_name":"Air Time Critical\u00ae - ATC\u00ae","article_publisher":"https:\/\/www.facebook.com\/AirTimeCritical.Atc.airfreight","article_published_time":"2022-09-13T10:30:08+00:00","article_modified_time":"2023-02-08T13:11:02+00:00","og_image":[{"width":923,"height":519,"url":"https:\/\/www.airtimecritical.com\/wp-content\/uploads\/2022\/09\/Next-Flight-Out-colne-odbavenie-vo-Frankfurte-pre-francuzskeho-zakaznika.jpg","type":"image\/jpeg"}],"author":"ATC","twitter_card":"summary_large_image","twitter_creator":"@AirTimeCritical","twitter_site":"@AirTimeCritical","twitter_misc":{"Autor":"ATC","Predpokladan\u00fd \u010das \u010d\u00edtania":"3 min\u00faty"},"schema":{"@context":"https:\/\/schema.org","@graph":[{"@type":"Article","@id":"https:\/\/www.airtimecritical.com\/sk\/colne-odbavenie-urgentnych-zasielok#article","isPartOf":{"@id":"https:\/\/www.airtimecritical.com\/sk\/colne-odbavenie-urgentnych-zasielok"},"author":{"name":"ATC","@id":"https:\/\/www.airtimecritical.com\/sk#\/schema\/person\/22eeefeab161c4125b4632ddb66eaf9b"},"headline":"Next Flight Out: coln\u00e9 odbavenie vo Frankfurte pre franc\u00fazskeho z\u00e1kazn\u00edka","datePublished":"2022-09-13T10:30:08+00:00","dateModified":"2023-02-08T13:11:02+00:00","mainEntityOfPage":{"@id":"https:\/\/www.airtimecritical.com\/sk\/colne-odbavenie-urgentnych-zasielok"},"wordCount":696,"publisher":{"@id":"https:\/\/www.airtimecritical.com\/sk#organization"},"image":{"@id":"https:\/\/www.airtimecritical.com\/sk\/colne-odbavenie-urgentnych-zasielok#primaryimage"},"thumbnailUrl":"https:\/\/www.airtimecritical.com\/wp-content\/uploads\/2022\/09\/Next-Flight-Out-colne-odbavenie-vo-Frankfurte-pre-francuzskeho-zakaznika.jpg","keywords":["Naliehav\u00e1 leteck\u00e1 doprava"],"articleSection":["Pr\u00edklady dopravy"],"inLanguage":"sk-SK"},{"@type":"WebPage","@id":"https:\/\/www.airtimecritical.com\/sk\/colne-odbavenie-urgentnych-zasielok","url":"https:\/\/www.airtimecritical.com\/sk\/colne-odbavenie-urgentnych-zasielok","name":"Next Flight Out: coln\u00e9 odbavenie vo Frankfurte pre franc\u00fazskeho z\u00e1kazn\u00edka - Air Time Critical\u00ae - ATC\u00ae","isPartOf":{"@id":"https:\/\/www.airtimecritical.com\/sk#website"},"primaryImageOfPage":{"@id":"https:\/\/www.airtimecritical.com\/sk\/colne-odbavenie-urgentnych-zasielok#primaryimage"},"image":{"@id":"https:\/\/www.airtimecritical.com\/sk\/colne-odbavenie-urgentnych-zasielok#primaryimage"},"thumbnailUrl":"https:\/\/www.airtimecritical.com\/wp-content\/uploads\/2022\/09\/Next-Flight-Out-colne-odbavenie-vo-Frankfurte-pre-francuzskeho-zakaznika.jpg","datePublished":"2022-09-13T10:30:08+00:00","dateModified":"2023-02-08T13:11:02+00:00","description":"Air Time Critical\u00ae zaistilo preclenie urgentnej z\u00e1sielky vo Frankfurte pre franc\u00fazskeho z\u00e1kazn\u00edka a u\u0161etrilo mu tak drahocenn\u00fd \u010das.","breadcrumb":{"@id":"https:\/\/www.airtimecritical.com\/sk\/colne-odbavenie-urgentnych-zasielok#breadcrumb"},"inLanguage":"sk-SK","potentialAction":[{"@type":"ReadAction","target":["https:\/\/www.airtimecritical.com\/sk\/colne-odbavenie-urgentnych-zasielok"]}]},{"@type":"ImageObject","inLanguage":"sk-SK","@id":"https:\/\/www.airtimecritical.com\/sk\/colne-odbavenie-urgentnych-zasielok#primaryimage","url":"https:\/\/www.airtimecritical.com\/wp-content\/uploads\/2022\/09\/Next-Flight-Out-colne-odbavenie-vo-Frankfurte-pre-francuzskeho-zakaznika.jpg","contentUrl":"https:\/\/www.airtimecritical.com\/wp-content\/uploads\/2022\/09\/Next-Flight-Out-colne-odbavenie-vo-Frankfurte-pre-francuzskeho-zakaznika.jpg","width":923,"height":519,"caption":"Next Flight Out: coln\u00e9 odbavenie vo Frankfurte pre franc\u00fazskeho z\u00e1kazn\u00edka"},{"@type":"BreadcrumbList","@id":"https:\/\/www.airtimecritical.com\/sk\/colne-odbavenie-urgentnych-zasielok#breadcrumb","itemListElement":[{"@type":"ListItem","position":1,"name":"Home","item":"https:\/\/www.airtimecritical.com\/sk"},{"@type":"ListItem","position":2,"name":"Next Flight Out: coln\u00e9 odbavenie vo Frankfurte pre franc\u00fazskeho z\u00e1kazn\u00edka"}]},{"@type":"WebSite","@id":"https:\/\/www.airtimecritical.com\/sk#website","url":"https:\/\/www.airtimecritical.com\/sk","name":"Air Time Critical - ATC","description":"Air Time Critical\u00ae offers priority air freight solutions to the industry in Europe, the Americas, and Asia | Door to door transport","publisher":{"@id":"https:\/\/www.airtimecritical.com\/sk#organization"},"potentialAction":[{"@type":"SearchAction","target":{"@type":"EntryPoint","urlTemplate":"https:\/\/www.airtimecritical.com\/sk?s={search_term_string}"},"query-input":{"@type":"PropertyValueSpecification","valueRequired":true,"valueName":"search_term_string"}}],"inLanguage":"sk-SK"},{"@type":"Organization","@id":"https:\/\/www.airtimecritical.com\/sk#organization","name":"Airt Time Critical - ATC","url":"https:\/\/www.airtimecritical.com\/sk","logo":{"@type":"ImageObject","inLanguage":"sk-SK","@id":"https:\/\/www.airtimecritical.com\/sk#\/schema\/logo\/image\/","url":"https:\/\/www.airtimecritical.com\/wp-content\/uploads\/2019\/10\/Logo_airtimecritical.png","contentUrl":"https:\/\/www.airtimecritical.com\/wp-content\/uploads\/2019\/10\/Logo_airtimecritical.png","width":246,"height":141,"caption":"Airt Time Critical - ATC"},"image":{"@id":"https:\/\/www.airtimecritical.com\/sk#\/schema\/logo\/image\/"},"sameAs":["https:\/\/www.facebook.com\/AirTimeCritical.Atc.airfreight","https:\/\/x.com\/AirTimeCritical","https:\/\/www.instagram.com\/airtimecritical\/","https:\/\/www.linkedin.com\/company\/air-time-critical-\/","https:\/\/www.youtube.com\/c\/Airtimecritical-envois-urgents-international\/"]},{"@type":"Person","@id":"https:\/\/www.airtimecritical.com\/sk#\/schema\/person\/22eeefeab161c4125b4632ddb66eaf9b","name":"ATC","url":"https:\/\/www.airtimecritical.com\/sk\/author\/atc"}]}},"_links":{"self":[{"href":"https:\/\/www.airtimecritical.com\/sk\/wp-json\/wp\/v2\/posts\/9952","targetHints":{"allow":["GET"]}}],"collection":[{"href":"https:\/\/www.airtimecritical.com\/sk\/wp-json\/wp\/v2\/posts"}],"about":[{"href":"https:\/\/www.airtimecritical.com\/sk\/wp-json\/wp\/v2\/types\/post"}],"author":[{"embeddable":true,"href":"https:\/\/www.airtimecritical.com\/sk\/wp-json\/wp\/v2\/users\/2"}],"replies":[{"embeddable":true,"href":"https:\/\/www.airtimecritical.com\/sk\/wp-json\/wp\/v2\/comments?post=9952"}],"version-history":[{"count":3,"href":"https:\/\/www.airtimecritical.com\/sk\/wp-json\/wp\/v2\/posts\/9952\/revisions"}],"predecessor-version":[{"id":9995,"href":"https:\/\/www.airtimecritical.com\/sk\/wp-json\/wp\/v2\/posts\/9952\/revisions\/9995"}],"wp:featuredmedia":[{"embeddable":true,"href":"https:\/\/www.airtimecritical.com\/sk\/wp-json\/wp\/v2\/media\/9953"}],"wp:attachment":[{"href":"https:\/\/www.airtimecritical.com\/sk\/wp-json\/wp\/v2\/media?parent=9952"}],"wp:term":[{"taxonomy":"category","embeddable":true,"href":"https:\/\/www.airtimecritical.com\/sk\/wp-json\/wp\/v2\/categories?post=9952"},{"taxonomy":"post_tag","embeddable":true,"href":"https:\/\/www.airtimecritical.com\/sk\/wp-json\/wp\/v2\/tags?post=9952"}],"curies":[{"name":"wp","href":"https:\/\/api.w.org\/{rel}","templated":true}]}}