{"id":9301,"date":"2022-10-14T08:48:53","date_gmt":"2022-10-14T07:48:53","guid":{"rendered":"https:\/\/www.airtimecritical.com\/cee-automotive-supply-chain"},"modified":"2022-10-27T09:46:59","modified_gmt":"2022-10-27T08:46:59","slug":"cee-automotive-supply-chain","status":"publish","type":"post","link":"https:\/\/www.airtimecritical.com\/sk\/cee-automotive-supply-chain","title":{"rendered":"Z\u00fa\u010dastnili sme sa CEE Automotive Supply Chain 2022"},"content":{"rendered":"<p style=\"text-align: justify;\">U\u017e piaty ro\u010dn\u00edk medzin\u00e1rodnej konferencie <a href=\"https:\/\/www.ceeautomotive.eu\/\" target=\"_blank\" rel=\"nofollow noopener noreferrer\">CEE Automotive Supply Chain<\/a> sa tento rok uskuto\u010dnil v \u017diline od 11.10. do 12.10. 2022. Z\u00e1stupcovia <a href=\"https:\/\/www.airtimecritical.com\/sk\/o-nas\" target=\"_blank\" rel=\"noopener\">Air Time Critical\u00ae<\/a> boli op\u00e4\u0165 pri tom.<\/p>\n<p style=\"text-align: justify;\">Priestory hotela Holiday Inn priv\u00edtali viac ako 300 \u00fa\u010dastn\u00edkov zo 16 kraj\u00edn sveta. Hlavnou t\u00e9mou prv\u00e9ho predn\u00e1\u0161kov\u00e9ho d\u0148a bola tento rok \u201eBud\u00facnos\u0165 dod\u00e1vate\u013esk\u00e9ho re\u0165azca v strednej a v\u00fdchodnej Eur\u00f3pe\u201c. Ve\u010der bol na programe neform\u00e1lny networking. Druh\u00fd de\u0148 bol tradi\u010dne venovan\u00fd B2B meetingom, ktor\u00e9 sa vopred dohov\u00e1raj\u00fa na platforme b2match. Hlavn\u00fdmi organiz\u00e1tormi s\u00fa Zv\u00e4z automobilov\u00e9ho priemyslu Slovenskej republiky a Zdru\u017eenie automobilov\u00e9ho priemyslu (AutoSAP).<\/p>\n<p style=\"text-align: justify;\">Spolo\u010dn\u00fdmi t\u00e9mami predn\u00e1\u0161ok a diskusi\u00ed boli aktu\u00e1lne vysok\u00e9 ceny za energie, <a href=\"https:\/\/www.airtimecritical.com\/sk\/polovodica-kriza-dodavatelskych-retazcov\" target=\"_blank\" rel=\"noopener\">nedostatok polovodi\u010dov<\/a>, a najm\u00e4 ekol\u00f3gia a udr\u017eate\u013enos\u0165, ktor\u00e9 s\u00fa \u00fazko spojen\u00e9 s n\u00e1stupom elektromobilov. Pl\u00e1ny automobilov\u00fdch v\u00fdrobcov s\u00fa \u010dasto e\u0161te striktnej\u0161ie ako nariadenia Eur\u00f3pskej \u00fanie.<\/p>\n<p style=\"text-align: justify;\">Hyundai ani Volvo u\u017e v\u00f4bec nepo\u010d\u00edtaj\u00fa s naftov\u00fdmi motormi. Nov\u00e1 v\u00fdroba Volva v Ko\u0161iciach (prv\u00fd automobil sa \u010dak\u00e1 v roku 2026) bude zameran\u00e1 \u010disto na elektromobily. D\u00f4raz sa bude kl\u00e1s\u0165 na vyu\u017e\u00edvanie lok\u00e1lnych dod\u00e1vate\u013eov a celkov\u00fa energetick\u00fa \u00faspornos\u0165 v priebehu cel\u00e9ho v\u00fdrobn\u00e9ho procesu. Aj samotn\u00ed dod\u00e1vatelia sa tak bud\u00fa musie\u0165 zamera\u0165 na t\u00e9mu udr\u017eate\u013enos\u0165 a prisp\u00f4sobi\u0165 tomu ich procesy.<\/p>\n<p style=\"text-align: justify;\">Rovnako tak Hyundai smeruje k plnej elektrifik\u00e1cii ich modelov\u00e9 rady. V USA to bude pod zna\u010dkou Genesis do roku 2030, v Eur\u00f3pe do roku 2035 a na ostatn\u00fdch ve\u013ek\u00fdch trhoch do roku 2040. Hlavn\u00fdm cie\u013eom je dosiahnutie uhl\u00edkovej neutrality v roku 2045. Volvo to chce dosiahnu\u0165 e\u0161te o p\u00e4\u0165 rokov sk\u00f4r.<\/p>\n<p style=\"text-align: justify;\">V\u0161etci diskutuj\u00faci sa zhodli na tom, \u017ee t\u00e9ma \u017eivotn\u00e9ho prostredia je d\u00f4le\u017eit\u00e1. Podporuj\u00fa snahy o jeho zlep\u0161enie a prijali \u00falohu Eur\u00f3py ako l\u00eddra tejto zmeny. Z ekonomick\u00e9ho h\u013eadiska je v\u0161ak tento trend pre eur\u00f3psky automobilov\u00fd priemysel neudr\u017eate\u013en\u00fd, pokia\u013e nebude nasledovan\u00fd aj zvy\u0161kom sveta.<\/p>\n<p style=\"text-align: justify;\">Z poh\u013eadu Air Time Critical\u00ae sa jednalo podaren\u00fa udalos\u0165. Z\u00edskali sme mnoho zauj\u00edmav\u00fdch kontaktov a zd\u00f4raznili na\u0161u lok\u00e1lnu p\u00f4sobnos\u0165 na slovenskom a \u010deskom trhu. Mali sme mo\u017enos\u0165 sa osobne stretn\u00fa\u0165 aj so z\u00e1stupcami spolo\u010dnost\u00ed Toyota, Kia, \u0160koda \u010di Forvia, s ktor\u00fdmi prebehli vopred dohodnut\u00e9 stretnutia.<\/p>\n<p style=\"text-align: justify;\">Bud\u00faci ro\u010dn\u00edk by sa mal kona\u0165 v roku 2023 v Olomouci a Air Time Critical\u00ae pri tom ur\u010dite nebude ch\u00fdba\u0165. Dovtedy n\u00e1s v\u0161ak nev\u00e1hajte kedyko\u013evek kontaktova\u0165. Radi aj v\u00e1m predstav\u00edme na\u0161e door-door urgentn\u00e9 leteck\u00e9 prepravy zo Slovenska a \u010ceskej republiky a pon\u00fakneme konkr\u00e9tne rie\u0161enie na mieru pre va\u0161e potreby:<\/p>\n<ul style=\"text-align: justify;\">\n<li><a href=\"https:\/\/www.airtimecritical.com\/sk\/air-charter\" target=\"_blank\" rel=\"noopener\">Air Charter<\/a><\/li>\n<li><a href=\"https:\/\/www.airtimecritical.com\/sk\/next-flight-out\" target=\"_blank\" rel=\"noopener\">Next Flight Out<\/a><\/li>\n<li><a href=\"https:\/\/www.airtimecritical.com\/sk\/on-board-courier\" target=\"_blank\" rel=\"noopener\">On Board Courier<\/a><\/li>\n<\/ul>\n<p style=\"text-align: justify;\">Kontaktujte spolo\u010dnos\u0165 Air Time Critical\u00ae prostredn\u00edctvom:<\/p>\n<ul>\n<li style=\"text-align: justify;\"><a href=\"https:\/\/www.airtimecritical.com\/sk\/dopyt\" target=\"_blank\" rel=\"noopener\">dopytov\u00e9ho formul\u00e1ra<\/a><\/li>\n<li style=\"text-align: justify;\">telefonicky: +420 214 214 811 (SK\/CZ) alebo +32 2 888 84 16 (EN\/FR)<\/li>\n<\/ul>\n","protected":false},"excerpt":{"rendered":"<p>V d\u0148och 11. a 12. okt\u00f3bra 2022 sa kon\u00e1 CEE Automotive Supply Chain. Pr\u00edle\u017eitos\u0165 pre Air Time Critical\u00ae z\u00fa\u010dastni\u0165 sa deb\u00e1t t\u00fdkaj\u00facich sa ekol\u00f3gie, udr\u017eate\u013enosti, polovodi\u010dovej kr\u00edzy alebo dokonca ceny energie, ktor\u00e1 v\u00fdrazne st\u00fapa.<\/p>\n","protected":false},"author":2,"featured_media":9307,"comment_status":"closed","ping_status":"closed","sticky":false,"template":"","format":"standard","meta":{"footnotes":""},"categories":[967],"tags":[],"class_list":["post-9301","post","type-post","status-publish","format-standard","has-post-thumbnail","hentry","category-letecka-preprava-novinky"],"yoast_head":"<!-- This site is optimized with the Yoast SEO Premium plugin v27.3 (Yoast SEO v27.5) - https:\/\/yoast.com\/product\/yoast-seo-premium-wordpress\/ -->\n<title>Z\u00fa\u010dastnili sme sa CEE Automotive Supply Chain 2022 - Air Time Critical\u00ae - ATC\u00ae<\/title>\n<meta name=\"description\" content=\"CEE Automotive Supply Chain 2022: ATC\u00ae bolo pr\u00edtomn\u00e9, aby diskutovalo o vysok\u00fdch cen\u00e1ch energi\u00ed, nedostatku polovodi\u010dov a tie\u017e ekol\u00f3gii\" \/>\n<meta name=\"robots\" content=\"index, follow, max-snippet:-1, max-image-preview:large, max-video-preview:-1\" \/>\n<link rel=\"canonical\" href=\"https:\/\/www.airtimecritical.com\/sk\/cee-automotive-supply-chain\" \/>\n<meta property=\"og:locale\" content=\"sk_SK\" \/>\n<meta property=\"og:type\" content=\"article\" \/>\n<meta property=\"og:title\" content=\"Z\u00fa\u010dastnili sme sa CEE Automotive Supply Chain 2022\" \/>\n<meta property=\"og:description\" content=\"CEE Automotive Supply Chain 2022: ATC\u00ae bolo pr\u00edtomn\u00e9, aby diskutovalo o vysok\u00fdch cen\u00e1ch energi\u00ed, nedostatku polovodi\u010dov a tie\u017e ekol\u00f3gii\" \/>\n<meta property=\"og:url\" content=\"https:\/\/www.airtimecritical.com\/sk\/cee-automotive-supply-chain\" \/>\n<meta property=\"og:site_name\" content=\"Air Time Critical\u00ae - ATC\u00ae\" \/>\n<meta property=\"article:publisher\" content=\"https:\/\/www.facebook.com\/AirTimeCritical.Atc.airfreight\" \/>\n<meta property=\"article:published_time\" content=\"2022-10-14T07:48:53+00:00\" \/>\n<meta property=\"article:modified_time\" content=\"2022-10-27T08:46:59+00:00\" \/>\n<meta property=\"og:image\" content=\"https:\/\/www.airtimecritical.com\/wp-content\/uploads\/2022\/10\/CEE2022-1.jpg\" \/>\n\t<meta property=\"og:image:width\" content=\"823\" \/>\n\t<meta property=\"og:image:height\" content=\"378\" \/>\n\t<meta property=\"og:image:type\" content=\"image\/jpeg\" \/>\n<meta name=\"author\" content=\"ATC\" \/>\n<meta name=\"twitter:card\" content=\"summary_large_image\" \/>\n<meta name=\"twitter:creator\" content=\"@AirTimeCritical\" \/>\n<meta name=\"twitter:site\" content=\"@AirTimeCritical\" \/>\n<meta name=\"twitter:label1\" content=\"Autor\" \/>\n\t<meta name=\"twitter:data1\" content=\"ATC\" \/>\n\t<meta name=\"twitter:label2\" content=\"Predpokladan\u00fd \u010das \u010d\u00edtania\" \/>\n\t<meta name=\"twitter:data2\" content=\"2 min\u00faty\" \/>\n<script type=\"application\/ld+json\" class=\"yoast-schema-graph\">{\"@context\":\"https:\\\/\\\/schema.org\",\"@graph\":[{\"@type\":\"Article\",\"@id\":\"https:\\\/\\\/www.airtimecritical.com\\\/sk\\\/cee-automotive-supply-chain#article\",\"isPartOf\":{\"@id\":\"https:\\\/\\\/www.airtimecritical.com\\\/sk\\\/cee-automotive-supply-chain\"},\"author\":{\"name\":\"ATC\",\"@id\":\"https:\\\/\\\/www.airtimecritical.com\\\/sk#\\\/schema\\\/person\\\/22eeefeab161c4125b4632ddb66eaf9b\"},\"headline\":\"Z\u00fa\u010dastnili sme sa CEE Automotive Supply Chain 2022\",\"datePublished\":\"2022-10-14T07:48:53+00:00\",\"dateModified\":\"2022-10-27T08:46:59+00:00\",\"mainEntityOfPage\":{\"@id\":\"https:\\\/\\\/www.airtimecritical.com\\\/sk\\\/cee-automotive-supply-chain\"},\"wordCount\":518,\"publisher\":{\"@id\":\"https:\\\/\\\/www.airtimecritical.com\\\/sk#organization\"},\"image\":{\"@id\":\"https:\\\/\\\/www.airtimecritical.com\\\/sk\\\/cee-automotive-supply-chain#primaryimage\"},\"thumbnailUrl\":\"https:\\\/\\\/www.airtimecritical.com\\\/wp-content\\\/uploads\\\/2022\\\/10\\\/CEE2022-1.jpg\",\"articleSection\":[\"Spr\u00e1vy o leteckej n\u00e1kladnej doprave\"],\"inLanguage\":\"sk-SK\"},{\"@type\":\"WebPage\",\"@id\":\"https:\\\/\\\/www.airtimecritical.com\\\/sk\\\/cee-automotive-supply-chain\",\"url\":\"https:\\\/\\\/www.airtimecritical.com\\\/sk\\\/cee-automotive-supply-chain\",\"name\":\"Z\u00fa\u010dastnili sme sa CEE Automotive Supply Chain 2022 - Air Time Critical\u00ae - ATC\u00ae\",\"isPartOf\":{\"@id\":\"https:\\\/\\\/www.airtimecritical.com\\\/sk#website\"},\"primaryImageOfPage\":{\"@id\":\"https:\\\/\\\/www.airtimecritical.com\\\/sk\\\/cee-automotive-supply-chain#primaryimage\"},\"image\":{\"@id\":\"https:\\\/\\\/www.airtimecritical.com\\\/sk\\\/cee-automotive-supply-chain#primaryimage\"},\"thumbnailUrl\":\"https:\\\/\\\/www.airtimecritical.com\\\/wp-content\\\/uploads\\\/2022\\\/10\\\/CEE2022-1.jpg\",\"datePublished\":\"2022-10-14T07:48:53+00:00\",\"dateModified\":\"2022-10-27T08:46:59+00:00\",\"description\":\"CEE Automotive Supply Chain 2022: ATC\u00ae bolo pr\u00edtomn\u00e9, aby diskutovalo o vysok\u00fdch cen\u00e1ch energi\u00ed, nedostatku polovodi\u010dov a tie\u017e ekol\u00f3gii\",\"breadcrumb\":{\"@id\":\"https:\\\/\\\/www.airtimecritical.com\\\/sk\\\/cee-automotive-supply-chain#breadcrumb\"},\"inLanguage\":\"sk-SK\",\"potentialAction\":[{\"@type\":\"ReadAction\",\"target\":[\"https:\\\/\\\/www.airtimecritical.com\\\/sk\\\/cee-automotive-supply-chain\"]}]},{\"@type\":\"ImageObject\",\"inLanguage\":\"sk-SK\",\"@id\":\"https:\\\/\\\/www.airtimecritical.com\\\/sk\\\/cee-automotive-supply-chain#primaryimage\",\"url\":\"https:\\\/\\\/www.airtimecritical.com\\\/wp-content\\\/uploads\\\/2022\\\/10\\\/CEE2022-1.jpg\",\"contentUrl\":\"https:\\\/\\\/www.airtimecritical.com\\\/wp-content\\\/uploads\\\/2022\\\/10\\\/CEE2022-1.jpg\",\"width\":823,\"height\":378,\"caption\":\"CEE 2022\"},{\"@type\":\"BreadcrumbList\",\"@id\":\"https:\\\/\\\/www.airtimecritical.com\\\/sk\\\/cee-automotive-supply-chain#breadcrumb\",\"itemListElement\":[{\"@type\":\"ListItem\",\"position\":1,\"name\":\"Home\",\"item\":\"https:\\\/\\\/www.airtimecritical.com\\\/sk\"},{\"@type\":\"ListItem\",\"position\":2,\"name\":\"Z\u00fa\u010dastnili sme sa CEE Automotive Supply Chain 2022\"}]},{\"@type\":\"WebSite\",\"@id\":\"https:\\\/\\\/www.airtimecritical.com\\\/sk#website\",\"url\":\"https:\\\/\\\/www.airtimecritical.com\\\/sk\",\"name\":\"Air Time Critical - ATC\",\"description\":\"Air Time Critical\u00ae offers priority air freight solutions to the industry in Europe, the Americas, and Asia | Door to door transport\",\"publisher\":{\"@id\":\"https:\\\/\\\/www.airtimecritical.com\\\/sk#organization\"},\"potentialAction\":[{\"@type\":\"SearchAction\",\"target\":{\"@type\":\"EntryPoint\",\"urlTemplate\":\"https:\\\/\\\/www.airtimecritical.com\\\/sk?s={search_term_string}\"},\"query-input\":{\"@type\":\"PropertyValueSpecification\",\"valueRequired\":true,\"valueName\":\"search_term_string\"}}],\"inLanguage\":\"sk-SK\"},{\"@type\":\"Organization\",\"@id\":\"https:\\\/\\\/www.airtimecritical.com\\\/sk#organization\",\"name\":\"Airt Time Critical - ATC\",\"url\":\"https:\\\/\\\/www.airtimecritical.com\\\/sk\",\"logo\":{\"@type\":\"ImageObject\",\"inLanguage\":\"sk-SK\",\"@id\":\"https:\\\/\\\/www.airtimecritical.com\\\/sk#\\\/schema\\\/logo\\\/image\\\/\",\"url\":\"https:\\\/\\\/www.airtimecritical.com\\\/wp-content\\\/uploads\\\/2019\\\/10\\\/Logo_airtimecritical.png\",\"contentUrl\":\"https:\\\/\\\/www.airtimecritical.com\\\/wp-content\\\/uploads\\\/2019\\\/10\\\/Logo_airtimecritical.png\",\"width\":246,\"height\":141,\"caption\":\"Airt Time Critical - ATC\"},\"image\":{\"@id\":\"https:\\\/\\\/www.airtimecritical.com\\\/sk#\\\/schema\\\/logo\\\/image\\\/\"},\"sameAs\":[\"https:\\\/\\\/www.facebook.com\\\/AirTimeCritical.Atc.airfreight\",\"https:\\\/\\\/x.com\\\/AirTimeCritical\",\"https:\\\/\\\/www.instagram.com\\\/airtimecritical\\\/\",\"https:\\\/\\\/www.linkedin.com\\\/company\\\/air-time-critical-\\\/\",\"https:\\\/\\\/www.youtube.com\\\/c\\\/Airtimecritical-envois-urgents-international\\\/\"]},{\"@type\":\"Person\",\"@id\":\"https:\\\/\\\/www.airtimecritical.com\\\/sk#\\\/schema\\\/person\\\/22eeefeab161c4125b4632ddb66eaf9b\",\"name\":\"ATC\",\"url\":\"https:\\\/\\\/www.airtimecritical.com\\\/sk\\\/author\\\/atc\"}]}<\/script>\n<!-- \/ Yoast SEO Premium plugin. -->","yoast_head_json":{"title":"Z\u00fa\u010dastnili sme sa CEE Automotive Supply Chain 2022 - Air Time Critical\u00ae - ATC\u00ae","description":"CEE Automotive Supply Chain 2022: ATC\u00ae bolo pr\u00edtomn\u00e9, aby diskutovalo o vysok\u00fdch cen\u00e1ch energi\u00ed, nedostatku polovodi\u010dov a tie\u017e ekol\u00f3gii","robots":{"index":"index","follow":"follow","max-snippet":"max-snippet:-1","max-image-preview":"max-image-preview:large","max-video-preview":"max-video-preview:-1"},"canonical":"https:\/\/www.airtimecritical.com\/sk\/cee-automotive-supply-chain","og_locale":"sk_SK","og_type":"article","og_title":"Z\u00fa\u010dastnili sme sa CEE Automotive Supply Chain 2022","og_description":"CEE Automotive Supply Chain 2022: ATC\u00ae bolo pr\u00edtomn\u00e9, aby diskutovalo o vysok\u00fdch cen\u00e1ch energi\u00ed, nedostatku polovodi\u010dov a tie\u017e ekol\u00f3gii","og_url":"https:\/\/www.airtimecritical.com\/sk\/cee-automotive-supply-chain","og_site_name":"Air Time Critical\u00ae - ATC\u00ae","article_publisher":"https:\/\/www.facebook.com\/AirTimeCritical.Atc.airfreight","article_published_time":"2022-10-14T07:48:53+00:00","article_modified_time":"2022-10-27T08:46:59+00:00","og_image":[{"width":823,"height":378,"url":"https:\/\/www.airtimecritical.com\/wp-content\/uploads\/2022\/10\/CEE2022-1.jpg","type":"image\/jpeg"}],"author":"ATC","twitter_card":"summary_large_image","twitter_creator":"@AirTimeCritical","twitter_site":"@AirTimeCritical","twitter_misc":{"Autor":"ATC","Predpokladan\u00fd \u010das \u010d\u00edtania":"2 min\u00faty"},"schema":{"@context":"https:\/\/schema.org","@graph":[{"@type":"Article","@id":"https:\/\/www.airtimecritical.com\/sk\/cee-automotive-supply-chain#article","isPartOf":{"@id":"https:\/\/www.airtimecritical.com\/sk\/cee-automotive-supply-chain"},"author":{"name":"ATC","@id":"https:\/\/www.airtimecritical.com\/sk#\/schema\/person\/22eeefeab161c4125b4632ddb66eaf9b"},"headline":"Z\u00fa\u010dastnili sme sa CEE Automotive Supply Chain 2022","datePublished":"2022-10-14T07:48:53+00:00","dateModified":"2022-10-27T08:46:59+00:00","mainEntityOfPage":{"@id":"https:\/\/www.airtimecritical.com\/sk\/cee-automotive-supply-chain"},"wordCount":518,"publisher":{"@id":"https:\/\/www.airtimecritical.com\/sk#organization"},"image":{"@id":"https:\/\/www.airtimecritical.com\/sk\/cee-automotive-supply-chain#primaryimage"},"thumbnailUrl":"https:\/\/www.airtimecritical.com\/wp-content\/uploads\/2022\/10\/CEE2022-1.jpg","articleSection":["Spr\u00e1vy o leteckej n\u00e1kladnej doprave"],"inLanguage":"sk-SK"},{"@type":"WebPage","@id":"https:\/\/www.airtimecritical.com\/sk\/cee-automotive-supply-chain","url":"https:\/\/www.airtimecritical.com\/sk\/cee-automotive-supply-chain","name":"Z\u00fa\u010dastnili sme sa CEE Automotive Supply Chain 2022 - Air Time Critical\u00ae - ATC\u00ae","isPartOf":{"@id":"https:\/\/www.airtimecritical.com\/sk#website"},"primaryImageOfPage":{"@id":"https:\/\/www.airtimecritical.com\/sk\/cee-automotive-supply-chain#primaryimage"},"image":{"@id":"https:\/\/www.airtimecritical.com\/sk\/cee-automotive-supply-chain#primaryimage"},"thumbnailUrl":"https:\/\/www.airtimecritical.com\/wp-content\/uploads\/2022\/10\/CEE2022-1.jpg","datePublished":"2022-10-14T07:48:53+00:00","dateModified":"2022-10-27T08:46:59+00:00","description":"CEE Automotive Supply Chain 2022: ATC\u00ae bolo pr\u00edtomn\u00e9, aby diskutovalo o vysok\u00fdch cen\u00e1ch energi\u00ed, nedostatku polovodi\u010dov a tie\u017e ekol\u00f3gii","breadcrumb":{"@id":"https:\/\/www.airtimecritical.com\/sk\/cee-automotive-supply-chain#breadcrumb"},"inLanguage":"sk-SK","potentialAction":[{"@type":"ReadAction","target":["https:\/\/www.airtimecritical.com\/sk\/cee-automotive-supply-chain"]}]},{"@type":"ImageObject","inLanguage":"sk-SK","@id":"https:\/\/www.airtimecritical.com\/sk\/cee-automotive-supply-chain#primaryimage","url":"https:\/\/www.airtimecritical.com\/wp-content\/uploads\/2022\/10\/CEE2022-1.jpg","contentUrl":"https:\/\/www.airtimecritical.com\/wp-content\/uploads\/2022\/10\/CEE2022-1.jpg","width":823,"height":378,"caption":"CEE 2022"},{"@type":"BreadcrumbList","@id":"https:\/\/www.airtimecritical.com\/sk\/cee-automotive-supply-chain#breadcrumb","itemListElement":[{"@type":"ListItem","position":1,"name":"Home","item":"https:\/\/www.airtimecritical.com\/sk"},{"@type":"ListItem","position":2,"name":"Z\u00fa\u010dastnili sme sa CEE Automotive Supply Chain 2022"}]},{"@type":"WebSite","@id":"https:\/\/www.airtimecritical.com\/sk#website","url":"https:\/\/www.airtimecritical.com\/sk","name":"Air Time Critical - ATC","description":"Air Time Critical\u00ae offers priority air freight solutions to the industry in Europe, the Americas, and Asia | Door to door transport","publisher":{"@id":"https:\/\/www.airtimecritical.com\/sk#organization"},"potentialAction":[{"@type":"SearchAction","target":{"@type":"EntryPoint","urlTemplate":"https:\/\/www.airtimecritical.com\/sk?s={search_term_string}"},"query-input":{"@type":"PropertyValueSpecification","valueRequired":true,"valueName":"search_term_string"}}],"inLanguage":"sk-SK"},{"@type":"Organization","@id":"https:\/\/www.airtimecritical.com\/sk#organization","name":"Airt Time Critical - ATC","url":"https:\/\/www.airtimecritical.com\/sk","logo":{"@type":"ImageObject","inLanguage":"sk-SK","@id":"https:\/\/www.airtimecritical.com\/sk#\/schema\/logo\/image\/","url":"https:\/\/www.airtimecritical.com\/wp-content\/uploads\/2019\/10\/Logo_airtimecritical.png","contentUrl":"https:\/\/www.airtimecritical.com\/wp-content\/uploads\/2019\/10\/Logo_airtimecritical.png","width":246,"height":141,"caption":"Airt Time Critical - ATC"},"image":{"@id":"https:\/\/www.airtimecritical.com\/sk#\/schema\/logo\/image\/"},"sameAs":["https:\/\/www.facebook.com\/AirTimeCritical.Atc.airfreight","https:\/\/x.com\/AirTimeCritical","https:\/\/www.instagram.com\/airtimecritical\/","https:\/\/www.linkedin.com\/company\/air-time-critical-\/","https:\/\/www.youtube.com\/c\/Airtimecritical-envois-urgents-international\/"]},{"@type":"Person","@id":"https:\/\/www.airtimecritical.com\/sk#\/schema\/person\/22eeefeab161c4125b4632ddb66eaf9b","name":"ATC","url":"https:\/\/www.airtimecritical.com\/sk\/author\/atc"}]}},"_links":{"self":[{"href":"https:\/\/www.airtimecritical.com\/sk\/wp-json\/wp\/v2\/posts\/9301","targetHints":{"allow":["GET"]}}],"collection":[{"href":"https:\/\/www.airtimecritical.com\/sk\/wp-json\/wp\/v2\/posts"}],"about":[{"href":"https:\/\/www.airtimecritical.com\/sk\/wp-json\/wp\/v2\/types\/post"}],"author":[{"embeddable":true,"href":"https:\/\/www.airtimecritical.com\/sk\/wp-json\/wp\/v2\/users\/2"}],"replies":[{"embeddable":true,"href":"https:\/\/www.airtimecritical.com\/sk\/wp-json\/wp\/v2\/comments?post=9301"}],"version-history":[{"count":0,"href":"https:\/\/www.airtimecritical.com\/sk\/wp-json\/wp\/v2\/posts\/9301\/revisions"}],"wp:featuredmedia":[{"embeddable":true,"href":"https:\/\/www.airtimecritical.com\/sk\/wp-json\/wp\/v2\/media\/9307"}],"wp:attachment":[{"href":"https:\/\/www.airtimecritical.com\/sk\/wp-json\/wp\/v2\/media?parent=9301"}],"wp:term":[{"taxonomy":"category","embeddable":true,"href":"https:\/\/www.airtimecritical.com\/sk\/wp-json\/wp\/v2\/categories?post=9301"},{"taxonomy":"post_tag","embeddable":true,"href":"https:\/\/www.airtimecritical.com\/sk\/wp-json\/wp\/v2\/tags?post=9301"}],"curies":[{"name":"wp","href":"https:\/\/api.w.org\/{rel}","templated":true}]}}