{"id":11383,"date":"2023-05-22T15:51:40","date_gmt":"2023-05-22T14:51:40","guid":{"rendered":"https:\/\/www.airtimecritical.com\/?p=11383"},"modified":"2025-01-08T15:06:55","modified_gmt":"2025-01-08T14:06:55","slug":"fsok-sport-challenge-atc-slovensko","status":"publish","type":"post","link":"https:\/\/www.airtimecritical.com\/sk\/fsok-sport-challenge-atc-slovensko","title":{"rendered":"FSOK sport challenge 2023 &#8211; ATC\u00ae Slovensko z\u00edskalo strieborn\u00fa medailu!"},"content":{"rendered":"<p style=\"text-align: justify;\">Na v\u00fdro\u010dnom valnom zhroma\u017eden\u00ed Franc\u00fazsko-slovenskej obchodnej komory (FSOK), ktor\u00e9 sa konalo 22. m\u00e1ja 2023, bol vynikaj\u00faci v\u00fdkon <a href=\"https:\/\/www.airtimecritical.com\/sk\/kontaktujte-nas\" target=\"_blank\" rel=\"noopener\"><u>slovensk\u00e9ho t\u00edmu Air Time Critical\u00ae<\/u><\/a> ocenen\u00fd druh\u00fdm miestom na stup\u0148och v\u00ed\u0165azov v r\u00e1mci Slovenska\ud83e\udd48.<\/p>\n<p style=\"text-align: justify;\">Do medzin\u00e1rodnej s\u00fa\u0165a\u017ee franc\u00fazskej obchodnej komory (CCIFI) sa zapojilo celkom <strong>522 t\u00edmov z 20 r\u00f4znych kraj\u00edn<\/strong>. V\u0161etky t\u00edmy sa z\u00fa\u010dastnili radu \u0161portov\u00fdch discipl\u00edn na podporu charitat\u00edvnej organiz\u00e1cie <a href=\"https:\/\/www.facebook.com\/theseacleaners\/\" target=\"_blank\" rel=\"nofollow noopener noreferrer\"><u>Sea Cleaners<\/u><\/a> a jej boja proti zne\u010disteniu oce\u00e1nov plastmi.<\/p>\n<p style=\"text-align: justify;\">T\u00edm Air Time Critical\u00ae po cel\u00fd mesiac prekon\u00e1val s\u00e1m seba po\u010das ka\u017edodenn\u00fdch v\u00fdziev. Absolvoval individu\u00e1lne a t\u00edmov\u00e9 fyzick\u00e9 v\u00fdzvy, medzi ktor\u00e9 patril okrem in\u00e9ho beh, ch\u00f4dza, pe\u0161ia turistika a jazda na bicykli.<\/p>\n<p style=\"text-align: justify;\">Sme ve\u013emi v\u010fa\u010dn\u00ed <a href=\"https:\/\/www.fsok.sk\/sk.html\" target=\"_blank\" rel=\"noopener\"><u>Franc\u00fazsko-slovenskej obchodnej komore (FSOK)<\/u><\/a> za podaren\u00fa organiz\u00e1ciu tejto v\u00fdnimo\u010dnej medzin\u00e1rodnej v\u00fdzvy! Komora zohr\u00e1va v\u00fdznamn\u00fa \u00falohu pri posil\u0148ovan\u00ed hospod\u00e1rskych v\u00e4zieb medzi Franc\u00fazskom a Slovenskom. Bratislavsk\u00e1 kancel\u00e1ria ATC\u00ae Slovensko je skuto\u010dne hrd\u00e1 na to, \u017ee je s\u00fa\u010das\u0165ou tejto dynamickej komunity.<\/p>\n<p style=\"text-align: justify;\">Gratulujeme v\u0161etk\u00fdm, ktor\u00ed sa na Slovensku aj vo svete s\u00fa\u0165a\u017ee z\u00fa\u010dastnili a ktor\u00ed sa tejto ve\u013ekej v\u00fdzvy zhostili s vervou. U\u017e teraz sa te\u0161\u00edme na \u010fal\u0161ie stretnutie v bud\u00facom roku pri nov\u00fdch \u0161portov\u00fdch aktivit\u00e1ch!<\/p>\n","protected":false},"excerpt":{"rendered":"<p>Slovensk\u00fd t\u00edm Air Time Critical\u00ae sa umiestnil na druhom mieste v \u0161portovej v\u00fdzve, ktor\u00fa organizovala Franc\u00fazsko-slovensk\u00e1 obchodn\u00e1 komora (FSOK). Skvel\u00fd t\u00edmov\u00fd v\u00fdkon!<\/p>\n","protected":false},"author":2,"featured_media":11387,"comment_status":"closed","ping_status":"closed","sticky":false,"template":"","format":"standard","meta":{"footnotes":""},"categories":[967],"tags":[],"class_list":["post-11383","post","type-post","status-publish","format-standard","has-post-thumbnail","hentry","category-letecka-preprava-novinky"],"yoast_head":"<!-- This site is optimized with the Yoast SEO Premium plugin v27.3 (Yoast SEO v27.4) - https:\/\/yoast.com\/product\/yoast-seo-premium-wordpress\/ -->\n<title>FSOK sport challenge 2023 - ATC\u00ae Slovensko z\u00edskalo strieborn\u00fa medailu! - Air Time Critical\u00ae - ATC\u00ae<\/title>\n<meta name=\"description\" content=\"T\u00edm Air Time Critical\u00ae z\u00edskal strieborn\u00fa medailu v \u0161portovej v\u00fdzve organizovanej FSOK!\" \/>\n<meta name=\"robots\" content=\"index, follow, max-snippet:-1, max-image-preview:large, max-video-preview:-1\" \/>\n<link rel=\"canonical\" href=\"https:\/\/www.airtimecritical.com\/sk\/fsok-sport-challenge-atc-slovensko\" \/>\n<meta property=\"og:locale\" content=\"sk_SK\" \/>\n<meta property=\"og:type\" content=\"article\" \/>\n<meta property=\"og:title\" content=\"FSOK sport challenge 2023 - ATC\u00ae Slovensko z\u00edskalo strieborn\u00fa medailu!\" \/>\n<meta property=\"og:description\" content=\"T\u00edm Air Time Critical\u00ae z\u00edskal strieborn\u00fa medailu v \u0161portovej v\u00fdzve organizovanej FSOK!\" \/>\n<meta property=\"og:url\" content=\"https:\/\/www.airtimecritical.com\/sk\/fsok-sport-challenge-atc-slovensko\" \/>\n<meta property=\"og:site_name\" content=\"Air Time Critical\u00ae - ATC\u00ae\" \/>\n<meta property=\"article:publisher\" content=\"https:\/\/www.facebook.com\/AirTimeCritical.Atc.airfreight\" \/>\n<meta property=\"article:published_time\" content=\"2023-05-22T14:51:40+00:00\" \/>\n<meta property=\"article:modified_time\" content=\"2025-01-08T14:06:55+00:00\" \/>\n<meta property=\"og:image\" content=\"https:\/\/www.airtimecritical.com\/wp-content\/uploads\/2023\/07\/FSOK-sport-challenge-2023-ATC\u00ae-Slovensko-ziskalo-striebornu-medailu.jpg\" \/>\n\t<meta property=\"og:image:width\" content=\"920\" \/>\n\t<meta property=\"og:image:height\" content=\"520\" \/>\n\t<meta property=\"og:image:type\" content=\"image\/jpeg\" \/>\n<meta name=\"author\" content=\"ATC\" \/>\n<meta name=\"twitter:card\" content=\"summary_large_image\" \/>\n<meta name=\"twitter:creator\" content=\"@AirTimeCritical\" \/>\n<meta name=\"twitter:site\" content=\"@AirTimeCritical\" \/>\n<meta name=\"twitter:label1\" content=\"Autor\" \/>\n\t<meta name=\"twitter:data1\" content=\"ATC\" \/>\n\t<meta name=\"twitter:label2\" content=\"Predpokladan\u00fd \u010das \u010d\u00edtania\" \/>\n\t<meta name=\"twitter:data2\" content=\"2 min\u00faty\" \/>\n<script type=\"application\/ld+json\" class=\"yoast-schema-graph\">{\"@context\":\"https:\\\/\\\/schema.org\",\"@graph\":[{\"@type\":\"Article\",\"@id\":\"https:\\\/\\\/www.airtimecritical.com\\\/sk\\\/fsok-sport-challenge-atc-slovensko#article\",\"isPartOf\":{\"@id\":\"https:\\\/\\\/www.airtimecritical.com\\\/sk\\\/fsok-sport-challenge-atc-slovensko\"},\"author\":{\"name\":\"ATC\",\"@id\":\"https:\\\/\\\/www.airtimecritical.com\\\/sk#\\\/schema\\\/person\\\/22eeefeab161c4125b4632ddb66eaf9b\"},\"headline\":\"FSOK sport challenge 2023 &#8211; ATC\u00ae Slovensko z\u00edskalo strieborn\u00fa medailu!\",\"datePublished\":\"2023-05-22T14:51:40+00:00\",\"dateModified\":\"2025-01-08T14:06:55+00:00\",\"mainEntityOfPage\":{\"@id\":\"https:\\\/\\\/www.airtimecritical.com\\\/sk\\\/fsok-sport-challenge-atc-slovensko\"},\"wordCount\":254,\"publisher\":{\"@id\":\"https:\\\/\\\/www.airtimecritical.com\\\/sk#organization\"},\"image\":{\"@id\":\"https:\\\/\\\/www.airtimecritical.com\\\/sk\\\/fsok-sport-challenge-atc-slovensko#primaryimage\"},\"thumbnailUrl\":\"https:\\\/\\\/www.airtimecritical.com\\\/wp-content\\\/uploads\\\/2023\\\/07\\\/FSOK-sport-challenge-2023-ATC\u00ae-Slovensko-ziskalo-striebornu-medailu.jpg\",\"articleSection\":[\"Spr\u00e1vy o leteckej n\u00e1kladnej doprave\"],\"inLanguage\":\"sk-SK\"},{\"@type\":\"WebPage\",\"@id\":\"https:\\\/\\\/www.airtimecritical.com\\\/sk\\\/fsok-sport-challenge-atc-slovensko\",\"url\":\"https:\\\/\\\/www.airtimecritical.com\\\/sk\\\/fsok-sport-challenge-atc-slovensko\",\"name\":\"FSOK sport challenge 2023 - ATC\u00ae Slovensko z\u00edskalo strieborn\u00fa medailu! - Air Time Critical\u00ae - ATC\u00ae\",\"isPartOf\":{\"@id\":\"https:\\\/\\\/www.airtimecritical.com\\\/sk#website\"},\"primaryImageOfPage\":{\"@id\":\"https:\\\/\\\/www.airtimecritical.com\\\/sk\\\/fsok-sport-challenge-atc-slovensko#primaryimage\"},\"image\":{\"@id\":\"https:\\\/\\\/www.airtimecritical.com\\\/sk\\\/fsok-sport-challenge-atc-slovensko#primaryimage\"},\"thumbnailUrl\":\"https:\\\/\\\/www.airtimecritical.com\\\/wp-content\\\/uploads\\\/2023\\\/07\\\/FSOK-sport-challenge-2023-ATC\u00ae-Slovensko-ziskalo-striebornu-medailu.jpg\",\"datePublished\":\"2023-05-22T14:51:40+00:00\",\"dateModified\":\"2025-01-08T14:06:55+00:00\",\"description\":\"T\u00edm Air Time Critical\u00ae z\u00edskal strieborn\u00fa medailu v \u0161portovej v\u00fdzve organizovanej FSOK!\",\"breadcrumb\":{\"@id\":\"https:\\\/\\\/www.airtimecritical.com\\\/sk\\\/fsok-sport-challenge-atc-slovensko#breadcrumb\"},\"inLanguage\":\"sk-SK\",\"potentialAction\":[{\"@type\":\"ReadAction\",\"target\":[\"https:\\\/\\\/www.airtimecritical.com\\\/sk\\\/fsok-sport-challenge-atc-slovensko\"]}]},{\"@type\":\"ImageObject\",\"inLanguage\":\"sk-SK\",\"@id\":\"https:\\\/\\\/www.airtimecritical.com\\\/sk\\\/fsok-sport-challenge-atc-slovensko#primaryimage\",\"url\":\"https:\\\/\\\/www.airtimecritical.com\\\/wp-content\\\/uploads\\\/2023\\\/07\\\/FSOK-sport-challenge-2023-ATC\u00ae-Slovensko-ziskalo-striebornu-medailu.jpg\",\"contentUrl\":\"https:\\\/\\\/www.airtimecritical.com\\\/wp-content\\\/uploads\\\/2023\\\/07\\\/FSOK-sport-challenge-2023-ATC\u00ae-Slovensko-ziskalo-striebornu-medailu.jpg\",\"width\":920,\"height\":520,\"caption\":\"FSOK sport challenge 2023 ATC\u00ae Slovensko z\u00edskalo strieborn\u00fa medailu!\"},{\"@type\":\"BreadcrumbList\",\"@id\":\"https:\\\/\\\/www.airtimecritical.com\\\/sk\\\/fsok-sport-challenge-atc-slovensko#breadcrumb\",\"itemListElement\":[{\"@type\":\"ListItem\",\"position\":1,\"name\":\"Home\",\"item\":\"https:\\\/\\\/www.airtimecritical.com\\\/sk\"},{\"@type\":\"ListItem\",\"position\":2,\"name\":\"FSOK sport challenge 2023 &#8211; ATC\u00ae Slovensko z\u00edskalo strieborn\u00fa medailu!\"}]},{\"@type\":\"WebSite\",\"@id\":\"https:\\\/\\\/www.airtimecritical.com\\\/sk#website\",\"url\":\"https:\\\/\\\/www.airtimecritical.com\\\/sk\",\"name\":\"Air Time Critical - ATC\",\"description\":\"Air Time Critical\u00ae offers priority air freight solutions to the industry in Europe, the Americas, and Asia | Door to door transport\",\"publisher\":{\"@id\":\"https:\\\/\\\/www.airtimecritical.com\\\/sk#organization\"},\"potentialAction\":[{\"@type\":\"SearchAction\",\"target\":{\"@type\":\"EntryPoint\",\"urlTemplate\":\"https:\\\/\\\/www.airtimecritical.com\\\/sk?s={search_term_string}\"},\"query-input\":{\"@type\":\"PropertyValueSpecification\",\"valueRequired\":true,\"valueName\":\"search_term_string\"}}],\"inLanguage\":\"sk-SK\"},{\"@type\":\"Organization\",\"@id\":\"https:\\\/\\\/www.airtimecritical.com\\\/sk#organization\",\"name\":\"Airt Time Critical - ATC\",\"url\":\"https:\\\/\\\/www.airtimecritical.com\\\/sk\",\"logo\":{\"@type\":\"ImageObject\",\"inLanguage\":\"sk-SK\",\"@id\":\"https:\\\/\\\/www.airtimecritical.com\\\/sk#\\\/schema\\\/logo\\\/image\\\/\",\"url\":\"https:\\\/\\\/www.airtimecritical.com\\\/wp-content\\\/uploads\\\/2019\\\/10\\\/Logo_airtimecritical.png\",\"contentUrl\":\"https:\\\/\\\/www.airtimecritical.com\\\/wp-content\\\/uploads\\\/2019\\\/10\\\/Logo_airtimecritical.png\",\"width\":246,\"height\":141,\"caption\":\"Airt Time Critical - ATC\"},\"image\":{\"@id\":\"https:\\\/\\\/www.airtimecritical.com\\\/sk#\\\/schema\\\/logo\\\/image\\\/\"},\"sameAs\":[\"https:\\\/\\\/www.facebook.com\\\/AirTimeCritical.Atc.airfreight\",\"https:\\\/\\\/x.com\\\/AirTimeCritical\",\"https:\\\/\\\/www.instagram.com\\\/airtimecritical\\\/\",\"https:\\\/\\\/www.linkedin.com\\\/company\\\/air-time-critical-\\\/\",\"https:\\\/\\\/www.youtube.com\\\/c\\\/Airtimecritical-envois-urgents-international\\\/\"]},{\"@type\":\"Person\",\"@id\":\"https:\\\/\\\/www.airtimecritical.com\\\/sk#\\\/schema\\\/person\\\/22eeefeab161c4125b4632ddb66eaf9b\",\"name\":\"ATC\",\"url\":\"https:\\\/\\\/www.airtimecritical.com\\\/sk\\\/author\\\/atc\"}]}<\/script>\n<!-- \/ Yoast SEO Premium plugin. -->","yoast_head_json":{"title":"FSOK sport challenge 2023 - ATC\u00ae Slovensko z\u00edskalo strieborn\u00fa medailu! - Air Time Critical\u00ae - ATC\u00ae","description":"T\u00edm Air Time Critical\u00ae z\u00edskal strieborn\u00fa medailu v \u0161portovej v\u00fdzve organizovanej FSOK!","robots":{"index":"index","follow":"follow","max-snippet":"max-snippet:-1","max-image-preview":"max-image-preview:large","max-video-preview":"max-video-preview:-1"},"canonical":"https:\/\/www.airtimecritical.com\/sk\/fsok-sport-challenge-atc-slovensko","og_locale":"sk_SK","og_type":"article","og_title":"FSOK sport challenge 2023 - ATC\u00ae Slovensko z\u00edskalo strieborn\u00fa medailu!","og_description":"T\u00edm Air Time Critical\u00ae z\u00edskal strieborn\u00fa medailu v \u0161portovej v\u00fdzve organizovanej FSOK!","og_url":"https:\/\/www.airtimecritical.com\/sk\/fsok-sport-challenge-atc-slovensko","og_site_name":"Air Time Critical\u00ae - ATC\u00ae","article_publisher":"https:\/\/www.facebook.com\/AirTimeCritical.Atc.airfreight","article_published_time":"2023-05-22T14:51:40+00:00","article_modified_time":"2025-01-08T14:06:55+00:00","og_image":[{"width":920,"height":520,"url":"https:\/\/www.airtimecritical.com\/wp-content\/uploads\/2023\/07\/FSOK-sport-challenge-2023-ATC\u00ae-Slovensko-ziskalo-striebornu-medailu.jpg","type":"image\/jpeg"}],"author":"ATC","twitter_card":"summary_large_image","twitter_creator":"@AirTimeCritical","twitter_site":"@AirTimeCritical","twitter_misc":{"Autor":"ATC","Predpokladan\u00fd \u010das \u010d\u00edtania":"2 min\u00faty"},"schema":{"@context":"https:\/\/schema.org","@graph":[{"@type":"Article","@id":"https:\/\/www.airtimecritical.com\/sk\/fsok-sport-challenge-atc-slovensko#article","isPartOf":{"@id":"https:\/\/www.airtimecritical.com\/sk\/fsok-sport-challenge-atc-slovensko"},"author":{"name":"ATC","@id":"https:\/\/www.airtimecritical.com\/sk#\/schema\/person\/22eeefeab161c4125b4632ddb66eaf9b"},"headline":"FSOK sport challenge 2023 &#8211; ATC\u00ae Slovensko z\u00edskalo strieborn\u00fa medailu!","datePublished":"2023-05-22T14:51:40+00:00","dateModified":"2025-01-08T14:06:55+00:00","mainEntityOfPage":{"@id":"https:\/\/www.airtimecritical.com\/sk\/fsok-sport-challenge-atc-slovensko"},"wordCount":254,"publisher":{"@id":"https:\/\/www.airtimecritical.com\/sk#organization"},"image":{"@id":"https:\/\/www.airtimecritical.com\/sk\/fsok-sport-challenge-atc-slovensko#primaryimage"},"thumbnailUrl":"https:\/\/www.airtimecritical.com\/wp-content\/uploads\/2023\/07\/FSOK-sport-challenge-2023-ATC\u00ae-Slovensko-ziskalo-striebornu-medailu.jpg","articleSection":["Spr\u00e1vy o leteckej n\u00e1kladnej doprave"],"inLanguage":"sk-SK"},{"@type":"WebPage","@id":"https:\/\/www.airtimecritical.com\/sk\/fsok-sport-challenge-atc-slovensko","url":"https:\/\/www.airtimecritical.com\/sk\/fsok-sport-challenge-atc-slovensko","name":"FSOK sport challenge 2023 - ATC\u00ae Slovensko z\u00edskalo strieborn\u00fa medailu! - Air Time Critical\u00ae - ATC\u00ae","isPartOf":{"@id":"https:\/\/www.airtimecritical.com\/sk#website"},"primaryImageOfPage":{"@id":"https:\/\/www.airtimecritical.com\/sk\/fsok-sport-challenge-atc-slovensko#primaryimage"},"image":{"@id":"https:\/\/www.airtimecritical.com\/sk\/fsok-sport-challenge-atc-slovensko#primaryimage"},"thumbnailUrl":"https:\/\/www.airtimecritical.com\/wp-content\/uploads\/2023\/07\/FSOK-sport-challenge-2023-ATC\u00ae-Slovensko-ziskalo-striebornu-medailu.jpg","datePublished":"2023-05-22T14:51:40+00:00","dateModified":"2025-01-08T14:06:55+00:00","description":"T\u00edm Air Time Critical\u00ae z\u00edskal strieborn\u00fa medailu v \u0161portovej v\u00fdzve organizovanej FSOK!","breadcrumb":{"@id":"https:\/\/www.airtimecritical.com\/sk\/fsok-sport-challenge-atc-slovensko#breadcrumb"},"inLanguage":"sk-SK","potentialAction":[{"@type":"ReadAction","target":["https:\/\/www.airtimecritical.com\/sk\/fsok-sport-challenge-atc-slovensko"]}]},{"@type":"ImageObject","inLanguage":"sk-SK","@id":"https:\/\/www.airtimecritical.com\/sk\/fsok-sport-challenge-atc-slovensko#primaryimage","url":"https:\/\/www.airtimecritical.com\/wp-content\/uploads\/2023\/07\/FSOK-sport-challenge-2023-ATC\u00ae-Slovensko-ziskalo-striebornu-medailu.jpg","contentUrl":"https:\/\/www.airtimecritical.com\/wp-content\/uploads\/2023\/07\/FSOK-sport-challenge-2023-ATC\u00ae-Slovensko-ziskalo-striebornu-medailu.jpg","width":920,"height":520,"caption":"FSOK sport challenge 2023 ATC\u00ae Slovensko z\u00edskalo strieborn\u00fa medailu!"},{"@type":"BreadcrumbList","@id":"https:\/\/www.airtimecritical.com\/sk\/fsok-sport-challenge-atc-slovensko#breadcrumb","itemListElement":[{"@type":"ListItem","position":1,"name":"Home","item":"https:\/\/www.airtimecritical.com\/sk"},{"@type":"ListItem","position":2,"name":"FSOK sport challenge 2023 &#8211; ATC\u00ae Slovensko z\u00edskalo strieborn\u00fa medailu!"}]},{"@type":"WebSite","@id":"https:\/\/www.airtimecritical.com\/sk#website","url":"https:\/\/www.airtimecritical.com\/sk","name":"Air Time Critical - ATC","description":"Air Time Critical\u00ae offers priority air freight solutions to the industry in Europe, the Americas, and Asia | Door to door transport","publisher":{"@id":"https:\/\/www.airtimecritical.com\/sk#organization"},"potentialAction":[{"@type":"SearchAction","target":{"@type":"EntryPoint","urlTemplate":"https:\/\/www.airtimecritical.com\/sk?s={search_term_string}"},"query-input":{"@type":"PropertyValueSpecification","valueRequired":true,"valueName":"search_term_string"}}],"inLanguage":"sk-SK"},{"@type":"Organization","@id":"https:\/\/www.airtimecritical.com\/sk#organization","name":"Airt Time Critical - ATC","url":"https:\/\/www.airtimecritical.com\/sk","logo":{"@type":"ImageObject","inLanguage":"sk-SK","@id":"https:\/\/www.airtimecritical.com\/sk#\/schema\/logo\/image\/","url":"https:\/\/www.airtimecritical.com\/wp-content\/uploads\/2019\/10\/Logo_airtimecritical.png","contentUrl":"https:\/\/www.airtimecritical.com\/wp-content\/uploads\/2019\/10\/Logo_airtimecritical.png","width":246,"height":141,"caption":"Airt Time Critical - ATC"},"image":{"@id":"https:\/\/www.airtimecritical.com\/sk#\/schema\/logo\/image\/"},"sameAs":["https:\/\/www.facebook.com\/AirTimeCritical.Atc.airfreight","https:\/\/x.com\/AirTimeCritical","https:\/\/www.instagram.com\/airtimecritical\/","https:\/\/www.linkedin.com\/company\/air-time-critical-\/","https:\/\/www.youtube.com\/c\/Airtimecritical-envois-urgents-international\/"]},{"@type":"Person","@id":"https:\/\/www.airtimecritical.com\/sk#\/schema\/person\/22eeefeab161c4125b4632ddb66eaf9b","name":"ATC","url":"https:\/\/www.airtimecritical.com\/sk\/author\/atc"}]}},"_links":{"self":[{"href":"https:\/\/www.airtimecritical.com\/sk\/wp-json\/wp\/v2\/posts\/11383","targetHints":{"allow":["GET"]}}],"collection":[{"href":"https:\/\/www.airtimecritical.com\/sk\/wp-json\/wp\/v2\/posts"}],"about":[{"href":"https:\/\/www.airtimecritical.com\/sk\/wp-json\/wp\/v2\/types\/post"}],"author":[{"embeddable":true,"href":"https:\/\/www.airtimecritical.com\/sk\/wp-json\/wp\/v2\/users\/2"}],"replies":[{"embeddable":true,"href":"https:\/\/www.airtimecritical.com\/sk\/wp-json\/wp\/v2\/comments?post=11383"}],"version-history":[{"count":3,"href":"https:\/\/www.airtimecritical.com\/sk\/wp-json\/wp\/v2\/posts\/11383\/revisions"}],"predecessor-version":[{"id":13871,"href":"https:\/\/www.airtimecritical.com\/sk\/wp-json\/wp\/v2\/posts\/11383\/revisions\/13871"}],"wp:featuredmedia":[{"embeddable":true,"href":"https:\/\/www.airtimecritical.com\/sk\/wp-json\/wp\/v2\/media\/11387"}],"wp:attachment":[{"href":"https:\/\/www.airtimecritical.com\/sk\/wp-json\/wp\/v2\/media?parent=11383"}],"wp:term":[{"taxonomy":"category","embeddable":true,"href":"https:\/\/www.airtimecritical.com\/sk\/wp-json\/wp\/v2\/categories?post=11383"},{"taxonomy":"post_tag","embeddable":true,"href":"https:\/\/www.airtimecritical.com\/sk\/wp-json\/wp\/v2\/tags?post=11383"}],"curies":[{"name":"wp","href":"https:\/\/api.w.org\/{rel}","templated":true}]}}