{"id":11304,"date":"2023-06-29T12:43:45","date_gmt":"2023-06-29T11:43:45","guid":{"rendered":"https:\/\/www.airtimecritical.com\/air-charter-allemagne"},"modified":"2023-06-29T13:06:11","modified_gmt":"2023-06-29T12:06:11","slug":"air-charter-nemecko","status":"publish","type":"post","link":"https:\/\/www.airtimecritical.com\/sk\/air-charter-nemecko","title":{"rendered":"Air Charter odvr\u00e1til zastavenie v\u00fdroby v Nemecku!"},"content":{"rendered":"<p style=\"text-align: justify;\">\u0160panielsky v\u00fdrobca sa obr\u00e1til na spolo\u010dnos\u0165 <a href=\"https:\/\/www.airtimecritical.com\/sk\/o-nas\" target=\"_blank\" rel=\"noopener\">Air Time Critical\u00ae<\/a>, aby zorganizovala prepravu automobilov\u00fdch dielov z v\u00fdrobn\u00e9ho z\u00e1vodu v ju\u017enom Baskicku, ne\u010faleko <a href=\"https:\/\/www.google.com\/maps\/place\/Bilbao,+Biscaye,+Espagne\/@43.2633786,-2.9747642,13z\/data=!3m1!4b1!4m6!3m5!1s0xd4e4e27664b89b9:0x6534acc41e95a645!8m2!3d43.2630126!4d-2.9349852!16zL20vMGh0cXQ?entry=ttu\" target=\"_blank\" rel=\"nofollow noopener noreferrer\">Bilbaa<\/a>, do ve\u013ekej automobilky bl\u00edzko <a href=\"https:\/\/www.google.com\/maps\/place\/Hanovre,+Allemagne\/@52.3786129,9.1706461,10z\/data=!3m1!4b1!4m6!3m5!1s0x47b00b514d494f85:0x425ac6d94ac4720!8m2!3d52.3758916!4d9.7320104!16zL20vMDNwYmY?entry=ttu\" target=\"_blank\" rel=\"nofollow noopener noreferrer\">Hannovera<\/a> v severoz\u00e1padnom Nemecku. Ak by diely neboli dodan\u00e9 v\u010das, hrozilo zastavenie v\u00fdroby v Nemecku. V takto urgentnej situ\u00e1cii t\u00edm Air Time Critical\u00ae okam\u017eite z\u00e1kazn\u00edkovi navrhol vyu\u017ei\u0165 <a href=\"https:\/\/www.airtimecritical.com\/sk\/air-charter\" target=\"_blank\" rel=\"noopener\">Air Charter<\/a> (pren\u00e1jom s\u00fakromn\u00e9ho lietadla iba pre va\u0161u z\u00e1sielku).<\/p>\n<h2 style=\"text-align: justify;\"><span style=\"font-size: 18pt;\"><strong>Detaily Air Charter rie\u0161enia zo \u0160panielska do Nemecka<\/strong><\/span><\/h2>\n<ul>\n<li style=\"text-align: justify;\">Typ prepravy: n\u00e1kladn\u00fd leteck\u00fd charter<\/li>\n<li style=\"text-align: justify;\">Slu\u017eba: doru\u010denie od dver\u00ed k dver\u00e1m Vitoria, \u0160panielsko \u2013 Hannover, Nemecko<\/li>\n<li style=\"text-align: justify;\">Z\u00e1sielka: 200 kg autodielov v \u0161katuliach<\/li>\n<li style=\"text-align: justify;\">Trasa letu: letisko Vitoria (VIT) \u2013 letisko Hannover (HAJ)<\/li>\n<li style=\"text-align: justify;\">Doba trvania letu: 3 hodiny<\/li>\n<li style=\"text-align: justify;\">Lietadlo: Pilatus PC12<\/li>\n<\/ul>\n<p style=\"text-align: center;\"><strong>Pre\u010d\u00edtajte si tie\u017e:<\/strong><\/p>\n<p style=\"text-align: center;\"><a href=\"https:\/\/www.airtimecritical.com\/en\/air-charter-definition\" target=\"_blank\" rel=\"noopener\">\u010co je to Air Charter?<\/a><\/p>\n<p style=\"text-align: center;\"><a href=\"https:\/\/www.airtimecritical.com\/en\/air-charter-spain-airports\" target=\"_blank\" rel=\"noopener\">Air Charter: vhodn\u00e9 letisk\u00e1 pre urgentn\u00e9 z\u00e1sielky v \u0160panielsku<\/a><\/p>\n<h2 style=\"text-align: justify;\"><span style=\"font-size: 18pt;\"><strong>Harmonogram tejto urgentnej air charter prepravy<\/strong><\/span><\/h2>\n<ul>\n<li style=\"text-align: justify;\">7. okt\u00f3bra, 18:30 &#8211; Vyzdvihnutie tovaru expresnou dod\u00e1vkou u \u0161panielskeho dod\u00e1vate\u013ea automobilov\u00fdch dielov<\/li>\n<li style=\"text-align: justify;\">7. okt\u00f3bra, 19:20 &#8211; Pr\u00edchod expresnej z\u00e1sielky na letisko Vitoria (VIT) v Baskicku<\/li>\n<li style=\"text-align: justify;\">7. okt\u00f3bra, 20:30 &#8211; Odlet charterov\u00e9ho letu z letiska Vitoria v \u0160panielsku<\/li>\n<li style=\"text-align: justify;\">7. okt\u00f3bra, 23:30 &#8211; Prist\u00e1tie chartera na letisku Hannover (HAJ) v Dolnom Sasku v Nemecku.<\/li>\n<li style=\"text-align: justify;\">8. okt\u00f3bra, 01:00 &#8211; Nakl\u00e1dka z\u00e1sielky a odchod expresn\u00e9ho taxi na miesto ur\u010denia<\/li>\n<li style=\"text-align: justify;\">8. okt\u00f3bra, 02:15 &#8211; Doru\u010denie tovaru v nemeckej automobilke<\/li>\n<\/ul>\n<p style=\"text-align: justify;\"><em>Pozn\u00e1mka: V\u0161etky uveden\u00e9 \u010dasy s\u00fa miestne \u010dasy.<\/em><\/p>\n<h3 style=\"text-align: justify;\"><span style=\"font-size: 14pt;\"><strong>Ak\u00fd bol prepravn\u00fd \u010das tejto expresnej z\u00e1sielky do Nemecka?<\/strong><\/span><\/h3>\n<blockquote>\n<p style=\"text-align: justify;\"><strong>Z\u00e1kazn\u00edk v\u010faka air chateru zachr\u00e1nil 12 hod\u00edn v\u00fdroby<\/strong><\/p>\n<\/blockquote>\n<p style=\"text-align: justify;\">T\u00e1to prioritn\u00e1 door-to-door preprava zo severn\u00e9ho \u0160panielska do Nemecka bola vykonan\u00e1 za 7 hod\u00edn a 45 min\u00fat (vzdialenos\u0165 po ceste: 1 700 km).<\/p>\n<p style=\"text-align: justify;\">Priemern\u00e1 \u00faspora \u010dasu v porovnan\u00ed s expresnou cestnou prepravou: +\/- 12 hod\u00edn.<\/p>\n<p style=\"text-align: justify;\">T\u00e1to \u0161peci\u00e1lna leteck\u00e1 preprava zabezpe\u010dila, \u017ee \u0161panielsky dod\u00e1vate\u013e automobilov\u00fdch dielov uchr\u00e1nil svojho nemeck\u00e9ho z\u00e1kazn\u00edka od 12-hodinov\u00e9ho zastavenia v\u00fdrobnej linky.<\/p>\n<h3 style=\"text-align: justify;\"><span style=\"font-size: 14pt;\"><strong>Tip Air Time Critical\u00ae pre z\u00e1sielky do VW v Nemecku:<\/strong><\/span><\/h3>\n<pre style=\"text-align: justify;\"><strong>Dobr\u00e9 vedie\u0165!<\/strong>\r\n\r\nPri v\u0161etk\u00fdch dod\u00e1vkach do z\u00e1vodov koncernu VW (Volkswagen, Audi, \u0160koda Auto, Porsche, Seat) je potrebn\u00e9 si od VW vy\u017eiada\u0165 dokument s k\u00f3dom pre doru\u010denie. Bez tohto povinn\u00e9ho dokladu nebude vodi\u010dovi expresnej dod\u00e1vky umo\u017enen\u00fd vjazd do are\u00e1lu a doru\u010denie z\u00e1sielky.<\/pre>\n<h2 style=\"text-align: justify;\"><span style=\"font-size: 18pt;\"><strong>Logistick\u00e1 kr\u00edzov\u00e1 situ\u00e1cia v Nemecku?<\/strong><\/span><\/h2>\n<p style=\"text-align: justify;\">Sme i na\u010falej kedyko\u013evek pripraven\u00ed v\u00e1m pom\u00f4c\u0165 s expresn\u00fdm prepravn\u00fdm rie\u0161en\u00edm pre \u0161katule alebo palety zo Slovenska a zvy\u0161ku Eur\u00f3py do Nemecka. Nev\u00e1hajte n\u00e1s kontaktova\u0165 pre prepravn\u00e9 rie\u0161enie na mieru:<\/p>\n<ul>\n<li style=\"text-align: justify;\">Prostredn\u00edctvom <a href=\"https:\/\/www.airtimecritical.com\/sk\/kontaktujte-nas\" target=\"_blank\" rel=\"noopener\"><u>dopytov\u00e9ho formul\u00e1ra<\/u><\/a><\/li>\n<li style=\"text-align: justify;\">Telefonicky: +421 233 046 908 (SK\/CZ)<\/li>\n<\/ul>\n","protected":false},"excerpt":{"rendered":"<p>Air Charter je ide\u00e1lne rie\u0161enie pre z\u00e1sielky v r\u00e1mci Eur\u00f3py, preto\u017ee pon\u00faka r\u00fdchle a efekt\u00edvne rie\u0161enie. Nasleduj\u00faca uk\u00e1\u017eka prepravy medzi \u0160panielskom a Nemeckom to dokonale ilustruje.<\/p>\n","protected":false},"author":2,"featured_media":11311,"comment_status":"closed","ping_status":"closed","sticky":false,"template":"","format":"standard","meta":{"footnotes":""},"categories":[976],"tags":[977],"class_list":["post-11304","post","type-post","status-publish","format-standard","has-post-thumbnail","hentry","category-letecka-nakladna-priklady-doprava","tag-air-charter-lietadlo-taxi-cargo-flight"],"yoast_head":"<!-- This site is optimized with the Yoast SEO Premium plugin v27.3 (Yoast SEO v27.5) - https:\/\/yoast.com\/product\/yoast-seo-premium-wordpress\/ -->\n<title>Air Charter odvr\u00e1til zastavenie v\u00fdroby v Nemecku! - Air Time Critical\u00ae - ATC\u00ae<\/title>\n<meta name=\"description\" content=\"Air Time Criticlal\u00ae - Air Charter: zistite ako expresn\u00e9 doru\u010denie medzi \u0160panielskom a Nemeckom odvr\u00e1tilo zastavenie v\u00fdroby.\" \/>\n<meta name=\"robots\" content=\"index, follow, max-snippet:-1, max-image-preview:large, max-video-preview:-1\" \/>\n<link rel=\"canonical\" href=\"https:\/\/www.airtimecritical.com\/sk\/air-charter-nemecko\" \/>\n<meta property=\"og:locale\" content=\"sk_SK\" \/>\n<meta property=\"og:type\" content=\"article\" \/>\n<meta property=\"og:title\" content=\"Air Charter odvr\u00e1til zastavenie v\u00fdroby v Nemecku!\" \/>\n<meta property=\"og:description\" content=\"Air Time Criticlal\u00ae - Air Charter: zistite ako expresn\u00e9 doru\u010denie medzi \u0160panielskom a Nemeckom odvr\u00e1tilo zastavenie v\u00fdroby.\" \/>\n<meta property=\"og:url\" content=\"https:\/\/www.airtimecritical.com\/sk\/air-charter-nemecko\" \/>\n<meta property=\"og:site_name\" content=\"Air Time Critical\u00ae - ATC\u00ae\" \/>\n<meta property=\"article:publisher\" content=\"https:\/\/www.facebook.com\/AirTimeCritical.Atc.airfreight\" \/>\n<meta property=\"article:published_time\" content=\"2023-06-29T11:43:45+00:00\" \/>\n<meta property=\"article:modified_time\" content=\"2023-06-29T12:06:11+00:00\" \/>\n<meta property=\"og:image\" content=\"https:\/\/www.airtimecritical.com\/wp-content\/uploads\/2023\/06\/Air-Charter-odvratil-zastavenie-vyroby-v-Nemecku-2.jpg\" \/>\n\t<meta property=\"og:image:width\" content=\"920\" \/>\n\t<meta property=\"og:image:height\" content=\"520\" \/>\n\t<meta property=\"og:image:type\" content=\"image\/jpeg\" \/>\n<meta name=\"author\" content=\"ATC\" \/>\n<meta name=\"twitter:card\" content=\"summary_large_image\" \/>\n<meta name=\"twitter:creator\" content=\"@AirTimeCritical\" \/>\n<meta name=\"twitter:site\" content=\"@AirTimeCritical\" \/>\n<meta name=\"twitter:label1\" content=\"Autor\" \/>\n\t<meta name=\"twitter:data1\" content=\"ATC\" \/>\n\t<meta name=\"twitter:label2\" content=\"Predpokladan\u00fd \u010das \u010d\u00edtania\" \/>\n\t<meta name=\"twitter:data2\" content=\"2 min\u00faty\" \/>\n<script type=\"application\/ld+json\" class=\"yoast-schema-graph\">{\"@context\":\"https:\\\/\\\/schema.org\",\"@graph\":[{\"@type\":\"Article\",\"@id\":\"https:\\\/\\\/www.airtimecritical.com\\\/sk\\\/air-charter-nemecko#article\",\"isPartOf\":{\"@id\":\"https:\\\/\\\/www.airtimecritical.com\\\/sk\\\/air-charter-nemecko\"},\"author\":{\"name\":\"ATC\",\"@id\":\"https:\\\/\\\/www.airtimecritical.com\\\/sk#\\\/schema\\\/person\\\/22eeefeab161c4125b4632ddb66eaf9b\"},\"headline\":\"Air Charter odvr\u00e1til zastavenie v\u00fdroby v Nemecku!\",\"datePublished\":\"2023-06-29T11:43:45+00:00\",\"dateModified\":\"2023-06-29T12:06:11+00:00\",\"mainEntityOfPage\":{\"@id\":\"https:\\\/\\\/www.airtimecritical.com\\\/sk\\\/air-charter-nemecko\"},\"wordCount\":419,\"publisher\":{\"@id\":\"https:\\\/\\\/www.airtimecritical.com\\\/sk#organization\"},\"image\":{\"@id\":\"https:\\\/\\\/www.airtimecritical.com\\\/sk\\\/air-charter-nemecko#primaryimage\"},\"thumbnailUrl\":\"https:\\\/\\\/www.airtimecritical.com\\\/wp-content\\\/uploads\\\/2023\\\/06\\\/Air-Charter-odvratil-zastavenie-vyroby-v-Nemecku-2.jpg\",\"keywords\":[\"Leteck\u00fd charter a vrtu\u013en\u00edky\"],\"articleSection\":[\"Pr\u00edklady dopravy\"],\"inLanguage\":\"sk-SK\"},{\"@type\":\"WebPage\",\"@id\":\"https:\\\/\\\/www.airtimecritical.com\\\/sk\\\/air-charter-nemecko\",\"url\":\"https:\\\/\\\/www.airtimecritical.com\\\/sk\\\/air-charter-nemecko\",\"name\":\"Air Charter odvr\u00e1til zastavenie v\u00fdroby v Nemecku! - Air Time Critical\u00ae - ATC\u00ae\",\"isPartOf\":{\"@id\":\"https:\\\/\\\/www.airtimecritical.com\\\/sk#website\"},\"primaryImageOfPage\":{\"@id\":\"https:\\\/\\\/www.airtimecritical.com\\\/sk\\\/air-charter-nemecko#primaryimage\"},\"image\":{\"@id\":\"https:\\\/\\\/www.airtimecritical.com\\\/sk\\\/air-charter-nemecko#primaryimage\"},\"thumbnailUrl\":\"https:\\\/\\\/www.airtimecritical.com\\\/wp-content\\\/uploads\\\/2023\\\/06\\\/Air-Charter-odvratil-zastavenie-vyroby-v-Nemecku-2.jpg\",\"datePublished\":\"2023-06-29T11:43:45+00:00\",\"dateModified\":\"2023-06-29T12:06:11+00:00\",\"description\":\"Air Time Criticlal\u00ae - Air Charter: zistite ako expresn\u00e9 doru\u010denie medzi \u0160panielskom a Nemeckom odvr\u00e1tilo zastavenie v\u00fdroby.\",\"breadcrumb\":{\"@id\":\"https:\\\/\\\/www.airtimecritical.com\\\/sk\\\/air-charter-nemecko#breadcrumb\"},\"inLanguage\":\"sk-SK\",\"potentialAction\":[{\"@type\":\"ReadAction\",\"target\":[\"https:\\\/\\\/www.airtimecritical.com\\\/sk\\\/air-charter-nemecko\"]}]},{\"@type\":\"ImageObject\",\"inLanguage\":\"sk-SK\",\"@id\":\"https:\\\/\\\/www.airtimecritical.com\\\/sk\\\/air-charter-nemecko#primaryimage\",\"url\":\"https:\\\/\\\/www.airtimecritical.com\\\/wp-content\\\/uploads\\\/2023\\\/06\\\/Air-Charter-odvratil-zastavenie-vyroby-v-Nemecku-2.jpg\",\"contentUrl\":\"https:\\\/\\\/www.airtimecritical.com\\\/wp-content\\\/uploads\\\/2023\\\/06\\\/Air-Charter-odvratil-zastavenie-vyroby-v-Nemecku-2.jpg\",\"width\":920,\"height\":520,\"caption\":\"Air Charter odvr\u00e1til zastavenie v\u00fdroby v Nemecku!\"},{\"@type\":\"BreadcrumbList\",\"@id\":\"https:\\\/\\\/www.airtimecritical.com\\\/sk\\\/air-charter-nemecko#breadcrumb\",\"itemListElement\":[{\"@type\":\"ListItem\",\"position\":1,\"name\":\"Home\",\"item\":\"https:\\\/\\\/www.airtimecritical.com\\\/sk\"},{\"@type\":\"ListItem\",\"position\":2,\"name\":\"Air Charter odvr\u00e1til zastavenie v\u00fdroby v Nemecku!\"}]},{\"@type\":\"WebSite\",\"@id\":\"https:\\\/\\\/www.airtimecritical.com\\\/sk#website\",\"url\":\"https:\\\/\\\/www.airtimecritical.com\\\/sk\",\"name\":\"Air Time Critical - ATC\",\"description\":\"Air Time Critical\u00ae offers priority air freight solutions to the industry in Europe, the Americas, and Asia | Door to door transport\",\"publisher\":{\"@id\":\"https:\\\/\\\/www.airtimecritical.com\\\/sk#organization\"},\"potentialAction\":[{\"@type\":\"SearchAction\",\"target\":{\"@type\":\"EntryPoint\",\"urlTemplate\":\"https:\\\/\\\/www.airtimecritical.com\\\/sk?s={search_term_string}\"},\"query-input\":{\"@type\":\"PropertyValueSpecification\",\"valueRequired\":true,\"valueName\":\"search_term_string\"}}],\"inLanguage\":\"sk-SK\"},{\"@type\":\"Organization\",\"@id\":\"https:\\\/\\\/www.airtimecritical.com\\\/sk#organization\",\"name\":\"Airt Time Critical - ATC\",\"url\":\"https:\\\/\\\/www.airtimecritical.com\\\/sk\",\"logo\":{\"@type\":\"ImageObject\",\"inLanguage\":\"sk-SK\",\"@id\":\"https:\\\/\\\/www.airtimecritical.com\\\/sk#\\\/schema\\\/logo\\\/image\\\/\",\"url\":\"https:\\\/\\\/www.airtimecritical.com\\\/wp-content\\\/uploads\\\/2019\\\/10\\\/Logo_airtimecritical.png\",\"contentUrl\":\"https:\\\/\\\/www.airtimecritical.com\\\/wp-content\\\/uploads\\\/2019\\\/10\\\/Logo_airtimecritical.png\",\"width\":246,\"height\":141,\"caption\":\"Airt Time Critical - ATC\"},\"image\":{\"@id\":\"https:\\\/\\\/www.airtimecritical.com\\\/sk#\\\/schema\\\/logo\\\/image\\\/\"},\"sameAs\":[\"https:\\\/\\\/www.facebook.com\\\/AirTimeCritical.Atc.airfreight\",\"https:\\\/\\\/x.com\\\/AirTimeCritical\",\"https:\\\/\\\/www.instagram.com\\\/airtimecritical\\\/\",\"https:\\\/\\\/www.linkedin.com\\\/company\\\/air-time-critical-\\\/\",\"https:\\\/\\\/www.youtube.com\\\/c\\\/Airtimecritical-envois-urgents-international\\\/\"]},{\"@type\":\"Person\",\"@id\":\"https:\\\/\\\/www.airtimecritical.com\\\/sk#\\\/schema\\\/person\\\/22eeefeab161c4125b4632ddb66eaf9b\",\"name\":\"ATC\",\"url\":\"https:\\\/\\\/www.airtimecritical.com\\\/sk\\\/author\\\/atc\"}]}<\/script>\n<!-- \/ Yoast SEO Premium plugin. -->","yoast_head_json":{"title":"Air Charter odvr\u00e1til zastavenie v\u00fdroby v Nemecku! - Air Time Critical\u00ae - ATC\u00ae","description":"Air Time Criticlal\u00ae - Air Charter: zistite ako expresn\u00e9 doru\u010denie medzi \u0160panielskom a Nemeckom odvr\u00e1tilo zastavenie v\u00fdroby.","robots":{"index":"index","follow":"follow","max-snippet":"max-snippet:-1","max-image-preview":"max-image-preview:large","max-video-preview":"max-video-preview:-1"},"canonical":"https:\/\/www.airtimecritical.com\/sk\/air-charter-nemecko","og_locale":"sk_SK","og_type":"article","og_title":"Air Charter odvr\u00e1til zastavenie v\u00fdroby v Nemecku!","og_description":"Air Time Criticlal\u00ae - Air Charter: zistite ako expresn\u00e9 doru\u010denie medzi \u0160panielskom a Nemeckom odvr\u00e1tilo zastavenie v\u00fdroby.","og_url":"https:\/\/www.airtimecritical.com\/sk\/air-charter-nemecko","og_site_name":"Air Time Critical\u00ae - ATC\u00ae","article_publisher":"https:\/\/www.facebook.com\/AirTimeCritical.Atc.airfreight","article_published_time":"2023-06-29T11:43:45+00:00","article_modified_time":"2023-06-29T12:06:11+00:00","og_image":[{"width":920,"height":520,"url":"https:\/\/www.airtimecritical.com\/wp-content\/uploads\/2023\/06\/Air-Charter-odvratil-zastavenie-vyroby-v-Nemecku-2.jpg","type":"image\/jpeg"}],"author":"ATC","twitter_card":"summary_large_image","twitter_creator":"@AirTimeCritical","twitter_site":"@AirTimeCritical","twitter_misc":{"Autor":"ATC","Predpokladan\u00fd \u010das \u010d\u00edtania":"2 min\u00faty"},"schema":{"@context":"https:\/\/schema.org","@graph":[{"@type":"Article","@id":"https:\/\/www.airtimecritical.com\/sk\/air-charter-nemecko#article","isPartOf":{"@id":"https:\/\/www.airtimecritical.com\/sk\/air-charter-nemecko"},"author":{"name":"ATC","@id":"https:\/\/www.airtimecritical.com\/sk#\/schema\/person\/22eeefeab161c4125b4632ddb66eaf9b"},"headline":"Air Charter odvr\u00e1til zastavenie v\u00fdroby v Nemecku!","datePublished":"2023-06-29T11:43:45+00:00","dateModified":"2023-06-29T12:06:11+00:00","mainEntityOfPage":{"@id":"https:\/\/www.airtimecritical.com\/sk\/air-charter-nemecko"},"wordCount":419,"publisher":{"@id":"https:\/\/www.airtimecritical.com\/sk#organization"},"image":{"@id":"https:\/\/www.airtimecritical.com\/sk\/air-charter-nemecko#primaryimage"},"thumbnailUrl":"https:\/\/www.airtimecritical.com\/wp-content\/uploads\/2023\/06\/Air-Charter-odvratil-zastavenie-vyroby-v-Nemecku-2.jpg","keywords":["Leteck\u00fd charter a vrtu\u013en\u00edky"],"articleSection":["Pr\u00edklady dopravy"],"inLanguage":"sk-SK"},{"@type":"WebPage","@id":"https:\/\/www.airtimecritical.com\/sk\/air-charter-nemecko","url":"https:\/\/www.airtimecritical.com\/sk\/air-charter-nemecko","name":"Air Charter odvr\u00e1til zastavenie v\u00fdroby v Nemecku! - Air Time Critical\u00ae - ATC\u00ae","isPartOf":{"@id":"https:\/\/www.airtimecritical.com\/sk#website"},"primaryImageOfPage":{"@id":"https:\/\/www.airtimecritical.com\/sk\/air-charter-nemecko#primaryimage"},"image":{"@id":"https:\/\/www.airtimecritical.com\/sk\/air-charter-nemecko#primaryimage"},"thumbnailUrl":"https:\/\/www.airtimecritical.com\/wp-content\/uploads\/2023\/06\/Air-Charter-odvratil-zastavenie-vyroby-v-Nemecku-2.jpg","datePublished":"2023-06-29T11:43:45+00:00","dateModified":"2023-06-29T12:06:11+00:00","description":"Air Time Criticlal\u00ae - Air Charter: zistite ako expresn\u00e9 doru\u010denie medzi \u0160panielskom a Nemeckom odvr\u00e1tilo zastavenie v\u00fdroby.","breadcrumb":{"@id":"https:\/\/www.airtimecritical.com\/sk\/air-charter-nemecko#breadcrumb"},"inLanguage":"sk-SK","potentialAction":[{"@type":"ReadAction","target":["https:\/\/www.airtimecritical.com\/sk\/air-charter-nemecko"]}]},{"@type":"ImageObject","inLanguage":"sk-SK","@id":"https:\/\/www.airtimecritical.com\/sk\/air-charter-nemecko#primaryimage","url":"https:\/\/www.airtimecritical.com\/wp-content\/uploads\/2023\/06\/Air-Charter-odvratil-zastavenie-vyroby-v-Nemecku-2.jpg","contentUrl":"https:\/\/www.airtimecritical.com\/wp-content\/uploads\/2023\/06\/Air-Charter-odvratil-zastavenie-vyroby-v-Nemecku-2.jpg","width":920,"height":520,"caption":"Air Charter odvr\u00e1til zastavenie v\u00fdroby v Nemecku!"},{"@type":"BreadcrumbList","@id":"https:\/\/www.airtimecritical.com\/sk\/air-charter-nemecko#breadcrumb","itemListElement":[{"@type":"ListItem","position":1,"name":"Home","item":"https:\/\/www.airtimecritical.com\/sk"},{"@type":"ListItem","position":2,"name":"Air Charter odvr\u00e1til zastavenie v\u00fdroby v Nemecku!"}]},{"@type":"WebSite","@id":"https:\/\/www.airtimecritical.com\/sk#website","url":"https:\/\/www.airtimecritical.com\/sk","name":"Air Time Critical - ATC","description":"Air Time Critical\u00ae offers priority air freight solutions to the industry in Europe, the Americas, and Asia | Door to door transport","publisher":{"@id":"https:\/\/www.airtimecritical.com\/sk#organization"},"potentialAction":[{"@type":"SearchAction","target":{"@type":"EntryPoint","urlTemplate":"https:\/\/www.airtimecritical.com\/sk?s={search_term_string}"},"query-input":{"@type":"PropertyValueSpecification","valueRequired":true,"valueName":"search_term_string"}}],"inLanguage":"sk-SK"},{"@type":"Organization","@id":"https:\/\/www.airtimecritical.com\/sk#organization","name":"Airt Time Critical - ATC","url":"https:\/\/www.airtimecritical.com\/sk","logo":{"@type":"ImageObject","inLanguage":"sk-SK","@id":"https:\/\/www.airtimecritical.com\/sk#\/schema\/logo\/image\/","url":"https:\/\/www.airtimecritical.com\/wp-content\/uploads\/2019\/10\/Logo_airtimecritical.png","contentUrl":"https:\/\/www.airtimecritical.com\/wp-content\/uploads\/2019\/10\/Logo_airtimecritical.png","width":246,"height":141,"caption":"Airt Time Critical - ATC"},"image":{"@id":"https:\/\/www.airtimecritical.com\/sk#\/schema\/logo\/image\/"},"sameAs":["https:\/\/www.facebook.com\/AirTimeCritical.Atc.airfreight","https:\/\/x.com\/AirTimeCritical","https:\/\/www.instagram.com\/airtimecritical\/","https:\/\/www.linkedin.com\/company\/air-time-critical-\/","https:\/\/www.youtube.com\/c\/Airtimecritical-envois-urgents-international\/"]},{"@type":"Person","@id":"https:\/\/www.airtimecritical.com\/sk#\/schema\/person\/22eeefeab161c4125b4632ddb66eaf9b","name":"ATC","url":"https:\/\/www.airtimecritical.com\/sk\/author\/atc"}]}},"_links":{"self":[{"href":"https:\/\/www.airtimecritical.com\/sk\/wp-json\/wp\/v2\/posts\/11304","targetHints":{"allow":["GET"]}}],"collection":[{"href":"https:\/\/www.airtimecritical.com\/sk\/wp-json\/wp\/v2\/posts"}],"about":[{"href":"https:\/\/www.airtimecritical.com\/sk\/wp-json\/wp\/v2\/types\/post"}],"author":[{"embeddable":true,"href":"https:\/\/www.airtimecritical.com\/sk\/wp-json\/wp\/v2\/users\/2"}],"replies":[{"embeddable":true,"href":"https:\/\/www.airtimecritical.com\/sk\/wp-json\/wp\/v2\/comments?post=11304"}],"version-history":[{"count":2,"href":"https:\/\/www.airtimecritical.com\/sk\/wp-json\/wp\/v2\/posts\/11304\/revisions"}],"predecessor-version":[{"id":11316,"href":"https:\/\/www.airtimecritical.com\/sk\/wp-json\/wp\/v2\/posts\/11304\/revisions\/11316"}],"wp:featuredmedia":[{"embeddable":true,"href":"https:\/\/www.airtimecritical.com\/sk\/wp-json\/wp\/v2\/media\/11311"}],"wp:attachment":[{"href":"https:\/\/www.airtimecritical.com\/sk\/wp-json\/wp\/v2\/media?parent=11304"}],"wp:term":[{"taxonomy":"category","embeddable":true,"href":"https:\/\/www.airtimecritical.com\/sk\/wp-json\/wp\/v2\/categories?post=11304"},{"taxonomy":"post_tag","embeddable":true,"href":"https:\/\/www.airtimecritical.com\/sk\/wp-json\/wp\/v2\/tags?post=11304"}],"curies":[{"name":"wp","href":"https:\/\/api.w.org\/{rel}","templated":true}]}}