{"id":9776,"date":"2022-11-16T09:00:48","date_gmt":"2022-11-16T08:00:48","guid":{"rendered":"https:\/\/www.airtimecritical.com\/transport-urgent-turquie-france-aerien-express"},"modified":"2022-12-07T12:16:42","modified_gmt":"2022-12-07T11:16:42","slug":"envio-aereo-urgente-turquia-francia","status":"publish","type":"post","link":"https:\/\/www.airtimecritical.com\/es\/envio-aereo-urgente-turquia-francia","title":{"rendered":"Relato de un env\u00edo urgente Turqu\u00eda-Francia"},"content":{"rendered":"<h2 style=\"text-align: justify;\"><span style=\"font-size: 18pt;\">\u00bfNecesitas un env\u00edo urgente desde Turqu\u00eda? El transporte a\u00e9reo es la soluci\u00f3n<\/span><\/h2>\n<p style=\"text-align: justify;\"><a href=\"https:\/\/www.airtimecritical.com\/es\/sobre-nosotros\" target=\"_blank\" rel=\"noopener\">Air Time Critical\u00ae<\/a> puede realizar tus <strong>env\u00edos puerta a puerta Turqu\u00eda-Francia<\/strong> m\u00e1s r\u00e1pido que por carretera, incluso en fin de semana. El siguiente caso pr\u00e1ctico relata las etapas de un env\u00edo urgente de 3 pal\u00e9s de piezas de autom\u00f3vil desde Bursa (Turqu\u00eda) al norte de Francia.<\/p>\n<p style=\"text-align: justify;\">El objetivo era entregar los pal\u00e9s en Francia antes del inicio de la producci\u00f3n el lunes por la ma\u00f1ana.<\/p>\n<p style=\"text-align: justify;\">He aqu\u00ed el resumen del proceso de env\u00edo:<\/p>\n<ul style=\"text-align: justify;\">\n<li>Recogida el <strong>viernes por la tarde a las 17:30<\/strong>, hora de Bursa<\/li>\n<li>Llegada al aeropuerto de Roissy el s\u00e1bado a las 17:00<\/li>\n<li><strong>Entrega el lunes por la ma\u00f1ana a las 05:00 &#8211; \u00a1a tiempo para el primer turno de producci\u00f3n<\/strong>!<\/li>\n<\/ul>\n<h2 style=\"text-align: justify;\"><span style=\"font-size: 18pt;\">Transporte a\u00e9reo expr\u00e9s Turqu\u00eda-Francia: la historia completa<\/span><\/h2>\n<p style=\"text-align: justify;\">El cliente, un fabricante de autom\u00f3viles franc\u00e9s, se puso en contacto con nosotros el viernes<strong> a las 11:00<\/strong>, ya que su proveedor turco deb\u00eda tener las piezas listas esa tarde. Las piezas deb\u00edan entregarse el lunes por la ma\u00f1ana para <strong>evitar un paro de la l\u00ednea<\/strong> en su f\u00e1brica del norte de Francia.<\/p>\n<p style=\"text-align: justify;\">La urgencia se deb\u00eda a la mala calidad de las piezas recibidas esa misma semana, muchas de las cuales fueron rechazadas. Esto significaba que las piezas en stock eran inutilizables y, por tanto, la producci\u00f3n del lunes corr\u00eda peligro.<\/p>\n<p style=\"text-align: justify;\"><strong>El transporte por cami\u00f3n no pod\u00eda garantizar la entrega en Francia para el lunes por la ma\u00f1ana. En el mejor de los casos, los pal\u00e9s no se entregar\u00edan antes del lunes por la tarde por carretera, lo que habr\u00eda sido demasiado tarde para el turno de ma\u00f1ana del lunes y la producci\u00f3n.<\/strong><\/p>\n<p style=\"text-align: justify;\">Por ello, el cliente quer\u00eda enviar una cantidad limitada de piezas por v\u00eda a\u00e9rea con Air Time Critical\u00ae para garantizar una primera entrega el lunes por la ma\u00f1ana a m\u00e1s tardar a las 06:00, y as\u00ed asegurar su producci\u00f3n. El resto de las piezas (el grueso del env\u00edo) seguir\u00eda por carretera con su transportista habitual.<\/p>\n<p style=\"text-align: justify;\">\u00bfPermitir\u00eda el transporte a\u00e9reo la entrega a tiempo a pesar de ser un viernes a \u00faltima hora en Turqu\u00eda?<\/p>\n<h3 style=\"text-align: justify;\"><span style=\"font-size: 14pt;\"><strong>Transporte urgente en Turqu\u00eda: \u00bfqu\u00e9 retos plantea?<\/strong><\/span><\/h3>\n<p style=\"text-align: justify;\"><strong>Retos de este env\u00edo urgente desde Turqu\u00eda<\/strong> \u2013 Ya eran las 13:00 horas de un viernes en Turqu\u00eda. Nadie sab\u00eda a\u00fan a qu\u00e9 hora estar\u00edan listas las piezas. Este modo de transporte requiere una buena capacidad de respuesta local para conseguir un taxi r\u00e1pido en Turqu\u00eda en un momento dado.<\/p>\n<p style=\"text-align: justify;\">Tambi\u00e9n hab\u00eda que realizar los tr\u00e1mites de exportaci\u00f3n con el transportista y entregar las piezas en el aeropuerto de Estambul lo antes posible, teniendo en cuenta que Bursa est\u00e1 a 3 horas en coche de Estambul. \u00a1As\u00ed que todo era muy justo!<\/p>\n<p style=\"text-align: justify;\"><strong>Tr\u00e1mites de exportaci\u00f3n en el aeropuerto de estambul por la tarde<\/strong>: Tambi\u00e9n hab\u00eda que asegurarse de que el procedimiento de exportaci\u00f3n pudiera realizarse en el aeropuerto Atat\u00fcrk de Estambul esa misma tarde, fuera del horario de apertura de la aduana. En caso contrario, habr\u00eda que esperar hasta el lunes por la ma\u00f1ana.<\/p>\n<h3 style=\"text-align: justify;\"><span style=\"font-size: 14pt;\">Una entrega urgente puerta a puerta entre Turqu\u00eda y Francia en la pr\u00e1ctica<\/span><\/h3>\n<p style=\"text-align: justify;\">Con esta solicitud urgente, Air Time Critical\u00ae se puso en contacto con el proveedor turco para acordar los detalles de la recogida y el proceso de exportaci\u00f3n:<\/p>\n<ul style=\"text-align: justify;\">\n<li>Se envi\u00f3 un taxi expr\u00e9s a Bursa para recogerlo a las <strong>17:00 horas<\/strong> a modo de transporte previo<\/li>\n<li>Mientras tanto, ATC\u00ae y sus socios locales se encargaron de los tr\u00e1mites de exportaci\u00f3n en el aeropuerto de Estambul, en estrecha colaboraci\u00f3n con el proveedor turco<\/li>\n<li>En el <a href=\"https:\/\/ataturkairport.com\/\" target=\"_blank\" rel=\"nofollow noopener noreferrer\">aeropuerto Atat\u00fcrk de Estambul<\/a>, se solicit\u00f3 una <strong>autorizaci\u00f3n de aduanas extraordinaria<\/strong> para permitir el paso por las aduanas de exportaci\u00f3n fuera del horario de apertura el viernes por la noche.<\/li>\n<li>Los 3 pal\u00e9s urgentes &#8211; 150 kg de piezas de autom\u00f3vil &#8211; se <strong>entregaron en el aeropuerto de Estambul a las 19:30<\/strong><\/li>\n<li><strong>Una vez pasado el despacho de aduanas, las piezas se entregaron por v\u00eda a\u00e9rea en Estambul antes de las 21:00 horas<\/strong><\/li>\n<\/ul>\n<p style=\"text-align: justify;\">La reserva se asegur\u00f3 en un <strong>vuelo directo Estambul-Par\u00eds CDG<\/strong> con la opci\u00f3n Must-Go. Esta <a href=\"https:\/\/www.airtimecritical.com\/es\/transporte-aereo-prioritario\" target=\"_blank\" rel=\"noopener\">reserva prioritaria<\/a> concede a las mercanc\u00edas un acceso privilegiado al vuelo reservado frente a otros pal\u00e9s y paquetes considerados menos urgentes (carga consolidada \/ carga general). De este modo, se garantiza que los 3 pal\u00e9s urgentes se <strong>carguen en el primer vuelo<\/strong> a Par\u00eds CDG.<\/p>\n<h3 style=\"text-align: justify;\"><span style=\"font-size: 14pt;\">Tr\u00e1mites de importaci\u00f3n en fin de semana y por la noche en el CDG de Par\u00eds<\/span><\/h3>\n<p style=\"text-align: justify;\">Nos adelantamos a los <a href=\"https:\/\/www.airtimecritical.com\/es\/tramites-transporte-aduanas-internacionales\" target=\"_blank\" rel=\"noopener\">tr\u00e1mites de importaci\u00f3n<\/a> en el CDG de Par\u00eds e hicimos una solicitud especial para efectuar los tr\u00e1mites aduaneros en fin de semana.<\/p>\n<p style=\"text-align: justify;\">ATC\u00ae acord\u00f3 el procedimiento aduanero con el expedidor: autoliquidaci\u00f3n del IVA, importaci\u00f3n libre de IVA o no, certificado ATR, T1 o entrada de mercanc\u00edas para uso dom\u00e9stico (echa un vistazo: <a href=\"https:\/\/www.airtimecritical.com\/es\/tramites-transporte-aduanas-internacionales\" target=\"_blank\" rel=\"noopener\">ATC\u00ae te ayuda con los procedimientos<\/a>).<\/p>\n<p style=\"text-align: justify;\">La carga se despach\u00f3 en cuanto lleg\u00f3 a Roissy el s\u00e1bado por la tarde y se mantuvo en el aeropuerto de Par\u00eds CDG durante el fin de semana. La entrega se produjo, tal como se hab\u00eda solicitado, a las 05:00 de la ma\u00f1ana del lunes, cuando la f\u00e1brica abri\u00f3 sus puertas. Justo a tiempo para el inicio del primer turno de producci\u00f3n.<\/p>\n<h3 style=\"text-align: justify;\"><span style=\"font-size: 14pt;\">Un exitoso env\u00edo Turqu\u00eda-Francia, tal y como nos gusta en Air Time Critical\u00ae<\/span><\/h3>\n<p style=\"text-align: justify;\"><strong>Resultado<\/strong>: una misi\u00f3n de transporte a\u00e9reo expr\u00e9s Turqu\u00eda-Francia eficaz y exitosa. Se cumplieron los plazos y se estableci\u00f3 una fruct\u00edfera colaboraci\u00f3n con los distintos agentes implicados, desde el proveedor de Bursa, en Turqu\u00eda, hasta el personal del aeropuerto de Estambul, pasando por el departamento de aduanas del consignatario y el equipo de guardia de noches y fin de semana en el aeropuerto de Roissy. El resultado fue el cumplimiento de los plazos y la entrega puntual de la mercanc\u00eda para la producci\u00f3n del lunes por la ma\u00f1ana.<\/p>\n<p style=\"text-align: justify;\">Una gran aventura que puso en juego los puntos fuertes del equipo de Air Time Critical\u00ae.<\/p>\n<h2 style=\"text-align: justify;\"><span style=\"font-size: 18pt;\">\u00bfNecesitas transporte urgente Turqu\u00eda-Francia?<\/span><\/h2>\n<p style=\"text-align: justify;\">\u00bfDeseas obtener m\u00e1s informaci\u00f3n sobre las soluciones de transporte de <a href=\"https:\/\/www.airtimecritical.com\/es\/sobre-nosotros\" target=\"_blank\" rel=\"noopener\">Air Time Critical\u00ae<\/a> hacia\/desde Turqu\u00eda o cualquier otro pa\u00eds con el que comercies? \u00bfQuieres asegurar tus suministros? No dudes en ponerse en <a href=\"https:\/\/www.airtimecritical.com\/es\/contacto\" target=\"_blank\" rel=\"noopener\">contacto<\/a> con nosotros para conocer nuestras soluciones de transporte a\u00e9reo urgente:<\/p>\n<ul>\n<li style=\"text-align: justify;\"><a href=\"https:\/\/www.airtimecritical.com\/es\/transporte-aereo-prioritario\" target=\"_blank\" rel=\"noopener\">Transporte a\u00e9reo urgente y prioritario<\/a><\/li>\n<li style=\"text-align: justify;\"><a href=\"https:\/\/www.airtimecritical.com\/es\/entre-mensajeria-a-bordo\" target=\"_blank\" rel=\"noopener\">Mensajer\u00eda a Bordo<\/a> por avi\u00f3n<\/li>\n<li style=\"text-align: justify;\"><a href=\"https:\/\/www.airtimecritical.com\/es\/charter-aereo\" target=\"_blank\" rel=\"noopener\">Vuelo Ch\u00e1rter<\/a><\/li>\n<li style=\"text-align: justify;\"><a style=\"background-color: transparent;\" href=\"https:\/\/www.airtimecritical.com\/es\/helicopteros\" target=\"_blank\" rel=\"noopener\">Transporte urgente de mercanc\u00edas en helic\u00f3ptero<\/a><\/li>\n<\/ul>\n","protected":false},"excerpt":{"rendered":"<p>\u00bfNecesitas enviar urgentemente paquetes o pal\u00e9s desde Turqu\u00eda? A veces el transporte por carretera no es lo suficientemente r\u00e1pido para tus env\u00edos. A trav\u00e9s de este caso pr\u00e1ctico, descubre c\u00f3mo el transporte a\u00e9reo expr\u00e9s puede acortar los plazos de entrega entre Turqu\u00eda y Francia, incluso para env\u00edos de fin de semana.<\/p>\n","protected":false},"author":2,"featured_media":9777,"comment_status":"closed","ping_status":"closed","sticky":false,"template":"","format":"standard","meta":{"footnotes":""},"categories":[886],"tags":[889],"class_list":["post-9776","post","type-post","status-publish","format-standard","has-post-thumbnail","hentry","category-transporte-aereo-ejemplos","tag-transporte-aereo-urgente"],"yoast_head":"<!-- This site is optimized with the Yoast SEO Premium plugin v27.3 (Yoast SEO v27.5) - https:\/\/yoast.com\/product\/yoast-seo-premium-wordpress\/ -->\n<title>Relato de un env\u00edo urgente Turqu\u00eda-Francia - Air Time Critical\u00ae - ATC\u00ae<\/title>\n<meta name=\"description\" content=\"A veces el transporte por carretera no es lo suficientemente r\u00e1pido: conoce la historia de un env\u00edo a\u00e9reo urgente entre Turqu\u00eda y Francia\" \/>\n<meta name=\"robots\" content=\"index, follow, max-snippet:-1, max-image-preview:large, max-video-preview:-1\" \/>\n<link rel=\"canonical\" href=\"https:\/\/www.airtimecritical.com\/es\/envio-aereo-urgente-turquia-francia\" \/>\n<meta property=\"og:locale\" content=\"es_ES\" \/>\n<meta property=\"og:type\" content=\"article\" \/>\n<meta property=\"og:title\" content=\"Relato de un env\u00edo urgente Turqu\u00eda-Francia\" \/>\n<meta property=\"og:description\" content=\"A veces el transporte por carretera no es lo suficientemente r\u00e1pido: conoce la historia de un env\u00edo a\u00e9reo urgente entre Turqu\u00eda y Francia\" \/>\n<meta property=\"og:url\" content=\"https:\/\/www.airtimecritical.com\/es\/envio-aereo-urgente-turquia-francia\" \/>\n<meta property=\"og:site_name\" content=\"Air Time Critical\u00ae - ATC\u00ae\" \/>\n<meta property=\"article:publisher\" content=\"https:\/\/www.facebook.com\/AirTimeCritical.Atc.airfreight\" \/>\n<meta property=\"article:published_time\" content=\"2022-11-16T08:00:48+00:00\" \/>\n<meta property=\"article:modified_time\" content=\"2022-12-07T11:16:42+00:00\" \/>\n<meta property=\"og:image\" content=\"https:\/\/www.airtimecritical.com\/wp-content\/uploads\/2022\/11\/Turquia-Transporte-urgente.jpg\" \/>\n\t<meta property=\"og:image:width\" content=\"848\" \/>\n\t<meta property=\"og:image:height\" content=\"565\" \/>\n\t<meta property=\"og:image:type\" content=\"image\/jpeg\" \/>\n<meta name=\"author\" content=\"ATC\" \/>\n<meta name=\"twitter:card\" content=\"summary_large_image\" \/>\n<meta name=\"twitter:creator\" content=\"@AirTimeCritical\" \/>\n<meta name=\"twitter:site\" content=\"@AirTimeCritical\" \/>\n<meta name=\"twitter:label1\" content=\"Escrito por\" \/>\n\t<meta name=\"twitter:data1\" content=\"ATC\" \/>\n\t<meta name=\"twitter:label2\" content=\"Tiempo de lectura\" \/>\n\t<meta name=\"twitter:data2\" content=\"5 minutos\" \/>\n<script type=\"application\/ld+json\" class=\"yoast-schema-graph\">{\"@context\":\"https:\\\/\\\/schema.org\",\"@graph\":[{\"@type\":\"Article\",\"@id\":\"https:\\\/\\\/www.airtimecritical.com\\\/es\\\/envio-aereo-urgente-turquia-francia#article\",\"isPartOf\":{\"@id\":\"https:\\\/\\\/www.airtimecritical.com\\\/es\\\/envio-aereo-urgente-turquia-francia\"},\"author\":{\"name\":\"ATC\",\"@id\":\"https:\\\/\\\/www.airtimecritical.com\\\/es#\\\/schema\\\/person\\\/22eeefeab161c4125b4632ddb66eaf9b\"},\"headline\":\"Relato de un env\u00edo urgente Turqu\u00eda-Francia\",\"datePublished\":\"2022-11-16T08:00:48+00:00\",\"dateModified\":\"2022-12-07T11:16:42+00:00\",\"mainEntityOfPage\":{\"@id\":\"https:\\\/\\\/www.airtimecritical.com\\\/es\\\/envio-aereo-urgente-turquia-francia\"},\"wordCount\":1167,\"publisher\":{\"@id\":\"https:\\\/\\\/www.airtimecritical.com\\\/es#organization\"},\"image\":{\"@id\":\"https:\\\/\\\/www.airtimecritical.com\\\/es\\\/envio-aereo-urgente-turquia-francia#primaryimage\"},\"thumbnailUrl\":\"https:\\\/\\\/www.airtimecritical.com\\\/wp-content\\\/uploads\\\/2022\\\/11\\\/Turquia-Transporte-urgente.jpg\",\"keywords\":[\"Transporte a\u00e9reo urgente\"],\"articleSection\":[\"Ejemplos Transporte A\u00e9reo\"],\"inLanguage\":\"es\"},{\"@type\":\"WebPage\",\"@id\":\"https:\\\/\\\/www.airtimecritical.com\\\/es\\\/envio-aereo-urgente-turquia-francia\",\"url\":\"https:\\\/\\\/www.airtimecritical.com\\\/es\\\/envio-aereo-urgente-turquia-francia\",\"name\":\"Relato de un env\u00edo urgente Turqu\u00eda-Francia - Air Time Critical\u00ae - ATC\u00ae\",\"isPartOf\":{\"@id\":\"https:\\\/\\\/www.airtimecritical.com\\\/es#website\"},\"primaryImageOfPage\":{\"@id\":\"https:\\\/\\\/www.airtimecritical.com\\\/es\\\/envio-aereo-urgente-turquia-francia#primaryimage\"},\"image\":{\"@id\":\"https:\\\/\\\/www.airtimecritical.com\\\/es\\\/envio-aereo-urgente-turquia-francia#primaryimage\"},\"thumbnailUrl\":\"https:\\\/\\\/www.airtimecritical.com\\\/wp-content\\\/uploads\\\/2022\\\/11\\\/Turquia-Transporte-urgente.jpg\",\"datePublished\":\"2022-11-16T08:00:48+00:00\",\"dateModified\":\"2022-12-07T11:16:42+00:00\",\"description\":\"A veces el transporte por carretera no es lo suficientemente r\u00e1pido: conoce la historia de un env\u00edo a\u00e9reo urgente entre Turqu\u00eda y Francia\",\"breadcrumb\":{\"@id\":\"https:\\\/\\\/www.airtimecritical.com\\\/es\\\/envio-aereo-urgente-turquia-francia#breadcrumb\"},\"inLanguage\":\"es\",\"potentialAction\":[{\"@type\":\"ReadAction\",\"target\":[\"https:\\\/\\\/www.airtimecritical.com\\\/es\\\/envio-aereo-urgente-turquia-francia\"]}]},{\"@type\":\"ImageObject\",\"inLanguage\":\"es\",\"@id\":\"https:\\\/\\\/www.airtimecritical.com\\\/es\\\/envio-aereo-urgente-turquia-francia#primaryimage\",\"url\":\"https:\\\/\\\/www.airtimecritical.com\\\/wp-content\\\/uploads\\\/2022\\\/11\\\/Turquia-Transporte-urgente.jpg\",\"contentUrl\":\"https:\\\/\\\/www.airtimecritical.com\\\/wp-content\\\/uploads\\\/2022\\\/11\\\/Turquia-Transporte-urgente.jpg\",\"width\":848,\"height\":565,\"caption\":\"Relato de un env\u00edo urgente Turqu\u00eda-Francia\"},{\"@type\":\"BreadcrumbList\",\"@id\":\"https:\\\/\\\/www.airtimecritical.com\\\/es\\\/envio-aereo-urgente-turquia-francia#breadcrumb\",\"itemListElement\":[{\"@type\":\"ListItem\",\"position\":1,\"name\":\"Home\",\"item\":\"https:\\\/\\\/www.airtimecritical.com\\\/es\"},{\"@type\":\"ListItem\",\"position\":2,\"name\":\"Relato de un env\u00edo urgente Turqu\u00eda-Francia\"}]},{\"@type\":\"WebSite\",\"@id\":\"https:\\\/\\\/www.airtimecritical.com\\\/es#website\",\"url\":\"https:\\\/\\\/www.airtimecritical.com\\\/es\",\"name\":\"Air Time Critical - ATC\",\"description\":\"Air Time Critical\u00ae offers priority air freight solutions to the industry in Europe, the Americas, and Asia | Door to door transport\",\"publisher\":{\"@id\":\"https:\\\/\\\/www.airtimecritical.com\\\/es#organization\"},\"potentialAction\":[{\"@type\":\"SearchAction\",\"target\":{\"@type\":\"EntryPoint\",\"urlTemplate\":\"https:\\\/\\\/www.airtimecritical.com\\\/es?s={search_term_string}\"},\"query-input\":{\"@type\":\"PropertyValueSpecification\",\"valueRequired\":true,\"valueName\":\"search_term_string\"}}],\"inLanguage\":\"es\"},{\"@type\":\"Organization\",\"@id\":\"https:\\\/\\\/www.airtimecritical.com\\\/es#organization\",\"name\":\"Airt Time Critical - ATC\",\"url\":\"https:\\\/\\\/www.airtimecritical.com\\\/es\",\"logo\":{\"@type\":\"ImageObject\",\"inLanguage\":\"es\",\"@id\":\"https:\\\/\\\/www.airtimecritical.com\\\/es#\\\/schema\\\/logo\\\/image\\\/\",\"url\":\"https:\\\/\\\/www.airtimecritical.com\\\/wp-content\\\/uploads\\\/2019\\\/10\\\/Logo_airtimecritical.png\",\"contentUrl\":\"https:\\\/\\\/www.airtimecritical.com\\\/wp-content\\\/uploads\\\/2019\\\/10\\\/Logo_airtimecritical.png\",\"width\":246,\"height\":141,\"caption\":\"Airt Time Critical - ATC\"},\"image\":{\"@id\":\"https:\\\/\\\/www.airtimecritical.com\\\/es#\\\/schema\\\/logo\\\/image\\\/\"},\"sameAs\":[\"https:\\\/\\\/www.facebook.com\\\/AirTimeCritical.Atc.airfreight\",\"https:\\\/\\\/x.com\\\/AirTimeCritical\",\"https:\\\/\\\/www.instagram.com\\\/airtimecritical\\\/\",\"https:\\\/\\\/www.linkedin.com\\\/company\\\/air-time-critical-\\\/\",\"https:\\\/\\\/www.youtube.com\\\/c\\\/Airtimecritical-envois-urgents-international\\\/\"]},{\"@type\":\"Person\",\"@id\":\"https:\\\/\\\/www.airtimecritical.com\\\/es#\\\/schema\\\/person\\\/22eeefeab161c4125b4632ddb66eaf9b\",\"name\":\"ATC\",\"url\":\"https:\\\/\\\/www.airtimecritical.com\\\/es\\\/author\\\/atc\"}]}<\/script>\n<!-- \/ Yoast SEO Premium plugin. -->","yoast_head_json":{"title":"Relato de un env\u00edo urgente Turqu\u00eda-Francia - Air Time Critical\u00ae - ATC\u00ae","description":"A veces el transporte por carretera no es lo suficientemente r\u00e1pido: conoce la historia de un env\u00edo a\u00e9reo urgente entre Turqu\u00eda y Francia","robots":{"index":"index","follow":"follow","max-snippet":"max-snippet:-1","max-image-preview":"max-image-preview:large","max-video-preview":"max-video-preview:-1"},"canonical":"https:\/\/www.airtimecritical.com\/es\/envio-aereo-urgente-turquia-francia","og_locale":"es_ES","og_type":"article","og_title":"Relato de un env\u00edo urgente Turqu\u00eda-Francia","og_description":"A veces el transporte por carretera no es lo suficientemente r\u00e1pido: conoce la historia de un env\u00edo a\u00e9reo urgente entre Turqu\u00eda y Francia","og_url":"https:\/\/www.airtimecritical.com\/es\/envio-aereo-urgente-turquia-francia","og_site_name":"Air Time Critical\u00ae - ATC\u00ae","article_publisher":"https:\/\/www.facebook.com\/AirTimeCritical.Atc.airfreight","article_published_time":"2022-11-16T08:00:48+00:00","article_modified_time":"2022-12-07T11:16:42+00:00","og_image":[{"width":848,"height":565,"url":"https:\/\/www.airtimecritical.com\/wp-content\/uploads\/2022\/11\/Turquia-Transporte-urgente.jpg","type":"image\/jpeg"}],"author":"ATC","twitter_card":"summary_large_image","twitter_creator":"@AirTimeCritical","twitter_site":"@AirTimeCritical","twitter_misc":{"Escrito por":"ATC","Tiempo de lectura":"5 minutos"},"schema":{"@context":"https:\/\/schema.org","@graph":[{"@type":"Article","@id":"https:\/\/www.airtimecritical.com\/es\/envio-aereo-urgente-turquia-francia#article","isPartOf":{"@id":"https:\/\/www.airtimecritical.com\/es\/envio-aereo-urgente-turquia-francia"},"author":{"name":"ATC","@id":"https:\/\/www.airtimecritical.com\/es#\/schema\/person\/22eeefeab161c4125b4632ddb66eaf9b"},"headline":"Relato de un env\u00edo urgente Turqu\u00eda-Francia","datePublished":"2022-11-16T08:00:48+00:00","dateModified":"2022-12-07T11:16:42+00:00","mainEntityOfPage":{"@id":"https:\/\/www.airtimecritical.com\/es\/envio-aereo-urgente-turquia-francia"},"wordCount":1167,"publisher":{"@id":"https:\/\/www.airtimecritical.com\/es#organization"},"image":{"@id":"https:\/\/www.airtimecritical.com\/es\/envio-aereo-urgente-turquia-francia#primaryimage"},"thumbnailUrl":"https:\/\/www.airtimecritical.com\/wp-content\/uploads\/2022\/11\/Turquia-Transporte-urgente.jpg","keywords":["Transporte a\u00e9reo urgente"],"articleSection":["Ejemplos Transporte A\u00e9reo"],"inLanguage":"es"},{"@type":"WebPage","@id":"https:\/\/www.airtimecritical.com\/es\/envio-aereo-urgente-turquia-francia","url":"https:\/\/www.airtimecritical.com\/es\/envio-aereo-urgente-turquia-francia","name":"Relato de un env\u00edo urgente Turqu\u00eda-Francia - Air Time Critical\u00ae - ATC\u00ae","isPartOf":{"@id":"https:\/\/www.airtimecritical.com\/es#website"},"primaryImageOfPage":{"@id":"https:\/\/www.airtimecritical.com\/es\/envio-aereo-urgente-turquia-francia#primaryimage"},"image":{"@id":"https:\/\/www.airtimecritical.com\/es\/envio-aereo-urgente-turquia-francia#primaryimage"},"thumbnailUrl":"https:\/\/www.airtimecritical.com\/wp-content\/uploads\/2022\/11\/Turquia-Transporte-urgente.jpg","datePublished":"2022-11-16T08:00:48+00:00","dateModified":"2022-12-07T11:16:42+00:00","description":"A veces el transporte por carretera no es lo suficientemente r\u00e1pido: conoce la historia de un env\u00edo a\u00e9reo urgente entre Turqu\u00eda y Francia","breadcrumb":{"@id":"https:\/\/www.airtimecritical.com\/es\/envio-aereo-urgente-turquia-francia#breadcrumb"},"inLanguage":"es","potentialAction":[{"@type":"ReadAction","target":["https:\/\/www.airtimecritical.com\/es\/envio-aereo-urgente-turquia-francia"]}]},{"@type":"ImageObject","inLanguage":"es","@id":"https:\/\/www.airtimecritical.com\/es\/envio-aereo-urgente-turquia-francia#primaryimage","url":"https:\/\/www.airtimecritical.com\/wp-content\/uploads\/2022\/11\/Turquia-Transporte-urgente.jpg","contentUrl":"https:\/\/www.airtimecritical.com\/wp-content\/uploads\/2022\/11\/Turquia-Transporte-urgente.jpg","width":848,"height":565,"caption":"Relato de un env\u00edo urgente Turqu\u00eda-Francia"},{"@type":"BreadcrumbList","@id":"https:\/\/www.airtimecritical.com\/es\/envio-aereo-urgente-turquia-francia#breadcrumb","itemListElement":[{"@type":"ListItem","position":1,"name":"Home","item":"https:\/\/www.airtimecritical.com\/es"},{"@type":"ListItem","position":2,"name":"Relato de un env\u00edo urgente Turqu\u00eda-Francia"}]},{"@type":"WebSite","@id":"https:\/\/www.airtimecritical.com\/es#website","url":"https:\/\/www.airtimecritical.com\/es","name":"Air Time Critical - ATC","description":"Air Time Critical\u00ae offers priority air freight solutions to the industry in Europe, the Americas, and Asia | Door to door transport","publisher":{"@id":"https:\/\/www.airtimecritical.com\/es#organization"},"potentialAction":[{"@type":"SearchAction","target":{"@type":"EntryPoint","urlTemplate":"https:\/\/www.airtimecritical.com\/es?s={search_term_string}"},"query-input":{"@type":"PropertyValueSpecification","valueRequired":true,"valueName":"search_term_string"}}],"inLanguage":"es"},{"@type":"Organization","@id":"https:\/\/www.airtimecritical.com\/es#organization","name":"Airt Time Critical - ATC","url":"https:\/\/www.airtimecritical.com\/es","logo":{"@type":"ImageObject","inLanguage":"es","@id":"https:\/\/www.airtimecritical.com\/es#\/schema\/logo\/image\/","url":"https:\/\/www.airtimecritical.com\/wp-content\/uploads\/2019\/10\/Logo_airtimecritical.png","contentUrl":"https:\/\/www.airtimecritical.com\/wp-content\/uploads\/2019\/10\/Logo_airtimecritical.png","width":246,"height":141,"caption":"Airt Time Critical - ATC"},"image":{"@id":"https:\/\/www.airtimecritical.com\/es#\/schema\/logo\/image\/"},"sameAs":["https:\/\/www.facebook.com\/AirTimeCritical.Atc.airfreight","https:\/\/x.com\/AirTimeCritical","https:\/\/www.instagram.com\/airtimecritical\/","https:\/\/www.linkedin.com\/company\/air-time-critical-\/","https:\/\/www.youtube.com\/c\/Airtimecritical-envois-urgents-international\/"]},{"@type":"Person","@id":"https:\/\/www.airtimecritical.com\/es#\/schema\/person\/22eeefeab161c4125b4632ddb66eaf9b","name":"ATC","url":"https:\/\/www.airtimecritical.com\/es\/author\/atc"}]}},"_links":{"self":[{"href":"https:\/\/www.airtimecritical.com\/es\/wp-json\/wp\/v2\/posts\/9776","targetHints":{"allow":["GET"]}}],"collection":[{"href":"https:\/\/www.airtimecritical.com\/es\/wp-json\/wp\/v2\/posts"}],"about":[{"href":"https:\/\/www.airtimecritical.com\/es\/wp-json\/wp\/v2\/types\/post"}],"author":[{"embeddable":true,"href":"https:\/\/www.airtimecritical.com\/es\/wp-json\/wp\/v2\/users\/2"}],"replies":[{"embeddable":true,"href":"https:\/\/www.airtimecritical.com\/es\/wp-json\/wp\/v2\/comments?post=9776"}],"version-history":[{"count":2,"href":"https:\/\/www.airtimecritical.com\/es\/wp-json\/wp\/v2\/posts\/9776\/revisions"}],"predecessor-version":[{"id":9783,"href":"https:\/\/www.airtimecritical.com\/es\/wp-json\/wp\/v2\/posts\/9776\/revisions\/9783"}],"wp:featuredmedia":[{"embeddable":true,"href":"https:\/\/www.airtimecritical.com\/es\/wp-json\/wp\/v2\/media\/9777"}],"wp:attachment":[{"href":"https:\/\/www.airtimecritical.com\/es\/wp-json\/wp\/v2\/media?parent=9776"}],"wp:term":[{"taxonomy":"category","embeddable":true,"href":"https:\/\/www.airtimecritical.com\/es\/wp-json\/wp\/v2\/categories?post=9776"},{"taxonomy":"post_tag","embeddable":true,"href":"https:\/\/www.airtimecritical.com\/es\/wp-json\/wp\/v2\/tags?post=9776"}],"curies":[{"name":"wp","href":"https:\/\/api.w.org\/{rel}","templated":true}]}}