{"id":4621,"date":"2021-09-07T13:14:45","date_gmt":"2021-09-07T12:14:45","guid":{"rendered":"https:\/\/www.airtimecritical.com\/air-charter-espagne-aeroports"},"modified":"2022-10-12T14:11:55","modified_gmt":"2022-10-12T13:11:55","slug":"vuelo-charter-aeropuertos-espana","status":"publish","type":"post","link":"https:\/\/www.airtimecritical.com\/es\/vuelo-charter-aeropuertos-espana","title":{"rendered":"Vuelo ch\u00e1rter &#8211; Aeropuertos de Espa\u00f1a"},"content":{"rendered":"<pre>Sobre el autor: <strong>Air Time Critical\u00ae<\/strong> est\u00e1 especializado en log\u00edstica urgente y <a href=\"https:\/\/www.airtimecritical.com\/es\/charter-aereo\" target=\"_blank\" rel=\"noopener\">vuelo ch\u00e1rter de \u00faltima hora<\/a> para el sector.<\/pre>\n<p style=\"text-align: justify;\"><strong>Vuelo ch\u00e1rter &#8211; A continuaci\u00f3n, encontrar\u00e1s una lista de aeropuertos espa\u00f1oles con informaci\u00f3n sobre los horarios de sus operaciones de carga y las plantas de automoci\u00f3n m\u00e1s cercanas. Esto te ayudar\u00e1 a preparar env\u00edos urgentes a\/desde Espa\u00f1a en cualquier lugar de Europa.<\/strong><\/p>\n<p style=\"text-align: justify;\">Para env\u00edos urgentes y en tiempo limitado dentro de Europa, <a href=\"https:\/\/www.airtimecritical.com\/es\/sobre-nosotros\" target=\"_blank\" rel=\"noopener\">Air Time Critical\u00ae<\/a> recomienda el <a href=\"https:\/\/www.airtimecritical.com\/es\/charter-aereo\" target=\"_blank\" rel=\"noopener\">vuelo ch\u00e1rter<\/a>, que consiste en fletar un avi\u00f3n para un env\u00edo r\u00e1pido y directo a un lugar espec\u00edfico. Esta soluci\u00f3n de transporte especializada ofrece muchas ventajas:<\/p>\n<ul style=\"text-align: justify;\">\n<li>Funcionamiento 24\/7<\/li>\n<li>Vuelos a demanda<\/li>\n<li>Entrega puerta a puerta en toda Europa<\/li>\n<li>Los mejores plazos (media de 4 a 8 horas en Europa)<\/li>\n<li>Capacidad de carga flexible<\/li>\n<\/ul>\n<p style=\"text-align: justify;\">A continuaci\u00f3n, encontrar\u00e1s una pr\u00e1ctica lista de todos los aeropuertos regionales ordenados de norte a sur de Espa\u00f1a.<\/p>\n<h2 style=\"text-align: justify;\"><span style=\"font-size: 18pt;\"><strong><a href=\"https:\/\/www.google.com\/maps\/place\/A%C3%A9roport+international+de+Barcelone-El+Prat\/@41.297449,2.0811054,17z\/data=!3m1!4b1!4m5!3m4!1s0x12a49e64847c8ea5:0xf32be942fb6f9bd7!8m2!3d41.297445!4d2.0832941\" target=\"_blank\" rel=\"nofollow noopener noreferrer\">Aeropuerto de Barcelona<\/a> (BCN)<\/strong><\/span><\/h2>\n<pre>Regi\u00f3n: Catalu\u00f1a, Noreste\r\n\r\nOperaciones de vuelo ch\u00e1rter:<strong> 24\/7 + aduanas 24\/7 <\/strong>\r\n\r\nAeropuerto alternativo (diurno): Aeropuerto de Girona (GRO)<\/pre>\n<h2 style=\"text-align: justify;\"><span style=\"font-size: 18pt;\"><strong><a href=\"https:\/\/www.google.com\/maps\/place\/A%C3%A9roport+de+G%C3%A9rone-Costa+Brava\/@41.9026828,2.7610535,17z\/data=!3m1!4b1!4m5!3m4!1s0x12badfefc8b510d3:0x9bc3dd82d40e4ae3!8m2!3d41.9026788!4d2.7632422\" target=\"_blank\" rel=\"nofollow noopener noreferrer\">Aeropuerto de Girona<\/a> (GRO)<\/strong><\/span><\/h2>\n<pre>Regi\u00f3n: Catalu\u00f1a, Noreste\r\n\r\nOperaciones de vuelo ch\u00e1rter: <strong>24\/7<\/strong>\r\n\r\nAeropuerto alternativo (diurno): Aeropuerto de Barcelona (BCN)<\/pre>\n<h2 style=\"text-align: justify;\"><span style=\"font-size: 18pt;\"><strong><a href=\"https:\/\/www.google.com\/maps\/place\/A%C3%A9roport+de+Saragosse\/@41.6647602,-1.05027,17z\/data=!3m1!4b1!4m5!3m4!1s0xd596924d08306eb:0x9e7632763f42f85a!8m2!3d41.6647562!4d-1.0480813\" target=\"_blank\" rel=\"nofollow noopener noreferrer\">Aeropuerto de Zaragoza<\/a> (ZAZ)<\/strong><\/span><\/h2>\n<pre>Regi\u00f3n: Noreste\r\n\r\nOperaciones de vuelo ch\u00e1rter: <strong>24\/7<\/strong>\r\n\r\nAeropuerto alternativo (diurno): Aeropuerto de Pamplona (PNA)<\/pre>\n<h2 style=\"text-align: justify;\"><span style=\"font-size: 18pt;\"><strong><a href=\"https:\/\/www.google.com\/maps\/place\/A%C3%A9roport+de+Pamplona\/@42.7680084,-1.6416384,17z\/data=!3m1!4b1!4m5!3m4!1s0xd50917687e2e18d:0xc4cf0faa2c4304cb!8m2!3d42.7680045!4d-1.6394497\" target=\"_blank\" rel=\"nofollow noopener noreferrer\">Aeropuerto de Pamplona<\/a> (PNA)<\/strong><\/span><\/h2>\n<pre>Regi\u00f3n: Noreste\r\n\r\nOperaciones de vuelo ch\u00e1rter: 05:30 a 22:00. Aeropuerto situado en la monta\u00f1a; se necesitan buenas condiciones meteorol\u00f3gicas.\r\n\r\nAeropuertos alternativos (diurnos): Aeropuerto de Zaragoza (ZAZ) y Aeropuerto de Bilbao (BIO)<\/pre>\n<h2 style=\"text-align: justify;\"><span style=\"font-size: 18pt;\"><strong><a href=\"https:\/\/www.google.com\/maps\/place\/A%C3%A9roport+international+de+Bilbao\/@43.3024979,-2.9133047,17z\/data=!3m1!4b1!4m5!3m4!1s0xd4e456846ec45ab:0xc8b4a1b45d817b42!8m2!3d43.302494!4d-2.911116\" target=\"_blank\" rel=\"nofollow noopener noreferrer\">Aeropuerto de Bilbao<\/a> (BIO)<\/strong><\/span><\/h2>\n<pre>Regi\u00f3n: Pa\u00eds Vasco, Norte\r\n\r\nOperaciones de vuelo ch\u00e1rter: De 06:00 a 23:00, <strong>manipulaci\u00f3n de carga s\u00f3lo entre las 08:00 y las 19:00<\/strong>\r\n\r\nAeropuertos alternativos (diurnos): Aeropuerto de Pamplona (PNA) y Aeropuerto de Vitoria (VIT)<\/pre>\n<h2 style=\"text-align: justify;\"><span style=\"font-size: 18pt;\"><strong><a href=\"https:\/\/www.google.com\/maps\/place\/Aeropuerto+de+Vitoria-Gasteiz\/@42.8834103,-2.7334084,17z\/data=!3m1!4b1!4m5!3m4!1s0xd4fe0809d8984bf:0x8da668dab7afa3c6!8m2!3d42.8834064!4d-2.7312197\" target=\"_blank\" rel=\"nofollow noopener noreferrer\">Aeropuerto de Vitoria<\/a> (VIT)<\/strong><\/span><\/h2>\n<pre>Regi\u00f3n: Pa\u00eds Vasco, Norte\r\n\r\nOperaciones de vuelo ch\u00e1rter: <strong>24\/7<\/strong>\r\n\r\nAeropuerto alternativo (diurno): Aeropuerto de Bilbao (BIO)<\/pre>\n<h2 style=\"text-align: justify;\"><span style=\"font-size: 18pt;\"><strong><a href=\"https:\/\/www.google.com\/maps\/place\/A%C3%A9roport+de+Saint-Jacques-de-Compostelle\/@42.8974757,-8.4197489,17z\/data=!3m1!4b1!4m5!3m4!1s0xd2e5466f30c3c9f:0x9159c29910ff1ed8!8m2!3d42.8974718!4d-8.4175602\" target=\"_blank\" rel=\"nofollow noopener noreferrer\">Aeropuerto de Santiago de Compostela<\/a> (SCQ)<\/strong><\/span><\/h2>\n<pre>Regi\u00f3n: Noroeste\r\n\r\nOperaciones de vuelo ch\u00e1rter: 24 horas al d\u00eda, 7 d\u00edas a la semana, para vuelos de pasajeros, <strong>no hay servicio de manipulaci\u00f3n de carga disponible<\/strong>\r\n\r\nAeropuertos alternativos (diurnos): Aeropuerto de Vigo (VGO) y Aeropuerto de A Coru\u00f1a (LCG)<\/pre>\n<h2 style=\"text-align: justify;\"><span style=\"font-size: 18pt;\"><strong><a href=\"https:\/\/www.google.com\/maps\/place\/A%C3%A9roport+de+Vigo-Peinador\/@42.2311882,-8.6295608,17z\/data=!3m1!4b1!4m5!3m4!1s0xd25878a677db561:0xd68ebb394dbdbcbe!8m2!3d42.2311842!4d-8.6273721\" target=\"_blank\" rel=\"nofollow noopener noreferrer\">Aeropuerto de Vigo<\/a> (VGO)<\/strong><\/span><\/h2>\n<pre>Regi\u00f3n: Noroeste\r\n\r\nOperaciones de vuelo ch\u00e1rter: 06:00 a 00:30 + horario ampliado hasta las 03:00 <strong>solo para paqueter\u00eda<\/strong>\r\n\r\nAeropuerto alternativo (diurno): Aeropuerto de Santiago de Compostela (SCQ)<\/pre>\n<h2 style=\"text-align: justify;\"><span style=\"font-size: 18pt;\"><strong><a href=\"https:\/\/www.google.com\/maps\/place\/A%C3%A9roport+de+La+Corogne\/@43.3012572,-8.3809802,17z\/data=!3m1!4b1!4m5!3m4!1s0xd2e64926e8670d1:0x18d7bd8a3d0c7cdc!8m2!3d43.3012533!4d-8.3787915\" target=\"_blank\" rel=\"nofollow noopener noreferrer\">Aeropuerto de A Coru\u00f1a<\/a> (LCG)<\/strong><\/span><\/h2>\n<pre>Regi\u00f3n: Noroeste\r\n\r\nOperaciones de vuelo ch\u00e1rter: 06:00 a 22:00, capacidad operativa a confirmar antes de la reserva\r\n\r\nAeropuerto alternativo (diurno): Aeropuerto de Santiago de Compostela (SCQ)<\/pre>\n<h2 style=\"text-align: justify;\"><span style=\"font-size: 18pt;\"><strong><a href=\"https:\/\/www.google.com\/maps\/place\/A%C3%A9roport+de+Porto-Francisco+S%C3%A1-Carneiro\/@41.2421226,-8.6807401,17z\/data=!3m1!4b1!4m5!3m4!1s0xd246f64614a2bad:0x151a578a6d6039d1!8m2!3d41.2421186!4d-8.6785514\" target=\"_blank\" rel=\"nofollow noopener noreferrer\">Aeropuerto de Oporto<\/a> &#8211; Portugal (OPO)<\/strong><\/span><\/h2>\n<pre>Pa\u00eds: Portugal\r\n\r\nOperaciones de vuelo ch\u00e1rter: <strong>24\/7<\/strong>\r\n\r\nAeropuertos alternativos (diurnos): Aeropuerto de Vigo (VGO) y Aeropuerto de Santiago de Compostela (SCQ)<\/pre>\n<h2 style=\"text-align: justify;\"><span style=\"font-size: 18pt;\"><strong><a href=\"https:\/\/www.google.com\/maps\/place\/A%C3%A9roport+de+Valladolid\/@41.7060184,-4.8472577,17z\/data=!3m1!4b1!4m5!3m4!1s0xd477102d9d4dfb3:0xb4aa9367e81db2b1!8m2!3d41.7060144!4d-4.845069\" target=\"_blank\" rel=\"nofollow noopener noreferrer\">Aeropuerto de Valladolid<\/a> (VLL)<\/strong><\/span><\/h2>\n<pre>Regi\u00f3n: Noroeste\r\n\r\nOperaciones de vuelo ch\u00e1rter: de 08:30 a 21:15\r\n\r\nAeropuerto alternativo (diurno): Aeropuerto de Madrid (MAD)<\/pre>\n<h2 style=\"text-align: justify;\"><span style=\"font-size: 18pt;\"><strong><a href=\"https:\/\/www.google.com\/maps\/place\/A%C3%A9roport+Adolfo-Su%C3%A1rez+de+Madrid-Barajas\/@40.4983363,-3.5697869,17z\/data=!3m1!4b1!4m5!3m4!1s0xd4231d000000001:0x6e7725ea0f85ceef!8m2!3d40.4983322!4d-3.5675982\" target=\"_blank\" rel=\"nofollow noopener noreferrer\">Aeropuerto de Madrid<\/a> (MAD)<\/strong><\/span><\/h2>\n<pre>Regi\u00f3n: Madrid\r\n\r\nOperaciones de vuelo ch\u00e1rter: <strong>24\/7 + aduanas 24\/7<\/strong>\r\n\r\nAeropuerto alternativo (diurno): Aeropuerto de Valladolid (VLL)<\/pre>\n<h2 style=\"text-align: justify;\"><span style=\"font-size: 18pt;\"><strong><a href=\"https:\/\/www.google.com\/maps\/search\/aeropuerto+de+Valence,+Espagne\/@40.4983716,-3.5851078,14z\/data=!3m1!4b1\" target=\"_blank\" rel=\"nofollow noopener noreferrer\">Aeropuerto de Valencia<\/a> (VLC)<\/strong><\/span><\/h2>\n<pre>Regi\u00f3n: Este\r\n\r\nOperaciones de vuelo ch\u00e1rter: <strong>24\/7<\/strong><\/pre>\n<h2 style=\"text-align: justify;\"><span style=\"font-size: 18pt;\"><strong><a href=\"https:\/\/www.google.com\/maps\/place\/A%C3%A9roport+de+Malaga-Costa+del+Sol\/@36.6767471,-4.4960583,17z\/data=!3m1!4b1!4m5!3m4!1s0xd72fa1876ba30a5:0x57b5ad2f47de3e9a!8m2!3d36.6767428!4d-4.4938696\" target=\"_blank\" rel=\"nofollow noopener noreferrer\">Aeropuerto de M\u00e1laga<\/a> (AGP)<\/strong><\/span><\/h2>\n<pre style=\"text-align: justify;\">Regi\u00f3n: Andaluc\u00eda, Sur\r\n\r\nOperaciones de vuelo ch\u00e1rter: <strong>24\/7<\/strong>, pero <strong>se requiere autorizaci\u00f3n previa para la manipulaci\u00f3n de carga entre las 22:00 y las 06:00<\/strong>\r\n\r\nAeropuerto alternativo (diurno): Aeropuerto de Sevilla (SVQ)<\/pre>\n<h2 style=\"text-align: justify;\"><span style=\"font-size: 18pt;\"><strong><a href=\"https:\/\/www.google.com\/maps\/place\/A%C3%A9roport+de+S%C3%A9ville\/@37.4201716,-5.8952387,17z\/data=!3m1!4b1!4m5!3m4!1s0xd12661c8d849bb9:0x1527e77a0fb273a!8m2!3d37.4201674!4d-5.89305\" target=\"_blank\" rel=\"nofollow noopener noreferrer\">Aeropuerto de Sevilla<\/a> (SVQ)<\/strong><\/span><\/h2>\n<pre>Regi\u00f3n: Andaluc\u00eda, Sureste\r\n\r\nOperaciones de vuelo ch\u00e1rter: <strong>24\/7<\/strong>, pero <strong>se requiere autorizaci\u00f3n previa para la manipulaci\u00f3n de carga entre las 22:00 y las 06:00 horas<\/strong>\r\n\r\nAeropuerto alternativo (diurno): Aeropuerto de M\u00e1laga (AGP)<\/pre>\n<h2 style=\"text-align: justify;\"><span style=\"font-size: 18pt;\"><strong>Emergencia &#8211; Vuelo ch\u00e1rter:<\/strong><\/span><\/h2>\n<p style=\"text-align: justify;\">\u00bfNecesitas organizar un <a href=\"https:\/\/www.airtimecritical.com\/es\/charter-aereo\" target=\"_blank\" rel=\"noopener\">vuelo ch\u00e1rter<\/a> entre Espa\u00f1a y Europa? Ponte en <a href=\"https:\/\/www.airtimecritical.com\/es\/contacto\" target=\"_blank\" rel=\"noopener\">contacto con nosotros<\/a> ahora o rellena nuestro <a href=\"https:\/\/www.airtimecritical.com\/es\/citar\" target=\"_blank\" rel=\"noopener\">formulario<\/a> para obtener informaci\u00f3n en tiempo real sobre la disponibilidad de aviones y aeropuertos y recibir asistencia en el despacho de aduanas.<\/p>\n<p style=\"text-align: justify;\"><strong>Nota: Las normas de transporte hacia\/desde el Reino Unido han cambiado desde el Brexit. Esto significa que solo los aeropuertos de Barcelona y Madrid pueden gestionar env\u00edos hacia\/desde el Reino Unido, dado que son los \u00fanicos aeropuertos espa\u00f1oles con capacidad aduanera. <\/strong><\/p>\n<p style=\"text-align: justify;\"><em>Consulta tambi\u00e9n nuestro blog sobre los aeropuertos brit\u00e1nicos para<\/em> <em>vuelos ch\u00e1rters:<\/em> <a href=\"https:\/\/www.airtimecritical.com\/es\/aeropuertos-uk-vuelos-charter\" target=\"_blank\" rel=\"noopener\">Vuelo ch\u00e1rter: \u00bfQu\u00e9 aeropuertos del Reino Unido para env\u00edos urgentes?<\/a><\/p>\n","protected":false},"excerpt":{"rendered":"<p>\u00bfEn qu\u00e9 aeropuertos se pueden fletar aviones desde Espa\u00f1a a Europa? Consulta nuestra lista de aeropuertos regionales espa\u00f1oles, completa con los horarios de apertura y fabricantes de coches cercanos.<\/p>\n","protected":false},"author":2,"featured_media":4628,"comment_status":"closed","ping_status":"closed","sticky":false,"template":"","format":"standard","meta":{"footnotes":""},"categories":[885],"tags":[887],"class_list":["post-4621","post","type-post","status-publish","format-standard","has-post-thumbnail","hentry","category-asesoria-transporte-aereo","tag-vuelos-charter-urgentes"],"yoast_head":"<!-- This site is optimized with the Yoast SEO Premium plugin v27.3 (Yoast SEO v27.5) - https:\/\/yoast.com\/product\/yoast-seo-premium-wordpress\/ -->\n<title>Vuelo ch\u00e1rter - Aeropuertos de Espa\u00f1a - Air Time Critical\u00ae - ATC\u00ae<\/title>\n<meta name=\"description\" content=\"Vuelo ch\u00e1rter en Espa\u00f1a: Conoce los aeropuertos disponibles para env\u00edos urgentes en cada regi\u00f3n espa\u00f1ola con Air Time Critical\u00ae.\" \/>\n<meta name=\"robots\" content=\"index, follow, max-snippet:-1, max-image-preview:large, max-video-preview:-1\" \/>\n<link rel=\"canonical\" href=\"https:\/\/www.airtimecritical.com\/es\/vuelo-charter-aeropuertos-espana\" \/>\n<meta property=\"og:locale\" content=\"es_ES\" \/>\n<meta property=\"og:type\" content=\"article\" \/>\n<meta property=\"og:title\" content=\"Vuelo ch\u00e1rter - Aeropuertos de Espa\u00f1a\" \/>\n<meta property=\"og:description\" content=\"Vuelo ch\u00e1rter en Espa\u00f1a: Conoce los aeropuertos disponibles para env\u00edos urgentes en cada regi\u00f3n espa\u00f1ola con Air Time Critical\u00ae.\" \/>\n<meta property=\"og:url\" content=\"https:\/\/www.airtimecritical.com\/es\/vuelo-charter-aeropuertos-espana\" \/>\n<meta property=\"og:site_name\" content=\"Air Time Critical\u00ae - ATC\u00ae\" \/>\n<meta property=\"article:publisher\" content=\"https:\/\/www.facebook.com\/AirTimeCritical.Atc.airfreight\" \/>\n<meta property=\"article:published_time\" content=\"2021-09-07T12:14:45+00:00\" \/>\n<meta property=\"article:modified_time\" content=\"2022-10-12T13:11:55+00:00\" \/>\n<meta property=\"og:image\" content=\"https:\/\/www.airtimecritical.com\/wp-content\/uploads\/2021\/09\/Vuelo-charter-Aeropuertos-de-Espana.jpg\" \/>\n\t<meta property=\"og:image:width\" content=\"848\" \/>\n\t<meta property=\"og:image:height\" content=\"565\" \/>\n\t<meta property=\"og:image:type\" content=\"image\/jpeg\" \/>\n<meta name=\"author\" content=\"ATC\" \/>\n<meta name=\"twitter:card\" content=\"summary_large_image\" \/>\n<meta name=\"twitter:creator\" content=\"@AirTimeCritical\" \/>\n<meta name=\"twitter:site\" content=\"@AirTimeCritical\" \/>\n<meta name=\"twitter:label1\" content=\"Escrito por\" \/>\n\t<meta name=\"twitter:data1\" content=\"ATC\" \/>\n\t<meta name=\"twitter:label2\" content=\"Tiempo de lectura\" \/>\n\t<meta name=\"twitter:data2\" content=\"3 minutos\" \/>\n<script type=\"application\/ld+json\" class=\"yoast-schema-graph\">{\"@context\":\"https:\\\/\\\/schema.org\",\"@graph\":[{\"@type\":\"Article\",\"@id\":\"https:\\\/\\\/www.airtimecritical.com\\\/es\\\/vuelo-charter-aeropuertos-espana#article\",\"isPartOf\":{\"@id\":\"https:\\\/\\\/www.airtimecritical.com\\\/es\\\/vuelo-charter-aeropuertos-espana\"},\"author\":{\"name\":\"ATC\",\"@id\":\"https:\\\/\\\/www.airtimecritical.com\\\/es#\\\/schema\\\/person\\\/22eeefeab161c4125b4632ddb66eaf9b\"},\"headline\":\"Vuelo ch\u00e1rter &#8211; Aeropuertos de Espa\u00f1a\",\"datePublished\":\"2021-09-07T12:14:45+00:00\",\"dateModified\":\"2022-10-12T13:11:55+00:00\",\"mainEntityOfPage\":{\"@id\":\"https:\\\/\\\/www.airtimecritical.com\\\/es\\\/vuelo-charter-aeropuertos-espana\"},\"wordCount\":340,\"publisher\":{\"@id\":\"https:\\\/\\\/www.airtimecritical.com\\\/es#organization\"},\"image\":{\"@id\":\"https:\\\/\\\/www.airtimecritical.com\\\/es\\\/vuelo-charter-aeropuertos-espana#primaryimage\"},\"thumbnailUrl\":\"https:\\\/\\\/www.airtimecritical.com\\\/wp-content\\\/uploads\\\/2021\\\/09\\\/Vuelo-charter-Aeropuertos-de-Espana.jpg\",\"keywords\":[\"Vuelos ch\u00e1rter y helic\u00f3pteros\"],\"articleSection\":[\"Asesor\u00eda Transporte A\u00e9reo\"],\"inLanguage\":\"es\"},{\"@type\":\"WebPage\",\"@id\":\"https:\\\/\\\/www.airtimecritical.com\\\/es\\\/vuelo-charter-aeropuertos-espana\",\"url\":\"https:\\\/\\\/www.airtimecritical.com\\\/es\\\/vuelo-charter-aeropuertos-espana\",\"name\":\"Vuelo ch\u00e1rter - Aeropuertos de Espa\u00f1a - Air Time Critical\u00ae - ATC\u00ae\",\"isPartOf\":{\"@id\":\"https:\\\/\\\/www.airtimecritical.com\\\/es#website\"},\"primaryImageOfPage\":{\"@id\":\"https:\\\/\\\/www.airtimecritical.com\\\/es\\\/vuelo-charter-aeropuertos-espana#primaryimage\"},\"image\":{\"@id\":\"https:\\\/\\\/www.airtimecritical.com\\\/es\\\/vuelo-charter-aeropuertos-espana#primaryimage\"},\"thumbnailUrl\":\"https:\\\/\\\/www.airtimecritical.com\\\/wp-content\\\/uploads\\\/2021\\\/09\\\/Vuelo-charter-Aeropuertos-de-Espana.jpg\",\"datePublished\":\"2021-09-07T12:14:45+00:00\",\"dateModified\":\"2022-10-12T13:11:55+00:00\",\"description\":\"Vuelo ch\u00e1rter en Espa\u00f1a: Conoce los aeropuertos disponibles para env\u00edos urgentes en cada regi\u00f3n espa\u00f1ola con Air Time Critical\u00ae.\",\"breadcrumb\":{\"@id\":\"https:\\\/\\\/www.airtimecritical.com\\\/es\\\/vuelo-charter-aeropuertos-espana#breadcrumb\"},\"inLanguage\":\"es\",\"potentialAction\":[{\"@type\":\"ReadAction\",\"target\":[\"https:\\\/\\\/www.airtimecritical.com\\\/es\\\/vuelo-charter-aeropuertos-espana\"]}]},{\"@type\":\"ImageObject\",\"inLanguage\":\"es\",\"@id\":\"https:\\\/\\\/www.airtimecritical.com\\\/es\\\/vuelo-charter-aeropuertos-espana#primaryimage\",\"url\":\"https:\\\/\\\/www.airtimecritical.com\\\/wp-content\\\/uploads\\\/2021\\\/09\\\/Vuelo-charter-Aeropuertos-de-Espana.jpg\",\"contentUrl\":\"https:\\\/\\\/www.airtimecritical.com\\\/wp-content\\\/uploads\\\/2021\\\/09\\\/Vuelo-charter-Aeropuertos-de-Espana.jpg\",\"width\":848,\"height\":565,\"caption\":\"Vuelo ch\u00e1rter: Aeropuertos de Espa\u00f1a\"},{\"@type\":\"BreadcrumbList\",\"@id\":\"https:\\\/\\\/www.airtimecritical.com\\\/es\\\/vuelo-charter-aeropuertos-espana#breadcrumb\",\"itemListElement\":[{\"@type\":\"ListItem\",\"position\":1,\"name\":\"Home\",\"item\":\"https:\\\/\\\/www.airtimecritical.com\\\/es\"},{\"@type\":\"ListItem\",\"position\":2,\"name\":\"Vuelo ch\u00e1rter &#8211; Aeropuertos de Espa\u00f1a\"}]},{\"@type\":\"WebSite\",\"@id\":\"https:\\\/\\\/www.airtimecritical.com\\\/es#website\",\"url\":\"https:\\\/\\\/www.airtimecritical.com\\\/es\",\"name\":\"Air Time Critical - ATC\",\"description\":\"Air Time Critical\u00ae offers priority air freight solutions to the industry in Europe, the Americas, and Asia | Door to door transport\",\"publisher\":{\"@id\":\"https:\\\/\\\/www.airtimecritical.com\\\/es#organization\"},\"potentialAction\":[{\"@type\":\"SearchAction\",\"target\":{\"@type\":\"EntryPoint\",\"urlTemplate\":\"https:\\\/\\\/www.airtimecritical.com\\\/es?s={search_term_string}\"},\"query-input\":{\"@type\":\"PropertyValueSpecification\",\"valueRequired\":true,\"valueName\":\"search_term_string\"}}],\"inLanguage\":\"es\"},{\"@type\":\"Organization\",\"@id\":\"https:\\\/\\\/www.airtimecritical.com\\\/es#organization\",\"name\":\"Airt Time Critical - ATC\",\"url\":\"https:\\\/\\\/www.airtimecritical.com\\\/es\",\"logo\":{\"@type\":\"ImageObject\",\"inLanguage\":\"es\",\"@id\":\"https:\\\/\\\/www.airtimecritical.com\\\/es#\\\/schema\\\/logo\\\/image\\\/\",\"url\":\"https:\\\/\\\/www.airtimecritical.com\\\/wp-content\\\/uploads\\\/2019\\\/10\\\/Logo_airtimecritical.png\",\"contentUrl\":\"https:\\\/\\\/www.airtimecritical.com\\\/wp-content\\\/uploads\\\/2019\\\/10\\\/Logo_airtimecritical.png\",\"width\":246,\"height\":141,\"caption\":\"Airt Time Critical - ATC\"},\"image\":{\"@id\":\"https:\\\/\\\/www.airtimecritical.com\\\/es#\\\/schema\\\/logo\\\/image\\\/\"},\"sameAs\":[\"https:\\\/\\\/www.facebook.com\\\/AirTimeCritical.Atc.airfreight\",\"https:\\\/\\\/x.com\\\/AirTimeCritical\",\"https:\\\/\\\/www.instagram.com\\\/airtimecritical\\\/\",\"https:\\\/\\\/www.linkedin.com\\\/company\\\/air-time-critical-\\\/\",\"https:\\\/\\\/www.youtube.com\\\/c\\\/Airtimecritical-envois-urgents-international\\\/\"]},{\"@type\":\"Person\",\"@id\":\"https:\\\/\\\/www.airtimecritical.com\\\/es#\\\/schema\\\/person\\\/22eeefeab161c4125b4632ddb66eaf9b\",\"name\":\"ATC\",\"url\":\"https:\\\/\\\/www.airtimecritical.com\\\/es\\\/author\\\/atc\"}]}<\/script>\n<!-- \/ Yoast SEO Premium plugin. -->","yoast_head_json":{"title":"Vuelo ch\u00e1rter - Aeropuertos de Espa\u00f1a - Air Time Critical\u00ae - ATC\u00ae","description":"Vuelo ch\u00e1rter en Espa\u00f1a: Conoce los aeropuertos disponibles para env\u00edos urgentes en cada regi\u00f3n espa\u00f1ola con Air Time Critical\u00ae.","robots":{"index":"index","follow":"follow","max-snippet":"max-snippet:-1","max-image-preview":"max-image-preview:large","max-video-preview":"max-video-preview:-1"},"canonical":"https:\/\/www.airtimecritical.com\/es\/vuelo-charter-aeropuertos-espana","og_locale":"es_ES","og_type":"article","og_title":"Vuelo ch\u00e1rter - Aeropuertos de Espa\u00f1a","og_description":"Vuelo ch\u00e1rter en Espa\u00f1a: Conoce los aeropuertos disponibles para env\u00edos urgentes en cada regi\u00f3n espa\u00f1ola con Air Time Critical\u00ae.","og_url":"https:\/\/www.airtimecritical.com\/es\/vuelo-charter-aeropuertos-espana","og_site_name":"Air Time Critical\u00ae - ATC\u00ae","article_publisher":"https:\/\/www.facebook.com\/AirTimeCritical.Atc.airfreight","article_published_time":"2021-09-07T12:14:45+00:00","article_modified_time":"2022-10-12T13:11:55+00:00","og_image":[{"width":848,"height":565,"url":"https:\/\/www.airtimecritical.com\/wp-content\/uploads\/2021\/09\/Vuelo-charter-Aeropuertos-de-Espana.jpg","type":"image\/jpeg"}],"author":"ATC","twitter_card":"summary_large_image","twitter_creator":"@AirTimeCritical","twitter_site":"@AirTimeCritical","twitter_misc":{"Escrito por":"ATC","Tiempo de lectura":"3 minutos"},"schema":{"@context":"https:\/\/schema.org","@graph":[{"@type":"Article","@id":"https:\/\/www.airtimecritical.com\/es\/vuelo-charter-aeropuertos-espana#article","isPartOf":{"@id":"https:\/\/www.airtimecritical.com\/es\/vuelo-charter-aeropuertos-espana"},"author":{"name":"ATC","@id":"https:\/\/www.airtimecritical.com\/es#\/schema\/person\/22eeefeab161c4125b4632ddb66eaf9b"},"headline":"Vuelo ch\u00e1rter &#8211; Aeropuertos de Espa\u00f1a","datePublished":"2021-09-07T12:14:45+00:00","dateModified":"2022-10-12T13:11:55+00:00","mainEntityOfPage":{"@id":"https:\/\/www.airtimecritical.com\/es\/vuelo-charter-aeropuertos-espana"},"wordCount":340,"publisher":{"@id":"https:\/\/www.airtimecritical.com\/es#organization"},"image":{"@id":"https:\/\/www.airtimecritical.com\/es\/vuelo-charter-aeropuertos-espana#primaryimage"},"thumbnailUrl":"https:\/\/www.airtimecritical.com\/wp-content\/uploads\/2021\/09\/Vuelo-charter-Aeropuertos-de-Espana.jpg","keywords":["Vuelos ch\u00e1rter y helic\u00f3pteros"],"articleSection":["Asesor\u00eda Transporte A\u00e9reo"],"inLanguage":"es"},{"@type":"WebPage","@id":"https:\/\/www.airtimecritical.com\/es\/vuelo-charter-aeropuertos-espana","url":"https:\/\/www.airtimecritical.com\/es\/vuelo-charter-aeropuertos-espana","name":"Vuelo ch\u00e1rter - Aeropuertos de Espa\u00f1a - Air Time Critical\u00ae - ATC\u00ae","isPartOf":{"@id":"https:\/\/www.airtimecritical.com\/es#website"},"primaryImageOfPage":{"@id":"https:\/\/www.airtimecritical.com\/es\/vuelo-charter-aeropuertos-espana#primaryimage"},"image":{"@id":"https:\/\/www.airtimecritical.com\/es\/vuelo-charter-aeropuertos-espana#primaryimage"},"thumbnailUrl":"https:\/\/www.airtimecritical.com\/wp-content\/uploads\/2021\/09\/Vuelo-charter-Aeropuertos-de-Espana.jpg","datePublished":"2021-09-07T12:14:45+00:00","dateModified":"2022-10-12T13:11:55+00:00","description":"Vuelo ch\u00e1rter en Espa\u00f1a: Conoce los aeropuertos disponibles para env\u00edos urgentes en cada regi\u00f3n espa\u00f1ola con Air Time Critical\u00ae.","breadcrumb":{"@id":"https:\/\/www.airtimecritical.com\/es\/vuelo-charter-aeropuertos-espana#breadcrumb"},"inLanguage":"es","potentialAction":[{"@type":"ReadAction","target":["https:\/\/www.airtimecritical.com\/es\/vuelo-charter-aeropuertos-espana"]}]},{"@type":"ImageObject","inLanguage":"es","@id":"https:\/\/www.airtimecritical.com\/es\/vuelo-charter-aeropuertos-espana#primaryimage","url":"https:\/\/www.airtimecritical.com\/wp-content\/uploads\/2021\/09\/Vuelo-charter-Aeropuertos-de-Espana.jpg","contentUrl":"https:\/\/www.airtimecritical.com\/wp-content\/uploads\/2021\/09\/Vuelo-charter-Aeropuertos-de-Espana.jpg","width":848,"height":565,"caption":"Vuelo ch\u00e1rter: Aeropuertos de Espa\u00f1a"},{"@type":"BreadcrumbList","@id":"https:\/\/www.airtimecritical.com\/es\/vuelo-charter-aeropuertos-espana#breadcrumb","itemListElement":[{"@type":"ListItem","position":1,"name":"Home","item":"https:\/\/www.airtimecritical.com\/es"},{"@type":"ListItem","position":2,"name":"Vuelo ch\u00e1rter &#8211; Aeropuertos de Espa\u00f1a"}]},{"@type":"WebSite","@id":"https:\/\/www.airtimecritical.com\/es#website","url":"https:\/\/www.airtimecritical.com\/es","name":"Air Time Critical - ATC","description":"Air Time Critical\u00ae offers priority air freight solutions to the industry in Europe, the Americas, and Asia | Door to door transport","publisher":{"@id":"https:\/\/www.airtimecritical.com\/es#organization"},"potentialAction":[{"@type":"SearchAction","target":{"@type":"EntryPoint","urlTemplate":"https:\/\/www.airtimecritical.com\/es?s={search_term_string}"},"query-input":{"@type":"PropertyValueSpecification","valueRequired":true,"valueName":"search_term_string"}}],"inLanguage":"es"},{"@type":"Organization","@id":"https:\/\/www.airtimecritical.com\/es#organization","name":"Airt Time Critical - ATC","url":"https:\/\/www.airtimecritical.com\/es","logo":{"@type":"ImageObject","inLanguage":"es","@id":"https:\/\/www.airtimecritical.com\/es#\/schema\/logo\/image\/","url":"https:\/\/www.airtimecritical.com\/wp-content\/uploads\/2019\/10\/Logo_airtimecritical.png","contentUrl":"https:\/\/www.airtimecritical.com\/wp-content\/uploads\/2019\/10\/Logo_airtimecritical.png","width":246,"height":141,"caption":"Airt Time Critical - ATC"},"image":{"@id":"https:\/\/www.airtimecritical.com\/es#\/schema\/logo\/image\/"},"sameAs":["https:\/\/www.facebook.com\/AirTimeCritical.Atc.airfreight","https:\/\/x.com\/AirTimeCritical","https:\/\/www.instagram.com\/airtimecritical\/","https:\/\/www.linkedin.com\/company\/air-time-critical-\/","https:\/\/www.youtube.com\/c\/Airtimecritical-envois-urgents-international\/"]},{"@type":"Person","@id":"https:\/\/www.airtimecritical.com\/es#\/schema\/person\/22eeefeab161c4125b4632ddb66eaf9b","name":"ATC","url":"https:\/\/www.airtimecritical.com\/es\/author\/atc"}]}},"_links":{"self":[{"href":"https:\/\/www.airtimecritical.com\/es\/wp-json\/wp\/v2\/posts\/4621","targetHints":{"allow":["GET"]}}],"collection":[{"href":"https:\/\/www.airtimecritical.com\/es\/wp-json\/wp\/v2\/posts"}],"about":[{"href":"https:\/\/www.airtimecritical.com\/es\/wp-json\/wp\/v2\/types\/post"}],"author":[{"embeddable":true,"href":"https:\/\/www.airtimecritical.com\/es\/wp-json\/wp\/v2\/users\/2"}],"replies":[{"embeddable":true,"href":"https:\/\/www.airtimecritical.com\/es\/wp-json\/wp\/v2\/comments?post=4621"}],"version-history":[{"count":0,"href":"https:\/\/www.airtimecritical.com\/es\/wp-json\/wp\/v2\/posts\/4621\/revisions"}],"wp:featuredmedia":[{"embeddable":true,"href":"https:\/\/www.airtimecritical.com\/es\/wp-json\/wp\/v2\/media\/4628"}],"wp:attachment":[{"href":"https:\/\/www.airtimecritical.com\/es\/wp-json\/wp\/v2\/media?parent=4621"}],"wp:term":[{"taxonomy":"category","embeddable":true,"href":"https:\/\/www.airtimecritical.com\/es\/wp-json\/wp\/v2\/categories?post=4621"},{"taxonomy":"post_tag","embeddable":true,"href":"https:\/\/www.airtimecritical.com\/es\/wp-json\/wp\/v2\/tags?post=4621"}],"curies":[{"name":"wp","href":"https:\/\/api.w.org\/{rel}","templated":true}]}}