{"id":16042,"date":"2025-11-21T17:31:41","date_gmt":"2025-11-21T16:31:41","guid":{"rendered":"https:\/\/www.airtimecritical.com\/?p=16042"},"modified":"2025-11-21T17:33:53","modified_gmt":"2025-11-21T16:33:53","slug":"accion-de-gracias-2025-carga-aerea-estados-unidos","status":"publish","type":"post","link":"https:\/\/www.airtimecritical.com\/es\/accion-de-gracias-2025-carga-aerea-estados-unidos","title":{"rendered":"Acci\u00f3n de Gracias 2025: \u00bfqu\u00e9 impacto tendr\u00e1 en la carga a\u00e9rea?"},"content":{"rendered":"<h3 style=\"text-align: justify;\"><span style=\"font-size: 18pt;\"><strong>Acci\u00f3n de Gracias en EE. UU.: antic\u00edpese a los retrasos log\u00edsticos<\/strong><\/span><\/h3>\n<p style=\"text-align: justify;\"><span style=\"font-size: 12pt;\">El <strong>D\u00eda de Acci\u00f3n de Gracias<\/strong> en Estados Unidos se celebra el <strong>jueves 27 de noviembre de 2025<\/strong> y tendr\u00e1, una vez m\u00e1s, un impacto significativo en la carga a\u00e9rea, el despacho aduanero y los flujos log\u00edsticos tanto dentro del pa\u00eds como a nivel internacional.<\/span><\/p>\n<p style=\"text-align: justify;\"><span style=\"font-size: 12pt;\">Pero \u00bfsab\u00eda que <strong>Black Friday<\/strong> en EE. UU. tambi\u00e9n <strong>afecta a la carga a\u00e9rea que sale de China y de gran parte de Asia<\/strong>?<\/span><br \/>\n<span style=\"font-size: 12pt;\">El pico de exportaciones de comercio electr\u00f3nico previo a las ventas minoristas estadounidenses absorbe una gran parte de la capacidad a\u00e9rea global, a menudo antes de que los cargadores industriales sean conscientes del problema.<\/span><\/p>\n<h3 style=\"text-align: justify;\"><span style=\"font-size: 14pt;\"><strong>Cierres por festivos e impacto log\u00edstico<\/strong><\/span><\/h3>\n<p style=\"text-align: justify;\"><span style=\"font-size: 12pt;\">La mayor\u00eda de las empresas, transitarios y oficinas de aduanas de EE. UU. estar\u00e1n cerrados el <strong>D\u00eda de Acci\u00f3n de Gracias (27 de noviembre)<\/strong> y el <strong>viernes siguiente (28 de noviembre)<\/strong>. Esto generar\u00e1 procesos ralentizados, menor capacidad de respuesta y acumulaci\u00f3n de env\u00edos que puede extenderse a la semana siguiente.<\/span><\/p>\n<p style=\"text-align: justify;\"><span style=\"font-size: 12pt;\"><strong>El tr\u00e1fico a\u00e9reo de pasajeros alcanzar\u00e1 picos muy altos el mi\u00e9rcoles 26 y el domingo 30 de noviembre<\/strong> \u2014dos de los d\u00edas con mayor volumen de viajes del a\u00f1o\u2014, reduciendo el espacio disponible en bodega para la carga general. Esto incrementa el riesgo de retrasos, cancelaciones y p\u00e9rdida de conexiones.<\/span><\/p>\n<p style=\"text-align: justify;\"><span style=\"font-size: 12pt;\">Aunque la log\u00edstica de carga general se ralentiza, las soluciones expr\u00e9s premium como <strong><span style=\"color: #00ccff;\"><a style=\"color: #00ccff;\" title=\"Mensajero exclusivo internacional\" href=\"https:\/\/www.airtimecritical.com\/es\/entre-mensajeria-a-bordo\" target=\"_blank\" rel=\"noopener\">On Board Courier (OBC)<\/a><\/span><\/strong> y<a title=\"Transporte a\u00e9reo prioritario\" href=\"https:\/\/www.airtimecritical.com\/es\/transporte-aereo-prioritario\" target=\"_blank\" rel=\"noopener\"><strong><span style=\"color: #00ccff;\"> Next Flight Out (NFO)<\/span><\/strong><\/a> contin\u00faan operando con normalidad, permitiendo que los env\u00edos urgentes circulen con mayor rapidez que el transporte est\u00e1ndar.<\/span><\/p>\n<h3 style=\"text-align: justify;\"><span style=\"font-size: 14pt;\"><strong>Black Friday: aumento de la demanda a\u00e9rea desde China y Asia<\/strong><\/span><\/h3>\n<p style=\"text-align: justify;\"><span style=\"font-size: 12pt;\">Cada a\u00f1o, la temporada de <strong>Black Friday<\/strong> genera una <strong>demanda excepcional de transporte a\u00e9reo entre China, Hong Kong, Taiw\u00e1n y EE. UU<\/strong>.. Los productos de consumo ocupan gran parte de la capacidad disponible, lo que provoca un aumento en las tarifas y <strong>limita las opciones para la carga industrial<\/strong>.<\/span><\/p>\n<p style=\"text-align: justify;\"><span style=\"font-size: 12pt;\">Las aerol\u00edneas suelen reasignar aviones de fuselaje ancho <strong>hacia rutas de alto volumen e-commerce<\/strong>, dejando algunas conexiones posteriores operadas por aviones m\u00e1s peque\u00f1os con <strong>capacidad limitada de carga<\/strong>.<\/span><br \/>\n<span style=\"font-size: 12pt;\">Esto supone un reto para los responsables de log\u00edstica que necesitan mantener su cadena de suministro en funcionamiento.<\/span><\/p>\n<h3 style=\"text-align: justify;\"><span style=\"font-size: 14pt;\"><strong>Fechas clave e impacto esperado<\/strong><\/span><\/h3>\n<table style=\"border-collapse: collapse; width: 100%;\">\n<tbody>\n<tr style=\"height: 53px;\">\n<td style=\"width: 33.3333%; height: 53px; background-color: #f0f3fa;\"><strong><span style=\"font-size: 12pt;\">Evento\u00a0<\/span><\/strong><\/td>\n<td style=\"width: 33.3333%; height: 53px; background-color: #f0f3fa;\"><strong><span style=\"font-size: 12pt;\">Fecha<\/span><\/strong><\/td>\n<td style=\"width: 33.3333%; height: 53px; background-color: #f0f3fa;\"><strong><span style=\"font-size: 12pt;\">\u00a0Impacto previsto<\/span><\/strong><\/td>\n<\/tr>\n<tr>\n<td style=\"width: 33.3333%; background-color: #f0f3fa;\"><strong>Acci\u00f3n de Gracias (EE. UU.)\u00a0<\/strong><\/td>\n<td style=\"width: 33.3333%; background-color: #f0f3fa;\">Jue 27 nov 2025<\/td>\n<td style=\"width: 33.3333%; background-color: #f0f3fa;\">Cierres totales; sin operaciones aduaneras est\u00e1ndar<\/td>\n<\/tr>\n<tr>\n<td style=\"width: 33.3333%; background-color: #f0f3fa;\"><strong>D\u00eda despu\u00e9s de Acci\u00f3n de Gracias\u00a0<\/strong><\/td>\n<td style=\"width: 33.3333%; background-color: #f0f3fa;\">Vie 28 nov 2025<\/td>\n<td style=\"width: 33.3333%; background-color: #f0f3fa;\">Cierres prolongados; acumulaci\u00f3n de env\u00edos<\/td>\n<\/tr>\n<tr>\n<td style=\"width: 33.3333%; background-color: #f0f3fa;\"><strong>Picos de viaje<\/strong><\/td>\n<td style=\"width: 33.3333%; background-color: #f0f3fa;\">Mi\u00e9 26 &amp; Dom 30 nov<\/td>\n<td style=\"width: 33.3333%; background-color: #f0f3fa;\">Menor capacidad a\u00e9rea; posibles retrasos<\/td>\n<\/tr>\n<tr>\n<td style=\"width: 33.3333%; background-color: #f0f3fa;\"><strong>Temporada de Black Friday<\/strong><\/td>\n<td style=\"width: 33.3333%; background-color: #f0f3fa;\">Mediados a finales de noviembre<\/td>\n<td style=\"width: 33.3333%; background-color: #f0f3fa;\">Alta demanda desde Asia y tarifas elevadas<\/td>\n<\/tr>\n<\/tbody>\n<\/table>\n<h3 style=\"text-align: justify;\"><span style=\"font-size: 14pt;\"><strong>C\u00f3mo mitigar los retrasos log\u00edsticos<\/strong><\/span><\/h3>\n<ul>\n<li style=\"text-align: justify;\"><span style=\"font-size: 12pt;\"><em>Comun\u00edquese con proveedores<\/em> con antelaci\u00f3n sobre horarios y fechas l\u00edmite.<\/span><\/li>\n<li style=\"text-align: justify;\"><span style=\"font-size: 12pt;\"><em>Verifique el estatus <\/em><strong><em>Known-shipper <\/em><\/strong>de sus proveedores en EE. UU.; si no lo tienen, asegure capacidad de carga exclusiva al menos una semana antes del festivo.<\/span><\/li>\n<li style=\"text-align: justify;\"><span style=\"font-size: 12pt;\"><em>Para carga general, reserve antes<\/em> de lo habitual con su transitario para asegurar espacio y evitar cuellos de botella.<\/span><\/li>\n<li style=\"text-align: justify;\"><span style=\"font-size: 12pt;\">Desde Asia, anticipe tarifas m\u00e1s altas y espacio limitado procedente de China y pa\u00edses vecinos.<\/span><\/li>\n<li style=\"text-align: justify;\"><span style=\"font-size: 12pt;\"><strong>\u00bfNecesidad urgente o de \u00faltima hora?<\/strong> Recurra a soluciones premium (<strong>OBC<\/strong> o <strong>NFO<\/strong>), que son r\u00e1pidas, flexibles y fiables incluso incluso cuando las opciones de transporte est\u00e1ndar est\u00e1n saturadas.<\/span><\/li>\n<\/ul>\n<h3 style=\"text-align: justify;\"><span style=\"font-size: 14pt;\"><strong>\u00bfC\u00f3mo ayudan los servicios premium a proteger su producci\u00f3n?<\/strong><\/span><\/h3>\n<p><span style=\"font-size: 12pt;\">Los servicios premium ofrecen claras ventajas operativas y financieras durante los per\u00edodos de mayor actividad:<\/span><\/p>\n<ul>\n<li style=\"text-align: justify;\"><em>Tiempos de tr\u00e1nsito m\u00e1s r\u00e1pidos<\/em> y fiables incluso con la red saturada<\/li>\n<li style=\"text-align: justify;\"><em>Menor riesgo de paradas de producci\u00f3n<\/em> y costes asociados<\/li>\n<li style=\"text-align: justify;\"><em>Mayor visibilidad y control<\/em> sobre flujos cr\u00edticos<\/li>\n<li style=\"text-align: justify;\"><em>Mejor continuidad operativa<\/em> para equipos internos y clientes industriales<\/li>\n<\/ul>\n<h3 style=\"text-align: justify;\"><strong><span style=\"font-size: 14pt;\">Air Time Critical\u00ae: soporte 24\/7 para env\u00edos urgentes<\/span><\/strong><\/h3>\n<p style=\"text-align: justify;\"><span style=\"font-size: 12pt;\">Air Time Critical\u00ae opera con normalidad durante Acci\u00f3n de Gracias y Black Friday. Nuestro <strong>equipo trabaja 24\/7<\/strong>, organizando <strong><span style=\"color: #00ccff;\"><a style=\"color: #00ccff;\" href=\"https:\/\/www.airtimecritical.com\/es\/transporte-aereo-prioritario\" target=\"_blank\" rel=\"noopener\">transporte a\u00e9reo prioritario<\/a><\/span><\/strong>, <strong><span style=\"color: #00ccff;\"><a style=\"color: #00ccff;\" title=\"Mensajer\u00eda a bordo\" href=\"https:\/\/www.airtimecritical.com\/es\/entre-mensajeria-a-bordo\" target=\"_blank\" rel=\"noopener\">entregas hand-carry (OBC)<\/a><\/span><\/strong> y <strong><span style=\"color: #00ccff;\"><a style=\"color: #00ccff;\" title=\"Ch\u00e1rter A\u00e9reo de mercanc\u00edas\" href=\"https:\/\/www.airtimecritical.com\/es\/charter-aereo\" target=\"_blank\" rel=\"noopener\">vuelos dedicados<\/a><\/span><\/strong> dentro de Europa, garantizando la <strong>continuidad de su cadena de suministro.<\/strong><\/span><\/p>\n<p style=\"text-align: justify;\"><span style=\"font-size: 12pt;\">Cuando cada hora cuenta, nuestros especialistas le proporcionan la <strong>soluci\u00f3n a\u00e9rea puerta a puerta<\/strong> m\u00e1s r\u00e1pida y fiable \u2014 <strong>desde EE. UU. hacia Europa y el resto del mundo<\/strong>.<\/span><\/p>\n<p>&nbsp;<\/p>\n<p style=\"text-align: justify;\"><strong><span style=\"font-size: 12pt;\">Cont\u00e1ctenos en cualquier momento para asegurar su pr\u00f3ximo env\u00edo urgente.<\/span><\/strong><\/p>\n<ul>\n<li>\ud83d\udcde <span style=\"font-size: 12pt;\">+32 2 888 84 16 (EN\/FR)<\/span><\/li>\n<\/ul>\n<p><a class=\"wp-block-button__link has-background has-vivid-cyan-blue-background-color\" href=\"https:\/\/www.airtimecritical.com\/es\/contacto\" target=\"_blank\" rel=\"noopener\">Formulario de contacto<\/a><\/p>\n","protected":false},"excerpt":{"rendered":"<p>El D\u00eda de Acci\u00f3n de Gracias y el Black Friday de 2025 ralentizar\u00e1n el transporte a\u00e9reo de mercanc\u00edas en Estados Unidos y desde China. Descubra las fechas clave, los riesgos de congesti\u00f3n y las soluciones premium para garantizar la continuidad de sus env\u00edos urgentes.<\/p>\n","protected":false},"author":2,"featured_media":16100,"comment_status":"closed","ping_status":"closed","sticky":false,"template":"","format":"standard","meta":{"footnotes":""},"categories":[837],"tags":[],"class_list":["post-16042","post","type-post","status-publish","format-standard","has-post-thumbnail","hentry","category-noticias-transporte-aereo"],"yoast_head":"<!-- This site is optimized with the Yoast SEO Premium plugin v27.3 (Yoast SEO v27.5) - https:\/\/yoast.com\/product\/yoast-seo-premium-wordpress\/ -->\n<title>Acci\u00f3n de Gracias 2025: \u00bfqu\u00e9 impacto tendr\u00e1 en la carga a\u00e9rea? - Air Time Critical\u00ae - ATC\u00ae<\/title>\n<meta name=\"description\" content=\"El D\u00eda de Acci\u00f3n de Gracias y el Black Friday ralentizar\u00e1n el transporte a\u00e9reo de mercanc\u00edas. Descubra c\u00f3mo anticiparse a los impactos y asegurar sus env\u00edos urgentes.\" \/>\n<meta name=\"robots\" content=\"index, follow, max-snippet:-1, max-image-preview:large, max-video-preview:-1\" \/>\n<link rel=\"canonical\" href=\"https:\/\/www.airtimecritical.com\/es\/accion-de-gracias-2025-carga-aerea-estados-unidos\" \/>\n<meta property=\"og:locale\" content=\"es_ES\" \/>\n<meta property=\"og:type\" content=\"article\" \/>\n<meta property=\"og:title\" content=\"Acci\u00f3n de Gracias 2025: \u00bfqu\u00e9 impacto tendr\u00e1 en la carga a\u00e9rea?\" \/>\n<meta property=\"og:description\" content=\"El D\u00eda de Acci\u00f3n de Gracias y el Black Friday ralentizar\u00e1n el transporte a\u00e9reo de mercanc\u00edas. Descubra c\u00f3mo anticiparse a los impactos y asegurar sus env\u00edos urgentes.\" \/>\n<meta property=\"og:url\" content=\"https:\/\/www.airtimecritical.com\/es\/accion-de-gracias-2025-carga-aerea-estados-unidos\" \/>\n<meta property=\"og:site_name\" content=\"Air Time Critical\u00ae - ATC\u00ae\" \/>\n<meta property=\"article:publisher\" content=\"https:\/\/www.facebook.com\/AirTimeCritical.Atc.airfreight\" \/>\n<meta property=\"article:published_time\" content=\"2025-11-21T16:31:41+00:00\" \/>\n<meta property=\"article:modified_time\" content=\"2025-11-21T16:33:53+00:00\" \/>\n<meta property=\"og:image\" content=\"https:\/\/www.airtimecritical.com\/wp-content\/uploads\/2025\/11\/transporte-aereo-urgente-accion-de-gracias-2025.jpg\" \/>\n\t<meta property=\"og:image:width\" content=\"920\" \/>\n\t<meta property=\"og:image:height\" content=\"520\" \/>\n\t<meta property=\"og:image:type\" content=\"image\/jpeg\" \/>\n<meta name=\"author\" content=\"ATC\" \/>\n<meta name=\"twitter:card\" content=\"summary_large_image\" \/>\n<meta name=\"twitter:creator\" content=\"@AirTimeCritical\" \/>\n<meta name=\"twitter:site\" content=\"@AirTimeCritical\" \/>\n<meta name=\"twitter:label1\" content=\"Escrito por\" \/>\n\t<meta name=\"twitter:data1\" content=\"ATC\" \/>\n\t<meta name=\"twitter:label2\" content=\"Tiempo de lectura\" \/>\n\t<meta name=\"twitter:data2\" content=\"4 minutos\" \/>\n<script type=\"application\/ld+json\" class=\"yoast-schema-graph\">{\"@context\":\"https:\\\/\\\/schema.org\",\"@graph\":[{\"@type\":\"Article\",\"@id\":\"https:\\\/\\\/www.airtimecritical.com\\\/es\\\/accion-de-gracias-2025-carga-aerea-estados-unidos#article\",\"isPartOf\":{\"@id\":\"https:\\\/\\\/www.airtimecritical.com\\\/es\\\/accion-de-gracias-2025-carga-aerea-estados-unidos\"},\"author\":{\"name\":\"ATC\",\"@id\":\"https:\\\/\\\/www.airtimecritical.com\\\/es#\\\/schema\\\/person\\\/22eeefeab161c4125b4632ddb66eaf9b\"},\"headline\":\"Acci\u00f3n de Gracias 2025: \u00bfqu\u00e9 impacto tendr\u00e1 en la carga a\u00e9rea?\",\"datePublished\":\"2025-11-21T16:31:41+00:00\",\"dateModified\":\"2025-11-21T16:33:53+00:00\",\"mainEntityOfPage\":{\"@id\":\"https:\\\/\\\/www.airtimecritical.com\\\/es\\\/accion-de-gracias-2025-carga-aerea-estados-unidos\"},\"wordCount\":763,\"publisher\":{\"@id\":\"https:\\\/\\\/www.airtimecritical.com\\\/es#organization\"},\"image\":{\"@id\":\"https:\\\/\\\/www.airtimecritical.com\\\/es\\\/accion-de-gracias-2025-carga-aerea-estados-unidos#primaryimage\"},\"thumbnailUrl\":\"https:\\\/\\\/www.airtimecritical.com\\\/wp-content\\\/uploads\\\/2025\\\/11\\\/transporte-aereo-urgente-accion-de-gracias-2025.jpg\",\"articleSection\":[\"Noticias Transporte A\u00e9reo\"],\"inLanguage\":\"es\"},{\"@type\":\"WebPage\",\"@id\":\"https:\\\/\\\/www.airtimecritical.com\\\/es\\\/accion-de-gracias-2025-carga-aerea-estados-unidos\",\"url\":\"https:\\\/\\\/www.airtimecritical.com\\\/es\\\/accion-de-gracias-2025-carga-aerea-estados-unidos\",\"name\":\"Acci\u00f3n de Gracias 2025: \u00bfqu\u00e9 impacto tendr\u00e1 en la carga a\u00e9rea? - Air Time Critical\u00ae - ATC\u00ae\",\"isPartOf\":{\"@id\":\"https:\\\/\\\/www.airtimecritical.com\\\/es#website\"},\"primaryImageOfPage\":{\"@id\":\"https:\\\/\\\/www.airtimecritical.com\\\/es\\\/accion-de-gracias-2025-carga-aerea-estados-unidos#primaryimage\"},\"image\":{\"@id\":\"https:\\\/\\\/www.airtimecritical.com\\\/es\\\/accion-de-gracias-2025-carga-aerea-estados-unidos#primaryimage\"},\"thumbnailUrl\":\"https:\\\/\\\/www.airtimecritical.com\\\/wp-content\\\/uploads\\\/2025\\\/11\\\/transporte-aereo-urgente-accion-de-gracias-2025.jpg\",\"datePublished\":\"2025-11-21T16:31:41+00:00\",\"dateModified\":\"2025-11-21T16:33:53+00:00\",\"description\":\"El D\u00eda de Acci\u00f3n de Gracias y el Black Friday ralentizar\u00e1n el transporte a\u00e9reo de mercanc\u00edas. Descubra c\u00f3mo anticiparse a los impactos y asegurar sus env\u00edos urgentes.\",\"breadcrumb\":{\"@id\":\"https:\\\/\\\/www.airtimecritical.com\\\/es\\\/accion-de-gracias-2025-carga-aerea-estados-unidos#breadcrumb\"},\"inLanguage\":\"es\",\"potentialAction\":[{\"@type\":\"ReadAction\",\"target\":[\"https:\\\/\\\/www.airtimecritical.com\\\/es\\\/accion-de-gracias-2025-carga-aerea-estados-unidos\"]}]},{\"@type\":\"ImageObject\",\"inLanguage\":\"es\",\"@id\":\"https:\\\/\\\/www.airtimecritical.com\\\/es\\\/accion-de-gracias-2025-carga-aerea-estados-unidos#primaryimage\",\"url\":\"https:\\\/\\\/www.airtimecritical.com\\\/wp-content\\\/uploads\\\/2025\\\/11\\\/transporte-aereo-urgente-accion-de-gracias-2025.jpg\",\"contentUrl\":\"https:\\\/\\\/www.airtimecritical.com\\\/wp-content\\\/uploads\\\/2025\\\/11\\\/transporte-aereo-urgente-accion-de-gracias-2025.jpg\",\"width\":920,\"height\":520},{\"@type\":\"BreadcrumbList\",\"@id\":\"https:\\\/\\\/www.airtimecritical.com\\\/es\\\/accion-de-gracias-2025-carga-aerea-estados-unidos#breadcrumb\",\"itemListElement\":[{\"@type\":\"ListItem\",\"position\":1,\"name\":\"Home\",\"item\":\"https:\\\/\\\/www.airtimecritical.com\\\/es\"},{\"@type\":\"ListItem\",\"position\":2,\"name\":\"Acci\u00f3n de Gracias 2025: \u00bfqu\u00e9 impacto tendr\u00e1 en la carga a\u00e9rea?\"}]},{\"@type\":\"WebSite\",\"@id\":\"https:\\\/\\\/www.airtimecritical.com\\\/es#website\",\"url\":\"https:\\\/\\\/www.airtimecritical.com\\\/es\",\"name\":\"Air Time Critical - ATC\",\"description\":\"Air Time Critical\u00ae offers priority air freight solutions to the industry in Europe, the Americas, and Asia | Door to door transport\",\"publisher\":{\"@id\":\"https:\\\/\\\/www.airtimecritical.com\\\/es#organization\"},\"potentialAction\":[{\"@type\":\"SearchAction\",\"target\":{\"@type\":\"EntryPoint\",\"urlTemplate\":\"https:\\\/\\\/www.airtimecritical.com\\\/es?s={search_term_string}\"},\"query-input\":{\"@type\":\"PropertyValueSpecification\",\"valueRequired\":true,\"valueName\":\"search_term_string\"}}],\"inLanguage\":\"es\"},{\"@type\":\"Organization\",\"@id\":\"https:\\\/\\\/www.airtimecritical.com\\\/es#organization\",\"name\":\"Airt Time Critical - ATC\",\"url\":\"https:\\\/\\\/www.airtimecritical.com\\\/es\",\"logo\":{\"@type\":\"ImageObject\",\"inLanguage\":\"es\",\"@id\":\"https:\\\/\\\/www.airtimecritical.com\\\/es#\\\/schema\\\/logo\\\/image\\\/\",\"url\":\"https:\\\/\\\/www.airtimecritical.com\\\/wp-content\\\/uploads\\\/2019\\\/10\\\/Logo_airtimecritical.png\",\"contentUrl\":\"https:\\\/\\\/www.airtimecritical.com\\\/wp-content\\\/uploads\\\/2019\\\/10\\\/Logo_airtimecritical.png\",\"width\":246,\"height\":141,\"caption\":\"Airt Time Critical - ATC\"},\"image\":{\"@id\":\"https:\\\/\\\/www.airtimecritical.com\\\/es#\\\/schema\\\/logo\\\/image\\\/\"},\"sameAs\":[\"https:\\\/\\\/www.facebook.com\\\/AirTimeCritical.Atc.airfreight\",\"https:\\\/\\\/x.com\\\/AirTimeCritical\",\"https:\\\/\\\/www.instagram.com\\\/airtimecritical\\\/\",\"https:\\\/\\\/www.linkedin.com\\\/company\\\/air-time-critical-\\\/\",\"https:\\\/\\\/www.youtube.com\\\/c\\\/Airtimecritical-envois-urgents-international\\\/\"]},{\"@type\":\"Person\",\"@id\":\"https:\\\/\\\/www.airtimecritical.com\\\/es#\\\/schema\\\/person\\\/22eeefeab161c4125b4632ddb66eaf9b\",\"name\":\"ATC\",\"url\":\"https:\\\/\\\/www.airtimecritical.com\\\/es\\\/author\\\/atc\"}]}<\/script>\n<!-- \/ Yoast SEO Premium plugin. -->","yoast_head_json":{"title":"Acci\u00f3n de Gracias 2025: \u00bfqu\u00e9 impacto tendr\u00e1 en la carga a\u00e9rea? - Air Time Critical\u00ae - ATC\u00ae","description":"El D\u00eda de Acci\u00f3n de Gracias y el Black Friday ralentizar\u00e1n el transporte a\u00e9reo de mercanc\u00edas. Descubra c\u00f3mo anticiparse a los impactos y asegurar sus env\u00edos urgentes.","robots":{"index":"index","follow":"follow","max-snippet":"max-snippet:-1","max-image-preview":"max-image-preview:large","max-video-preview":"max-video-preview:-1"},"canonical":"https:\/\/www.airtimecritical.com\/es\/accion-de-gracias-2025-carga-aerea-estados-unidos","og_locale":"es_ES","og_type":"article","og_title":"Acci\u00f3n de Gracias 2025: \u00bfqu\u00e9 impacto tendr\u00e1 en la carga a\u00e9rea?","og_description":"El D\u00eda de Acci\u00f3n de Gracias y el Black Friday ralentizar\u00e1n el transporte a\u00e9reo de mercanc\u00edas. Descubra c\u00f3mo anticiparse a los impactos y asegurar sus env\u00edos urgentes.","og_url":"https:\/\/www.airtimecritical.com\/es\/accion-de-gracias-2025-carga-aerea-estados-unidos","og_site_name":"Air Time Critical\u00ae - ATC\u00ae","article_publisher":"https:\/\/www.facebook.com\/AirTimeCritical.Atc.airfreight","article_published_time":"2025-11-21T16:31:41+00:00","article_modified_time":"2025-11-21T16:33:53+00:00","og_image":[{"width":920,"height":520,"url":"https:\/\/www.airtimecritical.com\/wp-content\/uploads\/2025\/11\/transporte-aereo-urgente-accion-de-gracias-2025.jpg","type":"image\/jpeg"}],"author":"ATC","twitter_card":"summary_large_image","twitter_creator":"@AirTimeCritical","twitter_site":"@AirTimeCritical","twitter_misc":{"Escrito por":"ATC","Tiempo de lectura":"4 minutos"},"schema":{"@context":"https:\/\/schema.org","@graph":[{"@type":"Article","@id":"https:\/\/www.airtimecritical.com\/es\/accion-de-gracias-2025-carga-aerea-estados-unidos#article","isPartOf":{"@id":"https:\/\/www.airtimecritical.com\/es\/accion-de-gracias-2025-carga-aerea-estados-unidos"},"author":{"name":"ATC","@id":"https:\/\/www.airtimecritical.com\/es#\/schema\/person\/22eeefeab161c4125b4632ddb66eaf9b"},"headline":"Acci\u00f3n de Gracias 2025: \u00bfqu\u00e9 impacto tendr\u00e1 en la carga a\u00e9rea?","datePublished":"2025-11-21T16:31:41+00:00","dateModified":"2025-11-21T16:33:53+00:00","mainEntityOfPage":{"@id":"https:\/\/www.airtimecritical.com\/es\/accion-de-gracias-2025-carga-aerea-estados-unidos"},"wordCount":763,"publisher":{"@id":"https:\/\/www.airtimecritical.com\/es#organization"},"image":{"@id":"https:\/\/www.airtimecritical.com\/es\/accion-de-gracias-2025-carga-aerea-estados-unidos#primaryimage"},"thumbnailUrl":"https:\/\/www.airtimecritical.com\/wp-content\/uploads\/2025\/11\/transporte-aereo-urgente-accion-de-gracias-2025.jpg","articleSection":["Noticias Transporte A\u00e9reo"],"inLanguage":"es"},{"@type":"WebPage","@id":"https:\/\/www.airtimecritical.com\/es\/accion-de-gracias-2025-carga-aerea-estados-unidos","url":"https:\/\/www.airtimecritical.com\/es\/accion-de-gracias-2025-carga-aerea-estados-unidos","name":"Acci\u00f3n de Gracias 2025: \u00bfqu\u00e9 impacto tendr\u00e1 en la carga a\u00e9rea? - Air Time Critical\u00ae - ATC\u00ae","isPartOf":{"@id":"https:\/\/www.airtimecritical.com\/es#website"},"primaryImageOfPage":{"@id":"https:\/\/www.airtimecritical.com\/es\/accion-de-gracias-2025-carga-aerea-estados-unidos#primaryimage"},"image":{"@id":"https:\/\/www.airtimecritical.com\/es\/accion-de-gracias-2025-carga-aerea-estados-unidos#primaryimage"},"thumbnailUrl":"https:\/\/www.airtimecritical.com\/wp-content\/uploads\/2025\/11\/transporte-aereo-urgente-accion-de-gracias-2025.jpg","datePublished":"2025-11-21T16:31:41+00:00","dateModified":"2025-11-21T16:33:53+00:00","description":"El D\u00eda de Acci\u00f3n de Gracias y el Black Friday ralentizar\u00e1n el transporte a\u00e9reo de mercanc\u00edas. Descubra c\u00f3mo anticiparse a los impactos y asegurar sus env\u00edos urgentes.","breadcrumb":{"@id":"https:\/\/www.airtimecritical.com\/es\/accion-de-gracias-2025-carga-aerea-estados-unidos#breadcrumb"},"inLanguage":"es","potentialAction":[{"@type":"ReadAction","target":["https:\/\/www.airtimecritical.com\/es\/accion-de-gracias-2025-carga-aerea-estados-unidos"]}]},{"@type":"ImageObject","inLanguage":"es","@id":"https:\/\/www.airtimecritical.com\/es\/accion-de-gracias-2025-carga-aerea-estados-unidos#primaryimage","url":"https:\/\/www.airtimecritical.com\/wp-content\/uploads\/2025\/11\/transporte-aereo-urgente-accion-de-gracias-2025.jpg","contentUrl":"https:\/\/www.airtimecritical.com\/wp-content\/uploads\/2025\/11\/transporte-aereo-urgente-accion-de-gracias-2025.jpg","width":920,"height":520},{"@type":"BreadcrumbList","@id":"https:\/\/www.airtimecritical.com\/es\/accion-de-gracias-2025-carga-aerea-estados-unidos#breadcrumb","itemListElement":[{"@type":"ListItem","position":1,"name":"Home","item":"https:\/\/www.airtimecritical.com\/es"},{"@type":"ListItem","position":2,"name":"Acci\u00f3n de Gracias 2025: \u00bfqu\u00e9 impacto tendr\u00e1 en la carga a\u00e9rea?"}]},{"@type":"WebSite","@id":"https:\/\/www.airtimecritical.com\/es#website","url":"https:\/\/www.airtimecritical.com\/es","name":"Air Time Critical - ATC","description":"Air Time Critical\u00ae offers priority air freight solutions to the industry in Europe, the Americas, and Asia | Door to door transport","publisher":{"@id":"https:\/\/www.airtimecritical.com\/es#organization"},"potentialAction":[{"@type":"SearchAction","target":{"@type":"EntryPoint","urlTemplate":"https:\/\/www.airtimecritical.com\/es?s={search_term_string}"},"query-input":{"@type":"PropertyValueSpecification","valueRequired":true,"valueName":"search_term_string"}}],"inLanguage":"es"},{"@type":"Organization","@id":"https:\/\/www.airtimecritical.com\/es#organization","name":"Airt Time Critical - ATC","url":"https:\/\/www.airtimecritical.com\/es","logo":{"@type":"ImageObject","inLanguage":"es","@id":"https:\/\/www.airtimecritical.com\/es#\/schema\/logo\/image\/","url":"https:\/\/www.airtimecritical.com\/wp-content\/uploads\/2019\/10\/Logo_airtimecritical.png","contentUrl":"https:\/\/www.airtimecritical.com\/wp-content\/uploads\/2019\/10\/Logo_airtimecritical.png","width":246,"height":141,"caption":"Airt Time Critical - ATC"},"image":{"@id":"https:\/\/www.airtimecritical.com\/es#\/schema\/logo\/image\/"},"sameAs":["https:\/\/www.facebook.com\/AirTimeCritical.Atc.airfreight","https:\/\/x.com\/AirTimeCritical","https:\/\/www.instagram.com\/airtimecritical\/","https:\/\/www.linkedin.com\/company\/air-time-critical-\/","https:\/\/www.youtube.com\/c\/Airtimecritical-envois-urgents-international\/"]},{"@type":"Person","@id":"https:\/\/www.airtimecritical.com\/es#\/schema\/person\/22eeefeab161c4125b4632ddb66eaf9b","name":"ATC","url":"https:\/\/www.airtimecritical.com\/es\/author\/atc"}]}},"_links":{"self":[{"href":"https:\/\/www.airtimecritical.com\/es\/wp-json\/wp\/v2\/posts\/16042","targetHints":{"allow":["GET"]}}],"collection":[{"href":"https:\/\/www.airtimecritical.com\/es\/wp-json\/wp\/v2\/posts"}],"about":[{"href":"https:\/\/www.airtimecritical.com\/es\/wp-json\/wp\/v2\/types\/post"}],"author":[{"embeddable":true,"href":"https:\/\/www.airtimecritical.com\/es\/wp-json\/wp\/v2\/users\/2"}],"replies":[{"embeddable":true,"href":"https:\/\/www.airtimecritical.com\/es\/wp-json\/wp\/v2\/comments?post=16042"}],"version-history":[{"count":3,"href":"https:\/\/www.airtimecritical.com\/es\/wp-json\/wp\/v2\/posts\/16042\/revisions"}],"predecessor-version":[{"id":16109,"href":"https:\/\/www.airtimecritical.com\/es\/wp-json\/wp\/v2\/posts\/16042\/revisions\/16109"}],"wp:featuredmedia":[{"embeddable":true,"href":"https:\/\/www.airtimecritical.com\/es\/wp-json\/wp\/v2\/media\/16100"}],"wp:attachment":[{"href":"https:\/\/www.airtimecritical.com\/es\/wp-json\/wp\/v2\/media?parent=16042"}],"wp:term":[{"taxonomy":"category","embeddable":true,"href":"https:\/\/www.airtimecritical.com\/es\/wp-json\/wp\/v2\/categories?post=16042"},{"taxonomy":"post_tag","embeddable":true,"href":"https:\/\/www.airtimecritical.com\/es\/wp-json\/wp\/v2\/tags?post=16042"}],"curies":[{"name":"wp","href":"https:\/\/api.w.org\/{rel}","templated":true}]}}