{"id":13248,"date":"2024-06-13T10:30:14","date_gmt":"2024-06-13T09:30:14","guid":{"rendered":"https:\/\/www.airtimecritical.com\/envois-turquie-tunisie-maroc"},"modified":"2024-06-13T18:06:08","modified_gmt":"2024-06-13T17:06:08","slug":"envios-turquia-tunez-marruecos","status":"publish","type":"post","link":"https:\/\/www.airtimecritical.com\/es\/envios-turquia-tunez-marruecos","title":{"rendered":"Vacaciones a Turqu\u00eda, T\u00fanez, Marruecos \u2013 Asegura tus env\u00edos ya"},"content":{"rendered":"<h2 style=\"text-align: justify;\"><strong><span style=\"font-size: 18pt;\">Prepara la log\u00edstica para las vacaciones en Turqu\u00eda, T\u00fanez y Marruecos<\/span><\/strong><\/h2>\n<p style=\"text-align: justify;\">Ya este fin de semana, <strong>Turqu\u00eda, T\u00fanez, Marruecos<\/strong> y la mayor\u00eda de los dem\u00e1s pa\u00edses musulmanes comienzan a celebrar la <strong>Fiesta del Sacrificio<\/strong>. El d\u00eda festivo principal es el <strong>lunes 17 de junio<\/strong>. Estos d\u00edas festivos pueden afectar a tus proveedores o clientes, especialmente en Turqu\u00eda.<\/p>\n<p style=\"text-align: justify;\">La Fiesta del Sacrificio es una de las fiestas isl\u00e1micas m\u00e1s antiguas de Turqu\u00eda. Todos los edificios administrativos est\u00e1n cerrados y la gente pasa tiempo con familiares y amigos. Te facilitamos una lista de los d\u00edas festivos en otros pa\u00edses que tambi\u00e9n podr\u00edan afectar tu cadena de suministro.<\/p>\n<h3 style=\"text-align: justify;\"><span style=\"font-size: 14pt;\">Fiesta del Sacrificio &#8211; Fechas importantes a tener en cuenta\u00a0<\/span><\/h3>\n<ul style=\"text-align: justify;\">\n<li>Turqu\u00eda: 15-19 de junio<\/li>\n<li>Emiratos \u00c1rabes Unidos: 15-18 de junio<\/li>\n<li>T\u00fanez: 16 y 17 de junio<\/li>\n<li>Marruecos: 17 y 18 de junio<\/li>\n<li>India, Singapur, Malasia, Sud\u00e1frica: 17 de junio<\/li>\n<\/ul>\n<h3><strong><span style=\"font-size: 14pt;\">Asegura tus env\u00edos cr\u00edticos ahora\u00a0<\/span><\/strong><\/h3>\n<p style=\"text-align: justify;\">Turqu\u00eda, T\u00fanez, Marruecos&#8230; Podemos ayudarte con una <strong>entrega m\u00e1s r\u00e1pida de tus env\u00edos urgentes <\/strong>antes o despu\u00e9s de las vacaciones.<\/p>\n<p style=\"text-align: justify;\">Elegiremos la mejor opci\u00f3n entre nuestros servicios puerta a puerta.: <a href=\"https:\/\/www.airtimecritical.com\/es\/transporte-aereo-prioritario\" target=\"_blank\" rel=\"noopener\">transporte a\u00e9reo prioritario<\/a>, <a href=\"https:\/\/www.airtimecritical.com\/es\/entre-mensajeria-a-bordo\" target=\"_blank\" rel=\"noopener\">mensajero a bordo<\/a> o <a href=\"https:\/\/www.airtimecritical.com\/es\/charter-aereo\" target=\"_blank\" rel=\"noopener\">ch\u00e1rter a\u00e9reo<\/a>. Para informaci\u00f3n o para hacer una reserva, <a href=\"https:\/\/www.airtimecritical.com\/es\/contacto\" target=\"_blank\" rel=\"noopener\">contacta con nuestro equipo<\/a>.<\/p>\n<h3 style=\"text-align: justify;\"><strong><span style=\"font-size: 14pt;\">Env\u00edos a Turqu\u00eda, T\u00fanez y Marruecos: encuentra nuestros casos de negocio a continuaci\u00f3n:\u00a0<\/span><\/strong><\/h3>\n<p style=\"text-align: justify;\"><a href=\"https:\/\/www.airtimecritical.com\/es\/transporte-urgente-marruecos\" target=\"_blank\" rel=\"noopener\">Transportes Urgentes desde Marruecos<\/a><\/p>\n<p style=\"text-align: justify;\"><a href=\"https:\/\/www.airtimecritical.com\/es\/transporte-aereo-urgente-tunez-hungria\" target=\"_blank\" rel=\"noopener\">Transporte a\u00e9reo express desde T\u00fanez<\/a><\/p>\n<p style=\"text-align: justify;\"><a href=\"https:\/\/www.airtimecritical.com\/es\/envio-aereo-urgente-turquia-francia\" target=\"_blank\" rel=\"noopener\">Transporte a\u00e9reo urgente desde Turqu\u00eda<\/a><\/p>\n<p><a href=\"https:\/\/www.airtimecritical.com\/en\/on-board-courier-tunisia-morocco-paris-orly-france\" target=\"_blank\" rel=\"noopener\"><span data-contrast=\"none\">On Board Courier: Tunisia, Morocco, UAE<\/span><\/a><span data-ccp-props=\"{&quot;134233117&quot;:false,&quot;134233118&quot;:false,&quot;201341983&quot;:0,&quot;335551550&quot;:6,&quot;335551620&quot;:6,&quot;335559738&quot;:0,&quot;335559739&quot;:0,&quot;335559740&quot;:259}\">\u00a0<\/span><\/p>\n<h3 style=\"text-align: justify;\">C\u00f3mo reservar tu env\u00edo hoy<\/h3>\n<ul>\n<li style=\"text-align: justify;\">Presupuesto r\u00e1pido: <a href=\"https:\/\/www.airtimecritical.com\/es\/citar\" target=\"_blank\" rel=\"noopener\">Formulario<\/a><\/li>\n<li style=\"text-align: justify;\">Por tel\u00e9fono: +32 2 888 84 16 (EN\/FR)<\/li>\n<\/ul>\n","protected":false},"excerpt":{"rendered":"<p>Turqu\u00eda, T\u00fanez, Marruecos&#8230; La Fiesta del Sacrificio impacta en las cadenas de suministro en los pa\u00edses musulmanes. Todas las fechas que debes conocer para reservar tus env\u00edos a tiempo y garantizar tus entregas a tiempo.<\/p>\n","protected":false},"author":2,"featured_media":13267,"comment_status":"closed","ping_status":"closed","sticky":false,"template":"","format":"standard","meta":{"footnotes":""},"categories":[837],"tags":[],"class_list":["post-13248","post","type-post","status-publish","format-standard","has-post-thumbnail","hentry","category-noticias-transporte-aereo"],"yoast_head":"<!-- This site is optimized with the Yoast SEO Premium plugin v27.3 (Yoast SEO v27.5) - https:\/\/yoast.com\/product\/yoast-seo-premium-wordpress\/ -->\n<title>Vacaciones a Turqu\u00eda, T\u00fanez, Marruecos \u2013 Asegura tus env\u00edos ya - Air Time Critical\u00ae - ATC\u00ae<\/title>\n<meta name=\"description\" content=\"Log\u00edstica y Fiesta del Sacrificio: Turqu\u00eda, T\u00fanez, Marruecos: todas las fechas para asegurar tus env\u00edos cr\u00edticos ahora\" \/>\n<meta name=\"robots\" content=\"index, follow, max-snippet:-1, max-image-preview:large, max-video-preview:-1\" \/>\n<link rel=\"canonical\" href=\"https:\/\/www.airtimecritical.com\/es\/envios-turquia-tunez-marruecos\" \/>\n<meta property=\"og:locale\" content=\"es_ES\" \/>\n<meta property=\"og:type\" content=\"article\" \/>\n<meta property=\"og:title\" content=\"Vacaciones a Turqu\u00eda, T\u00fanez, Marruecos \u2013 Asegura tus env\u00edos ya\" \/>\n<meta property=\"og:description\" content=\"Log\u00edstica y Fiesta del Sacrificio: Turqu\u00eda, T\u00fanez, Marruecos: todas las fechas para asegurar tus env\u00edos cr\u00edticos ahora\" \/>\n<meta property=\"og:url\" content=\"https:\/\/www.airtimecritical.com\/es\/envios-turquia-tunez-marruecos\" \/>\n<meta property=\"og:site_name\" content=\"Air Time Critical\u00ae - ATC\u00ae\" \/>\n<meta property=\"article:publisher\" content=\"https:\/\/www.facebook.com\/AirTimeCritical.Atc.airfreight\" \/>\n<meta property=\"article:published_time\" content=\"2024-06-13T09:30:14+00:00\" \/>\n<meta property=\"article:modified_time\" content=\"2024-06-13T17:06:08+00:00\" \/>\n<meta property=\"og:image\" content=\"https:\/\/www.airtimecritical.com\/wp-content\/uploads\/2024\/06\/vacaciones-turquia-tunez-marruecos\u2013asegura-envios.jpg\" \/>\n\t<meta property=\"og:image:width\" content=\"920\" \/>\n\t<meta property=\"og:image:height\" content=\"520\" \/>\n\t<meta property=\"og:image:type\" content=\"image\/jpeg\" \/>\n<meta name=\"author\" content=\"ATC\" \/>\n<meta name=\"twitter:card\" content=\"summary_large_image\" \/>\n<meta name=\"twitter:creator\" content=\"@AirTimeCritical\" \/>\n<meta name=\"twitter:site\" content=\"@AirTimeCritical\" \/>\n<meta name=\"twitter:label1\" content=\"Escrito por\" \/>\n\t<meta name=\"twitter:data1\" content=\"ATC\" \/>\n\t<meta name=\"twitter:label2\" content=\"Tiempo de lectura\" \/>\n\t<meta name=\"twitter:data2\" content=\"2 minutos\" \/>\n<script type=\"application\/ld+json\" class=\"yoast-schema-graph\">{\"@context\":\"https:\\\/\\\/schema.org\",\"@graph\":[{\"@type\":\"Article\",\"@id\":\"https:\\\/\\\/www.airtimecritical.com\\\/es\\\/envios-turquia-tunez-marruecos#article\",\"isPartOf\":{\"@id\":\"https:\\\/\\\/www.airtimecritical.com\\\/es\\\/envios-turquia-tunez-marruecos\"},\"author\":{\"name\":\"ATC\",\"@id\":\"https:\\\/\\\/www.airtimecritical.com\\\/es#\\\/schema\\\/person\\\/22eeefeab161c4125b4632ddb66eaf9b\"},\"headline\":\"Vacaciones a Turqu\u00eda, T\u00fanez, Marruecos \u2013 Asegura tus env\u00edos ya\",\"datePublished\":\"2024-06-13T09:30:14+00:00\",\"dateModified\":\"2024-06-13T17:06:08+00:00\",\"mainEntityOfPage\":{\"@id\":\"https:\\\/\\\/www.airtimecritical.com\\\/es\\\/envios-turquia-tunez-marruecos\"},\"wordCount\":297,\"publisher\":{\"@id\":\"https:\\\/\\\/www.airtimecritical.com\\\/es#organization\"},\"image\":{\"@id\":\"https:\\\/\\\/www.airtimecritical.com\\\/es\\\/envios-turquia-tunez-marruecos#primaryimage\"},\"thumbnailUrl\":\"https:\\\/\\\/www.airtimecritical.com\\\/wp-content\\\/uploads\\\/2024\\\/06\\\/vacaciones-turquia-tunez-marruecos\u2013asegura-envios.jpg\",\"articleSection\":[\"Noticias Transporte A\u00e9reo\"],\"inLanguage\":\"es\"},{\"@type\":\"WebPage\",\"@id\":\"https:\\\/\\\/www.airtimecritical.com\\\/es\\\/envios-turquia-tunez-marruecos\",\"url\":\"https:\\\/\\\/www.airtimecritical.com\\\/es\\\/envios-turquia-tunez-marruecos\",\"name\":\"Vacaciones a Turqu\u00eda, T\u00fanez, Marruecos \u2013 Asegura tus env\u00edos ya - Air Time Critical\u00ae - ATC\u00ae\",\"isPartOf\":{\"@id\":\"https:\\\/\\\/www.airtimecritical.com\\\/es#website\"},\"primaryImageOfPage\":{\"@id\":\"https:\\\/\\\/www.airtimecritical.com\\\/es\\\/envios-turquia-tunez-marruecos#primaryimage\"},\"image\":{\"@id\":\"https:\\\/\\\/www.airtimecritical.com\\\/es\\\/envios-turquia-tunez-marruecos#primaryimage\"},\"thumbnailUrl\":\"https:\\\/\\\/www.airtimecritical.com\\\/wp-content\\\/uploads\\\/2024\\\/06\\\/vacaciones-turquia-tunez-marruecos\u2013asegura-envios.jpg\",\"datePublished\":\"2024-06-13T09:30:14+00:00\",\"dateModified\":\"2024-06-13T17:06:08+00:00\",\"description\":\"Log\u00edstica y Fiesta del Sacrificio: Turqu\u00eda, T\u00fanez, Marruecos: todas las fechas para asegurar tus env\u00edos cr\u00edticos ahora\",\"breadcrumb\":{\"@id\":\"https:\\\/\\\/www.airtimecritical.com\\\/es\\\/envios-turquia-tunez-marruecos#breadcrumb\"},\"inLanguage\":\"es\",\"potentialAction\":[{\"@type\":\"ReadAction\",\"target\":[\"https:\\\/\\\/www.airtimecritical.com\\\/es\\\/envios-turquia-tunez-marruecos\"]}]},{\"@type\":\"ImageObject\",\"inLanguage\":\"es\",\"@id\":\"https:\\\/\\\/www.airtimecritical.com\\\/es\\\/envios-turquia-tunez-marruecos#primaryimage\",\"url\":\"https:\\\/\\\/www.airtimecritical.com\\\/wp-content\\\/uploads\\\/2024\\\/06\\\/vacaciones-turquia-tunez-marruecos\u2013asegura-envios.jpg\",\"contentUrl\":\"https:\\\/\\\/www.airtimecritical.com\\\/wp-content\\\/uploads\\\/2024\\\/06\\\/vacaciones-turquia-tunez-marruecos\u2013asegura-envios.jpg\",\"width\":920,\"height\":520,\"caption\":\"vacaciones-turquia-tunez-marruecos\u2013asegura-envios\"},{\"@type\":\"BreadcrumbList\",\"@id\":\"https:\\\/\\\/www.airtimecritical.com\\\/es\\\/envios-turquia-tunez-marruecos#breadcrumb\",\"itemListElement\":[{\"@type\":\"ListItem\",\"position\":1,\"name\":\"Home\",\"item\":\"https:\\\/\\\/www.airtimecritical.com\\\/es\"},{\"@type\":\"ListItem\",\"position\":2,\"name\":\"Vacaciones a Turqu\u00eda, T\u00fanez, Marruecos \u2013 Asegura tus env\u00edos ya\"}]},{\"@type\":\"WebSite\",\"@id\":\"https:\\\/\\\/www.airtimecritical.com\\\/es#website\",\"url\":\"https:\\\/\\\/www.airtimecritical.com\\\/es\",\"name\":\"Air Time Critical - ATC\",\"description\":\"Air Time Critical\u00ae offers priority air freight solutions to the industry in Europe, the Americas, and Asia | Door to door transport\",\"publisher\":{\"@id\":\"https:\\\/\\\/www.airtimecritical.com\\\/es#organization\"},\"potentialAction\":[{\"@type\":\"SearchAction\",\"target\":{\"@type\":\"EntryPoint\",\"urlTemplate\":\"https:\\\/\\\/www.airtimecritical.com\\\/es?s={search_term_string}\"},\"query-input\":{\"@type\":\"PropertyValueSpecification\",\"valueRequired\":true,\"valueName\":\"search_term_string\"}}],\"inLanguage\":\"es\"},{\"@type\":\"Organization\",\"@id\":\"https:\\\/\\\/www.airtimecritical.com\\\/es#organization\",\"name\":\"Airt Time Critical - ATC\",\"url\":\"https:\\\/\\\/www.airtimecritical.com\\\/es\",\"logo\":{\"@type\":\"ImageObject\",\"inLanguage\":\"es\",\"@id\":\"https:\\\/\\\/www.airtimecritical.com\\\/es#\\\/schema\\\/logo\\\/image\\\/\",\"url\":\"https:\\\/\\\/www.airtimecritical.com\\\/wp-content\\\/uploads\\\/2019\\\/10\\\/Logo_airtimecritical.png\",\"contentUrl\":\"https:\\\/\\\/www.airtimecritical.com\\\/wp-content\\\/uploads\\\/2019\\\/10\\\/Logo_airtimecritical.png\",\"width\":246,\"height\":141,\"caption\":\"Airt Time Critical - ATC\"},\"image\":{\"@id\":\"https:\\\/\\\/www.airtimecritical.com\\\/es#\\\/schema\\\/logo\\\/image\\\/\"},\"sameAs\":[\"https:\\\/\\\/www.facebook.com\\\/AirTimeCritical.Atc.airfreight\",\"https:\\\/\\\/x.com\\\/AirTimeCritical\",\"https:\\\/\\\/www.instagram.com\\\/airtimecritical\\\/\",\"https:\\\/\\\/www.linkedin.com\\\/company\\\/air-time-critical-\\\/\",\"https:\\\/\\\/www.youtube.com\\\/c\\\/Airtimecritical-envois-urgents-international\\\/\"]},{\"@type\":\"Person\",\"@id\":\"https:\\\/\\\/www.airtimecritical.com\\\/es#\\\/schema\\\/person\\\/22eeefeab161c4125b4632ddb66eaf9b\",\"name\":\"ATC\",\"url\":\"https:\\\/\\\/www.airtimecritical.com\\\/es\\\/author\\\/atc\"}]}<\/script>\n<!-- \/ Yoast SEO Premium plugin. -->","yoast_head_json":{"title":"Vacaciones a Turqu\u00eda, T\u00fanez, Marruecos \u2013 Asegura tus env\u00edos ya - Air Time Critical\u00ae - ATC\u00ae","description":"Log\u00edstica y Fiesta del Sacrificio: Turqu\u00eda, T\u00fanez, Marruecos: todas las fechas para asegurar tus env\u00edos cr\u00edticos ahora","robots":{"index":"index","follow":"follow","max-snippet":"max-snippet:-1","max-image-preview":"max-image-preview:large","max-video-preview":"max-video-preview:-1"},"canonical":"https:\/\/www.airtimecritical.com\/es\/envios-turquia-tunez-marruecos","og_locale":"es_ES","og_type":"article","og_title":"Vacaciones a Turqu\u00eda, T\u00fanez, Marruecos \u2013 Asegura tus env\u00edos ya","og_description":"Log\u00edstica y Fiesta del Sacrificio: Turqu\u00eda, T\u00fanez, Marruecos: todas las fechas para asegurar tus env\u00edos cr\u00edticos ahora","og_url":"https:\/\/www.airtimecritical.com\/es\/envios-turquia-tunez-marruecos","og_site_name":"Air Time Critical\u00ae - ATC\u00ae","article_publisher":"https:\/\/www.facebook.com\/AirTimeCritical.Atc.airfreight","article_published_time":"2024-06-13T09:30:14+00:00","article_modified_time":"2024-06-13T17:06:08+00:00","og_image":[{"width":920,"height":520,"url":"https:\/\/www.airtimecritical.com\/wp-content\/uploads\/2024\/06\/vacaciones-turquia-tunez-marruecos\u2013asegura-envios.jpg","type":"image\/jpeg"}],"author":"ATC","twitter_card":"summary_large_image","twitter_creator":"@AirTimeCritical","twitter_site":"@AirTimeCritical","twitter_misc":{"Escrito por":"ATC","Tiempo de lectura":"2 minutos"},"schema":{"@context":"https:\/\/schema.org","@graph":[{"@type":"Article","@id":"https:\/\/www.airtimecritical.com\/es\/envios-turquia-tunez-marruecos#article","isPartOf":{"@id":"https:\/\/www.airtimecritical.com\/es\/envios-turquia-tunez-marruecos"},"author":{"name":"ATC","@id":"https:\/\/www.airtimecritical.com\/es#\/schema\/person\/22eeefeab161c4125b4632ddb66eaf9b"},"headline":"Vacaciones a Turqu\u00eda, T\u00fanez, Marruecos \u2013 Asegura tus env\u00edos ya","datePublished":"2024-06-13T09:30:14+00:00","dateModified":"2024-06-13T17:06:08+00:00","mainEntityOfPage":{"@id":"https:\/\/www.airtimecritical.com\/es\/envios-turquia-tunez-marruecos"},"wordCount":297,"publisher":{"@id":"https:\/\/www.airtimecritical.com\/es#organization"},"image":{"@id":"https:\/\/www.airtimecritical.com\/es\/envios-turquia-tunez-marruecos#primaryimage"},"thumbnailUrl":"https:\/\/www.airtimecritical.com\/wp-content\/uploads\/2024\/06\/vacaciones-turquia-tunez-marruecos\u2013asegura-envios.jpg","articleSection":["Noticias Transporte A\u00e9reo"],"inLanguage":"es"},{"@type":"WebPage","@id":"https:\/\/www.airtimecritical.com\/es\/envios-turquia-tunez-marruecos","url":"https:\/\/www.airtimecritical.com\/es\/envios-turquia-tunez-marruecos","name":"Vacaciones a Turqu\u00eda, T\u00fanez, Marruecos \u2013 Asegura tus env\u00edos ya - Air Time Critical\u00ae - ATC\u00ae","isPartOf":{"@id":"https:\/\/www.airtimecritical.com\/es#website"},"primaryImageOfPage":{"@id":"https:\/\/www.airtimecritical.com\/es\/envios-turquia-tunez-marruecos#primaryimage"},"image":{"@id":"https:\/\/www.airtimecritical.com\/es\/envios-turquia-tunez-marruecos#primaryimage"},"thumbnailUrl":"https:\/\/www.airtimecritical.com\/wp-content\/uploads\/2024\/06\/vacaciones-turquia-tunez-marruecos\u2013asegura-envios.jpg","datePublished":"2024-06-13T09:30:14+00:00","dateModified":"2024-06-13T17:06:08+00:00","description":"Log\u00edstica y Fiesta del Sacrificio: Turqu\u00eda, T\u00fanez, Marruecos: todas las fechas para asegurar tus env\u00edos cr\u00edticos ahora","breadcrumb":{"@id":"https:\/\/www.airtimecritical.com\/es\/envios-turquia-tunez-marruecos#breadcrumb"},"inLanguage":"es","potentialAction":[{"@type":"ReadAction","target":["https:\/\/www.airtimecritical.com\/es\/envios-turquia-tunez-marruecos"]}]},{"@type":"ImageObject","inLanguage":"es","@id":"https:\/\/www.airtimecritical.com\/es\/envios-turquia-tunez-marruecos#primaryimage","url":"https:\/\/www.airtimecritical.com\/wp-content\/uploads\/2024\/06\/vacaciones-turquia-tunez-marruecos\u2013asegura-envios.jpg","contentUrl":"https:\/\/www.airtimecritical.com\/wp-content\/uploads\/2024\/06\/vacaciones-turquia-tunez-marruecos\u2013asegura-envios.jpg","width":920,"height":520,"caption":"vacaciones-turquia-tunez-marruecos\u2013asegura-envios"},{"@type":"BreadcrumbList","@id":"https:\/\/www.airtimecritical.com\/es\/envios-turquia-tunez-marruecos#breadcrumb","itemListElement":[{"@type":"ListItem","position":1,"name":"Home","item":"https:\/\/www.airtimecritical.com\/es"},{"@type":"ListItem","position":2,"name":"Vacaciones a Turqu\u00eda, T\u00fanez, Marruecos \u2013 Asegura tus env\u00edos ya"}]},{"@type":"WebSite","@id":"https:\/\/www.airtimecritical.com\/es#website","url":"https:\/\/www.airtimecritical.com\/es","name":"Air Time Critical - ATC","description":"Air Time Critical\u00ae offers priority air freight solutions to the industry in Europe, the Americas, and Asia | Door to door transport","publisher":{"@id":"https:\/\/www.airtimecritical.com\/es#organization"},"potentialAction":[{"@type":"SearchAction","target":{"@type":"EntryPoint","urlTemplate":"https:\/\/www.airtimecritical.com\/es?s={search_term_string}"},"query-input":{"@type":"PropertyValueSpecification","valueRequired":true,"valueName":"search_term_string"}}],"inLanguage":"es"},{"@type":"Organization","@id":"https:\/\/www.airtimecritical.com\/es#organization","name":"Airt Time Critical - ATC","url":"https:\/\/www.airtimecritical.com\/es","logo":{"@type":"ImageObject","inLanguage":"es","@id":"https:\/\/www.airtimecritical.com\/es#\/schema\/logo\/image\/","url":"https:\/\/www.airtimecritical.com\/wp-content\/uploads\/2019\/10\/Logo_airtimecritical.png","contentUrl":"https:\/\/www.airtimecritical.com\/wp-content\/uploads\/2019\/10\/Logo_airtimecritical.png","width":246,"height":141,"caption":"Airt Time Critical - ATC"},"image":{"@id":"https:\/\/www.airtimecritical.com\/es#\/schema\/logo\/image\/"},"sameAs":["https:\/\/www.facebook.com\/AirTimeCritical.Atc.airfreight","https:\/\/x.com\/AirTimeCritical","https:\/\/www.instagram.com\/airtimecritical\/","https:\/\/www.linkedin.com\/company\/air-time-critical-\/","https:\/\/www.youtube.com\/c\/Airtimecritical-envois-urgents-international\/"]},{"@type":"Person","@id":"https:\/\/www.airtimecritical.com\/es#\/schema\/person\/22eeefeab161c4125b4632ddb66eaf9b","name":"ATC","url":"https:\/\/www.airtimecritical.com\/es\/author\/atc"}]}},"_links":{"self":[{"href":"https:\/\/www.airtimecritical.com\/es\/wp-json\/wp\/v2\/posts\/13248","targetHints":{"allow":["GET"]}}],"collection":[{"href":"https:\/\/www.airtimecritical.com\/es\/wp-json\/wp\/v2\/posts"}],"about":[{"href":"https:\/\/www.airtimecritical.com\/es\/wp-json\/wp\/v2\/types\/post"}],"author":[{"embeddable":true,"href":"https:\/\/www.airtimecritical.com\/es\/wp-json\/wp\/v2\/users\/2"}],"replies":[{"embeddable":true,"href":"https:\/\/www.airtimecritical.com\/es\/wp-json\/wp\/v2\/comments?post=13248"}],"version-history":[{"count":3,"href":"https:\/\/www.airtimecritical.com\/es\/wp-json\/wp\/v2\/posts\/13248\/revisions"}],"predecessor-version":[{"id":13251,"href":"https:\/\/www.airtimecritical.com\/es\/wp-json\/wp\/v2\/posts\/13248\/revisions\/13251"}],"wp:featuredmedia":[{"embeddable":true,"href":"https:\/\/www.airtimecritical.com\/es\/wp-json\/wp\/v2\/media\/13267"}],"wp:attachment":[{"href":"https:\/\/www.airtimecritical.com\/es\/wp-json\/wp\/v2\/media?parent=13248"}],"wp:term":[{"taxonomy":"category","embeddable":true,"href":"https:\/\/www.airtimecritical.com\/es\/wp-json\/wp\/v2\/categories?post=13248"},{"taxonomy":"post_tag","embeddable":true,"href":"https:\/\/www.airtimecritical.com\/es\/wp-json\/wp\/v2\/tags?post=13248"}],"curies":[{"name":"wp","href":"https:\/\/api.w.org\/{rel}","templated":true}]}}