{"id":11627,"date":"2023-11-08T12:02:26","date_gmt":"2023-11-08T11:02:26","guid":{"rendered":"https:\/\/www.airtimecritical.com\/?p=11627"},"modified":"2025-02-17T16:00:17","modified_gmt":"2025-02-17T15:00:17","slug":"transporte-aereo-urgente-tunez-hungria","status":"publish","type":"post","link":"https:\/\/www.airtimecritical.com\/es\/transporte-aereo-urgente-tunez-hungria","title":{"rendered":"Transporte a\u00e9reo expr\u00e9s T\u00fanez-Hungr\u00eda en menos de 24 horas ?"},"content":{"rendered":"<p style=\"text-align: justify;\"><strong>Un cliente, fabricante de componentes electr\u00f3nicos, utiliza los servicios de <a href=\"https:\/\/www.airtimecritical.com\/es\" target=\"_blank\" rel=\"noopener\">Air Time Critical\u00ae<\/a> para gestionar un transporte a\u00e9reo urgente puerta a puerta de T\u00fanez a Hungr\u00eda.<\/strong><\/p>\n<h2><span style=\"font-size: 18pt;\">Un transporte a\u00e9reo expr\u00e9s T\u00fanez-Hungr\u00eda<\/span><\/h2>\n<h3><strong><span style=\"font-size: 14pt;\">Detalles del servicio expr\u00e9s de transporte a\u00e9reo de mercanc\u00edas<\/span><\/strong><\/h3>\n<ul>\n<li><em>Tipo de vuelo:<\/em>\u00a0Transporte a\u00e9reo expr\u00e9s (transporte prioritario no consolidado)<\/li>\n<li><em>Ruta:<\/em> TUN &#8211; FRA &#8211; BUD<\/li>\n<li><em>Servicio:<\/em> Entrega puerta a puerta<\/li>\n<li><em>Mercanc\u00eda:<\/em> 3 cajas de 10 kg<\/li>\n<li><em>Ruta del vuelo:<\/em> T\u00fanez &#8211; Frankfurt &#8211; Budapest<\/li>\n<\/ul>\n<h3><strong><span style=\"font-size: 14pt;\">Cronograma de la expedici\u00f3n<\/span><\/strong><\/h3>\n<ul>\n<li>12\/05 &#8211; 11:45 a.m.: Recogida de 3 paquetes urgentes en T\u00fanez<\/li>\n<li>12\/05 &#8211; 6:20 p.m.: Recepci\u00f3n de la mercanc\u00eda en el aeropuerto de T\u00fanez<\/li>\n<li>13\/05 &#8211; 02:25 a.m.: Salida del vuelo desde T\u00fanez<\/li>\n<li>13\/05 &#8211; 03:23 a.m.: Llegada del vuelo a Frankfurt, Alemania<\/li>\n<li>13\/05 &#8211; 7:36 a.m.: Salida del segundo vuelo desde Frankfurt<\/li>\n<li>13\/05 &#8211; 9:08 a.m.: Llegada de la carga urgente a Budapest (Hungr\u00eda)<\/li>\n<li>13\/05 &#8211; 12:20 p.m.: Mercanc\u00edas entregadas en el lugar del destinatario<\/li>\n<\/ul>\n<p><em>Nota: Las horas indicadas corresponden a la hora local<\/em><\/p>\n<h3><strong><span style=\"font-size: 14pt;\">\u00bfCu\u00e1l es el plazo de entrega de este env\u00edo urgente T\u00fanez-Hungr\u00eda?<\/span><\/strong><\/h3>\n<blockquote><p><strong>Entrega desde T\u00fanez en 24 horas<\/strong><\/p><\/blockquote>\n<p>Este servicio expr\u00e9s de transporte a\u00e9reo de T\u00fanez a Hungr\u00eda se realiz\u00f3 en <strong>24 horas<\/strong> de puerta a puerta.<\/p>\n<p>Tiempo medio ahorrado en comparaci\u00f3n con el transporte a\u00e9reo tradicional: <strong>1 D\u00cdA.<\/strong><\/p>\n<h3><strong><span style=\"font-size: 14pt;\">\u00bfNecesitas una entrega m\u00e1s r\u00e1pida desde T\u00fanez? Conoce el servicio OBC<\/span><\/strong><\/h3>\n<p style=\"text-align: justify;\">\u00bfNecesitas una soluci\u00f3n a\u00fan m\u00e1s r\u00e1pida para tus env\u00edos desde T\u00fanez? \u00bfConoces el servicio <a href=\"https:\/\/www.airtimecritical.com\/es\/entre-mensajeria-a-bordo\" target=\"_blank\" rel=\"noopener\">On Board Courier (OBC), o mensajero a bordo<\/a>? A diferencia del transporte a\u00e9reo tradicional, un pasajero es enviado en un vuelo comercial con tus paquetes. Lleva consigo tu env\u00edo como equipaje de mano en la cabina o en la bodega si la cantidad de paquetes es mayor. \u00bfLa principal ventaja? La capacidad de reacci\u00f3n y la rapidez de la soluci\u00f3n, que siempre supera a la opci\u00f3n del flete. El pasajero \u00absalta\u00bb en el primer vuelo disponible y, tras pasar por la aduana, entrega el paquete directamente al destinatario. Air Time Critical\u00ae ofrece servicios de mensajer\u00eda a bordo desde T\u00fanez y Marruecos a Par\u00eds Orly (ORY) y Par\u00eds Roissy (CDG).<\/p>\n<h3><strong><span style=\"font-size: 14pt;\">La ventaja a\u00f1adida de Air Time Critical\u00ae para tu carga urgente<\/span><\/strong><\/h3>\n<p style=\"text-align: justify;\">Air Time Critical\u00ae da importancia a que cada entrega urgente se reciba en el plazo previsto por el cliente. Los equipos de ATC\u00ae trabajan a diario para anticiparse a los riesgos que puedan surgir durante el transporte a\u00e9reo expr\u00e9s. As\u00ed, adem\u00e1s del vuelo previsto, cada transporte dispone de uno o varios vuelos de reserva en caso de problema (retraso, anulaci\u00f3n, etc.) en el vuelo inicialmente previsto.<\/p>\n<p style=\"text-align: justify;\">En nuestro caso, adem\u00e1s del vuelo FRA-BUD de las 07.36 h, Air Time Critical\u00ae hab\u00eda previsto posibles problemas y planificado vuelos de refuerzo el mismo d\u00eda a las 08.40 h, a las 12.15 h y a las 16.35 h, con el fin de garantizar el transporte de este env\u00edo urgente.<\/p>\n<h3 style=\"text-align: justify;\"><strong><span style=\"font-size: 14pt;\">Para cualquier env\u00edo urgente que requiera seguimiento, ponte en contacto con ATC\u00ae<\/span><\/strong><\/h3>\n<p style=\"text-align: justify;\">Air Time Critical\u00ae, empresa de transporte especializada en <a href=\"https:\/\/www.airtimecritical.com\/es\/transporte-aereo-prioritario\" target=\"_blank\" rel=\"noopener\">transporte a\u00e9reo urgente<\/a> para fabricantes espa\u00f1oles, portugueses y europeos, se encarga de organizar tus transportes m\u00e1s urgentes.<\/p>\n<p>Cont\u00e1ctanos a trav\u00e9s de:<\/p>\n<ul>\n<li>Nuestro <a href=\"https:\/\/www.airtimecritical.com\/es\" target=\"_blank\" rel=\"noopener\">formulario<\/a><\/li>\n<li><strong>Por tel\u00e9fono:<\/strong> +33 1 78 90 26 52 (FR) \/ +32 2 888 84 16 (EN\/FR)<\/li>\n<\/ul>\n<pre><strong>Nota:<\/strong> Las fechas, horas, lugares y nombres mencionados pueden haber sido modificados para preservar la confidencialidad de nuestros clientes.<\/pre>\n","protected":false},"excerpt":{"rendered":"<p>Air Time Critical\u00ae relata la historia de una entrega expr\u00e9s de T\u00fanez a Hungr\u00eda, realizada en menos de 24 horas.<\/p>\n","protected":false},"author":2,"featured_media":11660,"comment_status":"closed","ping_status":"closed","sticky":false,"template":"","format":"standard","meta":{"footnotes":""},"categories":[886],"tags":[889],"class_list":["post-11627","post","type-post","status-publish","format-standard","has-post-thumbnail","hentry","category-transporte-aereo-ejemplos","tag-transporte-aereo-urgente"],"yoast_head":"<!-- This site is optimized with the Yoast SEO Premium plugin v27.3 (Yoast SEO v27.5) - https:\/\/yoast.com\/product\/yoast-seo-premium-wordpress\/ -->\n<title>Transporte a\u00e9reo expr\u00e9s T\u00fanez-Hungr\u00eda en menos de 24 horas ? - Air Time Critical\u00ae - ATC\u00ae<\/title>\n<meta name=\"description\" content=\"Descubre la historia de este transporte a\u00e9reo expr\u00e9s T\u00fanez - Hungr\u00eda, entregado en menos de 24 horas puerta a puerta por avi\u00f3n\" \/>\n<meta name=\"robots\" content=\"index, follow, max-snippet:-1, max-image-preview:large, max-video-preview:-1\" \/>\n<link rel=\"canonical\" href=\"https:\/\/www.airtimecritical.com\/es\/transporte-aereo-urgente-tunez-hungria\" \/>\n<meta property=\"og:locale\" content=\"es_ES\" \/>\n<meta property=\"og:type\" content=\"article\" \/>\n<meta property=\"og:title\" content=\"Transporte a\u00e9reo expr\u00e9s T\u00fanez-Hungr\u00eda en menos de 24 horas ?\" \/>\n<meta property=\"og:description\" content=\"Descubre la historia de este transporte a\u00e9reo expr\u00e9s T\u00fanez - Hungr\u00eda, entregado en menos de 24 horas puerta a puerta por avi\u00f3n\" \/>\n<meta property=\"og:url\" content=\"https:\/\/www.airtimecritical.com\/es\/transporte-aereo-urgente-tunez-hungria\" \/>\n<meta property=\"og:site_name\" content=\"Air Time Critical\u00ae - ATC\u00ae\" \/>\n<meta property=\"article:publisher\" content=\"https:\/\/www.facebook.com\/AirTimeCritical.Atc.airfreight\" \/>\n<meta property=\"article:published_time\" content=\"2023-11-08T11:02:26+00:00\" \/>\n<meta property=\"article:modified_time\" content=\"2025-02-17T15:00:17+00:00\" \/>\n<meta property=\"og:image\" content=\"https:\/\/www.airtimecritical.com\/wp-content\/uploads\/2023\/10\/Transporte-aereo-expres-Tunez-Hungria-en-menos-de-24-horas.jpg\" \/>\n\t<meta property=\"og:image:width\" content=\"920\" \/>\n\t<meta property=\"og:image:height\" content=\"520\" \/>\n\t<meta property=\"og:image:type\" content=\"image\/jpeg\" \/>\n<meta name=\"author\" content=\"ATC\" \/>\n<meta name=\"twitter:card\" content=\"summary_large_image\" \/>\n<meta name=\"twitter:creator\" content=\"@AirTimeCritical\" \/>\n<meta name=\"twitter:site\" content=\"@AirTimeCritical\" \/>\n<meta name=\"twitter:label1\" content=\"Escrito por\" \/>\n\t<meta name=\"twitter:data1\" content=\"ATC\" \/>\n\t<meta name=\"twitter:label2\" content=\"Tiempo de lectura\" \/>\n\t<meta name=\"twitter:data2\" content=\"3 minutos\" \/>\n<script type=\"application\/ld+json\" class=\"yoast-schema-graph\">{\"@context\":\"https:\\\/\\\/schema.org\",\"@graph\":[{\"@type\":\"Article\",\"@id\":\"https:\\\/\\\/www.airtimecritical.com\\\/es\\\/transporte-aereo-urgente-tunez-hungria#article\",\"isPartOf\":{\"@id\":\"https:\\\/\\\/www.airtimecritical.com\\\/es\\\/transporte-aereo-urgente-tunez-hungria\"},\"author\":{\"name\":\"ATC\",\"@id\":\"https:\\\/\\\/www.airtimecritical.com\\\/es#\\\/schema\\\/person\\\/22eeefeab161c4125b4632ddb66eaf9b\"},\"headline\":\"Transporte a\u00e9reo expr\u00e9s T\u00fanez-Hungr\u00eda en menos de 24 horas ?\",\"datePublished\":\"2023-11-08T11:02:26+00:00\",\"dateModified\":\"2025-02-17T15:00:17+00:00\",\"mainEntityOfPage\":{\"@id\":\"https:\\\/\\\/www.airtimecritical.com\\\/es\\\/transporte-aereo-urgente-tunez-hungria\"},\"wordCount\":585,\"publisher\":{\"@id\":\"https:\\\/\\\/www.airtimecritical.com\\\/es#organization\"},\"image\":{\"@id\":\"https:\\\/\\\/www.airtimecritical.com\\\/es\\\/transporte-aereo-urgente-tunez-hungria#primaryimage\"},\"thumbnailUrl\":\"https:\\\/\\\/www.airtimecritical.com\\\/wp-content\\\/uploads\\\/2023\\\/10\\\/Transporte-aereo-expres-Tunez-Hungria-en-menos-de-24-horas.jpg\",\"keywords\":[\"Transporte a\u00e9reo urgente\"],\"articleSection\":[\"Ejemplos Transporte A\u00e9reo\"],\"inLanguage\":\"es\"},{\"@type\":\"WebPage\",\"@id\":\"https:\\\/\\\/www.airtimecritical.com\\\/es\\\/transporte-aereo-urgente-tunez-hungria\",\"url\":\"https:\\\/\\\/www.airtimecritical.com\\\/es\\\/transporte-aereo-urgente-tunez-hungria\",\"name\":\"Transporte a\u00e9reo expr\u00e9s T\u00fanez-Hungr\u00eda en menos de 24 horas ? - Air Time Critical\u00ae - ATC\u00ae\",\"isPartOf\":{\"@id\":\"https:\\\/\\\/www.airtimecritical.com\\\/es#website\"},\"primaryImageOfPage\":{\"@id\":\"https:\\\/\\\/www.airtimecritical.com\\\/es\\\/transporte-aereo-urgente-tunez-hungria#primaryimage\"},\"image\":{\"@id\":\"https:\\\/\\\/www.airtimecritical.com\\\/es\\\/transporte-aereo-urgente-tunez-hungria#primaryimage\"},\"thumbnailUrl\":\"https:\\\/\\\/www.airtimecritical.com\\\/wp-content\\\/uploads\\\/2023\\\/10\\\/Transporte-aereo-expres-Tunez-Hungria-en-menos-de-24-horas.jpg\",\"datePublished\":\"2023-11-08T11:02:26+00:00\",\"dateModified\":\"2025-02-17T15:00:17+00:00\",\"description\":\"Descubre la historia de este transporte a\u00e9reo expr\u00e9s T\u00fanez - Hungr\u00eda, entregado en menos de 24 horas puerta a puerta por avi\u00f3n\",\"breadcrumb\":{\"@id\":\"https:\\\/\\\/www.airtimecritical.com\\\/es\\\/transporte-aereo-urgente-tunez-hungria#breadcrumb\"},\"inLanguage\":\"es\",\"potentialAction\":[{\"@type\":\"ReadAction\",\"target\":[\"https:\\\/\\\/www.airtimecritical.com\\\/es\\\/transporte-aereo-urgente-tunez-hungria\"]}]},{\"@type\":\"ImageObject\",\"inLanguage\":\"es\",\"@id\":\"https:\\\/\\\/www.airtimecritical.com\\\/es\\\/transporte-aereo-urgente-tunez-hungria#primaryimage\",\"url\":\"https:\\\/\\\/www.airtimecritical.com\\\/wp-content\\\/uploads\\\/2023\\\/10\\\/Transporte-aereo-expres-Tunez-Hungria-en-menos-de-24-horas.jpg\",\"contentUrl\":\"https:\\\/\\\/www.airtimecritical.com\\\/wp-content\\\/uploads\\\/2023\\\/10\\\/Transporte-aereo-expres-Tunez-Hungria-en-menos-de-24-horas.jpg\",\"width\":920,\"height\":520,\"caption\":\"Transporte a\u00e9reo expr\u00e9s T\u00fanez-Hungr\u00eda en menos de 24 horas ?\"},{\"@type\":\"BreadcrumbList\",\"@id\":\"https:\\\/\\\/www.airtimecritical.com\\\/es\\\/transporte-aereo-urgente-tunez-hungria#breadcrumb\",\"itemListElement\":[{\"@type\":\"ListItem\",\"position\":1,\"name\":\"Home\",\"item\":\"https:\\\/\\\/www.airtimecritical.com\\\/es\"},{\"@type\":\"ListItem\",\"position\":2,\"name\":\"Transporte a\u00e9reo expr\u00e9s T\u00fanez-Hungr\u00eda en menos de 24 horas ?\"}]},{\"@type\":\"WebSite\",\"@id\":\"https:\\\/\\\/www.airtimecritical.com\\\/es#website\",\"url\":\"https:\\\/\\\/www.airtimecritical.com\\\/es\",\"name\":\"Air Time Critical - ATC\",\"description\":\"Air Time Critical\u00ae offers priority air freight solutions to the industry in Europe, the Americas, and Asia | Door to door transport\",\"publisher\":{\"@id\":\"https:\\\/\\\/www.airtimecritical.com\\\/es#organization\"},\"potentialAction\":[{\"@type\":\"SearchAction\",\"target\":{\"@type\":\"EntryPoint\",\"urlTemplate\":\"https:\\\/\\\/www.airtimecritical.com\\\/es?s={search_term_string}\"},\"query-input\":{\"@type\":\"PropertyValueSpecification\",\"valueRequired\":true,\"valueName\":\"search_term_string\"}}],\"inLanguage\":\"es\"},{\"@type\":\"Organization\",\"@id\":\"https:\\\/\\\/www.airtimecritical.com\\\/es#organization\",\"name\":\"Airt Time Critical - ATC\",\"url\":\"https:\\\/\\\/www.airtimecritical.com\\\/es\",\"logo\":{\"@type\":\"ImageObject\",\"inLanguage\":\"es\",\"@id\":\"https:\\\/\\\/www.airtimecritical.com\\\/es#\\\/schema\\\/logo\\\/image\\\/\",\"url\":\"https:\\\/\\\/www.airtimecritical.com\\\/wp-content\\\/uploads\\\/2019\\\/10\\\/Logo_airtimecritical.png\",\"contentUrl\":\"https:\\\/\\\/www.airtimecritical.com\\\/wp-content\\\/uploads\\\/2019\\\/10\\\/Logo_airtimecritical.png\",\"width\":246,\"height\":141,\"caption\":\"Airt Time Critical - ATC\"},\"image\":{\"@id\":\"https:\\\/\\\/www.airtimecritical.com\\\/es#\\\/schema\\\/logo\\\/image\\\/\"},\"sameAs\":[\"https:\\\/\\\/www.facebook.com\\\/AirTimeCritical.Atc.airfreight\",\"https:\\\/\\\/x.com\\\/AirTimeCritical\",\"https:\\\/\\\/www.instagram.com\\\/airtimecritical\\\/\",\"https:\\\/\\\/www.linkedin.com\\\/company\\\/air-time-critical-\\\/\",\"https:\\\/\\\/www.youtube.com\\\/c\\\/Airtimecritical-envois-urgents-international\\\/\"]},{\"@type\":\"Person\",\"@id\":\"https:\\\/\\\/www.airtimecritical.com\\\/es#\\\/schema\\\/person\\\/22eeefeab161c4125b4632ddb66eaf9b\",\"name\":\"ATC\",\"url\":\"https:\\\/\\\/www.airtimecritical.com\\\/es\\\/author\\\/atc\"}]}<\/script>\n<!-- \/ Yoast SEO Premium plugin. -->","yoast_head_json":{"title":"Transporte a\u00e9reo expr\u00e9s T\u00fanez-Hungr\u00eda en menos de 24 horas ? - Air Time Critical\u00ae - ATC\u00ae","description":"Descubre la historia de este transporte a\u00e9reo expr\u00e9s T\u00fanez - Hungr\u00eda, entregado en menos de 24 horas puerta a puerta por avi\u00f3n","robots":{"index":"index","follow":"follow","max-snippet":"max-snippet:-1","max-image-preview":"max-image-preview:large","max-video-preview":"max-video-preview:-1"},"canonical":"https:\/\/www.airtimecritical.com\/es\/transporte-aereo-urgente-tunez-hungria","og_locale":"es_ES","og_type":"article","og_title":"Transporte a\u00e9reo expr\u00e9s T\u00fanez-Hungr\u00eda en menos de 24 horas ?","og_description":"Descubre la historia de este transporte a\u00e9reo expr\u00e9s T\u00fanez - Hungr\u00eda, entregado en menos de 24 horas puerta a puerta por avi\u00f3n","og_url":"https:\/\/www.airtimecritical.com\/es\/transporte-aereo-urgente-tunez-hungria","og_site_name":"Air Time Critical\u00ae - ATC\u00ae","article_publisher":"https:\/\/www.facebook.com\/AirTimeCritical.Atc.airfreight","article_published_time":"2023-11-08T11:02:26+00:00","article_modified_time":"2025-02-17T15:00:17+00:00","og_image":[{"width":920,"height":520,"url":"https:\/\/www.airtimecritical.com\/wp-content\/uploads\/2023\/10\/Transporte-aereo-expres-Tunez-Hungria-en-menos-de-24-horas.jpg","type":"image\/jpeg"}],"author":"ATC","twitter_card":"summary_large_image","twitter_creator":"@AirTimeCritical","twitter_site":"@AirTimeCritical","twitter_misc":{"Escrito por":"ATC","Tiempo de lectura":"3 minutos"},"schema":{"@context":"https:\/\/schema.org","@graph":[{"@type":"Article","@id":"https:\/\/www.airtimecritical.com\/es\/transporte-aereo-urgente-tunez-hungria#article","isPartOf":{"@id":"https:\/\/www.airtimecritical.com\/es\/transporte-aereo-urgente-tunez-hungria"},"author":{"name":"ATC","@id":"https:\/\/www.airtimecritical.com\/es#\/schema\/person\/22eeefeab161c4125b4632ddb66eaf9b"},"headline":"Transporte a\u00e9reo expr\u00e9s T\u00fanez-Hungr\u00eda en menos de 24 horas ?","datePublished":"2023-11-08T11:02:26+00:00","dateModified":"2025-02-17T15:00:17+00:00","mainEntityOfPage":{"@id":"https:\/\/www.airtimecritical.com\/es\/transporte-aereo-urgente-tunez-hungria"},"wordCount":585,"publisher":{"@id":"https:\/\/www.airtimecritical.com\/es#organization"},"image":{"@id":"https:\/\/www.airtimecritical.com\/es\/transporte-aereo-urgente-tunez-hungria#primaryimage"},"thumbnailUrl":"https:\/\/www.airtimecritical.com\/wp-content\/uploads\/2023\/10\/Transporte-aereo-expres-Tunez-Hungria-en-menos-de-24-horas.jpg","keywords":["Transporte a\u00e9reo urgente"],"articleSection":["Ejemplos Transporte A\u00e9reo"],"inLanguage":"es"},{"@type":"WebPage","@id":"https:\/\/www.airtimecritical.com\/es\/transporte-aereo-urgente-tunez-hungria","url":"https:\/\/www.airtimecritical.com\/es\/transporte-aereo-urgente-tunez-hungria","name":"Transporte a\u00e9reo expr\u00e9s T\u00fanez-Hungr\u00eda en menos de 24 horas ? - Air Time Critical\u00ae - ATC\u00ae","isPartOf":{"@id":"https:\/\/www.airtimecritical.com\/es#website"},"primaryImageOfPage":{"@id":"https:\/\/www.airtimecritical.com\/es\/transporte-aereo-urgente-tunez-hungria#primaryimage"},"image":{"@id":"https:\/\/www.airtimecritical.com\/es\/transporte-aereo-urgente-tunez-hungria#primaryimage"},"thumbnailUrl":"https:\/\/www.airtimecritical.com\/wp-content\/uploads\/2023\/10\/Transporte-aereo-expres-Tunez-Hungria-en-menos-de-24-horas.jpg","datePublished":"2023-11-08T11:02:26+00:00","dateModified":"2025-02-17T15:00:17+00:00","description":"Descubre la historia de este transporte a\u00e9reo expr\u00e9s T\u00fanez - Hungr\u00eda, entregado en menos de 24 horas puerta a puerta por avi\u00f3n","breadcrumb":{"@id":"https:\/\/www.airtimecritical.com\/es\/transporte-aereo-urgente-tunez-hungria#breadcrumb"},"inLanguage":"es","potentialAction":[{"@type":"ReadAction","target":["https:\/\/www.airtimecritical.com\/es\/transporte-aereo-urgente-tunez-hungria"]}]},{"@type":"ImageObject","inLanguage":"es","@id":"https:\/\/www.airtimecritical.com\/es\/transporte-aereo-urgente-tunez-hungria#primaryimage","url":"https:\/\/www.airtimecritical.com\/wp-content\/uploads\/2023\/10\/Transporte-aereo-expres-Tunez-Hungria-en-menos-de-24-horas.jpg","contentUrl":"https:\/\/www.airtimecritical.com\/wp-content\/uploads\/2023\/10\/Transporte-aereo-expres-Tunez-Hungria-en-menos-de-24-horas.jpg","width":920,"height":520,"caption":"Transporte a\u00e9reo expr\u00e9s T\u00fanez-Hungr\u00eda en menos de 24 horas ?"},{"@type":"BreadcrumbList","@id":"https:\/\/www.airtimecritical.com\/es\/transporte-aereo-urgente-tunez-hungria#breadcrumb","itemListElement":[{"@type":"ListItem","position":1,"name":"Home","item":"https:\/\/www.airtimecritical.com\/es"},{"@type":"ListItem","position":2,"name":"Transporte a\u00e9reo expr\u00e9s T\u00fanez-Hungr\u00eda en menos de 24 horas ?"}]},{"@type":"WebSite","@id":"https:\/\/www.airtimecritical.com\/es#website","url":"https:\/\/www.airtimecritical.com\/es","name":"Air Time Critical - ATC","description":"Air Time Critical\u00ae offers priority air freight solutions to the industry in Europe, the Americas, and Asia | Door to door transport","publisher":{"@id":"https:\/\/www.airtimecritical.com\/es#organization"},"potentialAction":[{"@type":"SearchAction","target":{"@type":"EntryPoint","urlTemplate":"https:\/\/www.airtimecritical.com\/es?s={search_term_string}"},"query-input":{"@type":"PropertyValueSpecification","valueRequired":true,"valueName":"search_term_string"}}],"inLanguage":"es"},{"@type":"Organization","@id":"https:\/\/www.airtimecritical.com\/es#organization","name":"Airt Time Critical - ATC","url":"https:\/\/www.airtimecritical.com\/es","logo":{"@type":"ImageObject","inLanguage":"es","@id":"https:\/\/www.airtimecritical.com\/es#\/schema\/logo\/image\/","url":"https:\/\/www.airtimecritical.com\/wp-content\/uploads\/2019\/10\/Logo_airtimecritical.png","contentUrl":"https:\/\/www.airtimecritical.com\/wp-content\/uploads\/2019\/10\/Logo_airtimecritical.png","width":246,"height":141,"caption":"Airt Time Critical - ATC"},"image":{"@id":"https:\/\/www.airtimecritical.com\/es#\/schema\/logo\/image\/"},"sameAs":["https:\/\/www.facebook.com\/AirTimeCritical.Atc.airfreight","https:\/\/x.com\/AirTimeCritical","https:\/\/www.instagram.com\/airtimecritical\/","https:\/\/www.linkedin.com\/company\/air-time-critical-\/","https:\/\/www.youtube.com\/c\/Airtimecritical-envois-urgents-international\/"]},{"@type":"Person","@id":"https:\/\/www.airtimecritical.com\/es#\/schema\/person\/22eeefeab161c4125b4632ddb66eaf9b","name":"ATC","url":"https:\/\/www.airtimecritical.com\/es\/author\/atc"}]}},"_links":{"self":[{"href":"https:\/\/www.airtimecritical.com\/es\/wp-json\/wp\/v2\/posts\/11627","targetHints":{"allow":["GET"]}}],"collection":[{"href":"https:\/\/www.airtimecritical.com\/es\/wp-json\/wp\/v2\/posts"}],"about":[{"href":"https:\/\/www.airtimecritical.com\/es\/wp-json\/wp\/v2\/types\/post"}],"author":[{"embeddable":true,"href":"https:\/\/www.airtimecritical.com\/es\/wp-json\/wp\/v2\/users\/2"}],"replies":[{"embeddable":true,"href":"https:\/\/www.airtimecritical.com\/es\/wp-json\/wp\/v2\/comments?post=11627"}],"version-history":[{"count":3,"href":"https:\/\/www.airtimecritical.com\/es\/wp-json\/wp\/v2\/posts\/11627\/revisions"}],"predecessor-version":[{"id":11837,"href":"https:\/\/www.airtimecritical.com\/es\/wp-json\/wp\/v2\/posts\/11627\/revisions\/11837"}],"wp:featuredmedia":[{"embeddable":true,"href":"https:\/\/www.airtimecritical.com\/es\/wp-json\/wp\/v2\/media\/11660"}],"wp:attachment":[{"href":"https:\/\/www.airtimecritical.com\/es\/wp-json\/wp\/v2\/media?parent=11627"}],"wp:term":[{"taxonomy":"category","embeddable":true,"href":"https:\/\/www.airtimecritical.com\/es\/wp-json\/wp\/v2\/categories?post=11627"},{"taxonomy":"post_tag","embeddable":true,"href":"https:\/\/www.airtimecritical.com\/es\/wp-json\/wp\/v2\/tags?post=11627"}],"curies":[{"name":"wp","href":"https:\/\/api.w.org\/{rel}","templated":true}]}}