{"id":11444,"date":"2023-06-06T07:54:31","date_gmt":"2023-06-06T06:54:31","guid":{"rendered":"https:\/\/www.airtimecritical.com\/air-charter-belgique-slovaquie"},"modified":"2023-08-25T09:36:42","modified_gmt":"2023-08-25T08:36:42","slug":"air-charter-belgica-eslovaquia","status":"publish","type":"post","link":"https:\/\/www.airtimecritical.com\/es\/air-charter-belgica-eslovaquia","title":{"rendered":"ATC\u00ae ofrece vuelos ch\u00e1rter nocturnos expr\u00e9s B\u00e9lgica-Eslovaquia"},"content":{"rendered":"<h2 style=\"text-align: center;\"><span style=\"font-size: 18pt;\">Carrera contrarreloj: \u00a1entrega antes de las 06:00 en Eslovaquia!<\/span><\/h2>\n<p style=\"text-align: justify;\"><a href=\"https:\/\/www.airtimecritical.com\/es\/sobre-nosotros\">Air Time Critical\u00ae<\/a> recibi\u00f3 una llamada telef\u00f3nica un lunes por la tarde, poco antes de las 18.00 horas. Un cliente quer\u00eda contratar un env\u00edo urgente entre B\u00e9lgica y Eslovaquia. El centro de producci\u00f3n eslovaco de este importante fabricante de autom\u00f3viles se enfrentaba a una parada de la l\u00ednea a menos que se entregaran casi 1.500 kg de piezas de autom\u00f3vil al d\u00eda siguiente antes de las 6 de la ma\u00f1ana.<\/p>\n<p style=\"text-align: justify;\">B\u00e9lgica y Eslovaquia est\u00e1n separadas por m\u00e1s de 1.300 km, lo que supone m\u00e1s de 14 horas de viaje por carretera. Por tanto, el transporte a\u00e9reo era indispensable para cumplir el plazo fijado por el cliente (6h). Los equipos de ATC\u00ae propusieron un <a href=\"https:\/\/www.airtimecritical.com\/es\/charter-aereo\">ch\u00e1rter a\u00e9reo<\/a> por su capacidad de transporte y su velocidad intr\u00ednseca (500-600 km\/h de media), pero tambi\u00e9n porque un vuelo ch\u00e1rter no depende de los horarios de los vuelos comerciales. Las horas de despegue y aterrizaje se fijan seg\u00fan los deseos del cliente, de d\u00eda o de noche. En situaciones log\u00edsticas de emergencia, estos horarios \u00aba la carta\u00bb ofrecen un grado de flexibilidad inigualable.<\/p>\n<blockquote>\n<p style=\"text-align: justify;\"><strong>A los vuelos ch\u00e1rter no les importan los horarios; despegan a la hora que el cliente elija, ya sea de d\u00eda o de noche.\u00a0\u00a0<\/strong><\/p>\n<\/blockquote>\n<h2 style=\"text-align: justify;\"><span style=\"font-size: 18pt;\">Informaci\u00f3n sobre el transporte por ch\u00e1rter a\u00e9reo:<\/span><\/h2>\n<ul style=\"text-align: justify;\">\n<li><em>Tipo de vuelo: ch\u00e1rter a\u00e9reo de carga<\/em><\/li>\n<li><em>Servicio: entrega puerta a puerta<\/em><\/li>\n<li><em>Mercanc\u00edas: 7 pal\u00e9s de piezas de autom\u00f3vil (1.400 kg)<\/em><\/li>\n<li><em>Ruta del vuelo: Ostende\/EBOS &#8211; Bratislava\/LZIB<\/em><\/li>\n<li><em>Duraci\u00f3n del vuelo: 2 horas 50 minutos<\/em><\/li>\n<li><em>Avi\u00f3n: ATR72<\/em><\/li>\n<\/ul>\n<p style=\"text-align: center;\"><strong>Puede que tambi\u00e9n te interese:<\/strong> <a href=\"https:\/\/www.airtimecritical.com\/es\/vuelo-charter-cosas-saber\">5 cosas que debe saber sobre el ch\u00e1rter a\u00e9reo <\/a><\/p>\n<blockquote><p><strong>No sab\u00edamos con certeza en qu\u00e9 momento estar\u00edan disponibles las piezas, por lo que ATC\u00ae nos ofreci\u00f3 2 opciones para adaptarse a nuestras limitaciones de producci\u00f3n<\/strong><\/p><\/blockquote>\n<h2 style=\"text-align: justify;\"><span style=\"font-size: 18pt;\">6 pasos para una entrega urgente antes de las 06:00<\/span><\/h2>\n<ul style=\"text-align: justify;\">\n<li>11\/07 &#8211; 21:00 : Recogida de mercanc\u00edas en B\u00e9lgica<\/li>\n<li>11\/07 &#8211; 23:20 : Llegada de los 7 pal\u00e9s de piezas de autom\u00f3vil al aeropuerto de Ostende<\/li>\n<li>12\/07 &#8211; 01:17 : Salida del vuelo de <a href=\"https:\/\/www.ostendbruges-airport.com\/\">Ostend Brujas \/EBOS<\/a><\/li>\n<li>12\/07 &#8211; 03:45h : Llegada del vuelo al <a href=\"https:\/\/www.google.com\/maps\/search\/Bratislava+airport\/@48.1698386,17.1972085,17z\/data=!3m1!4b1\">aeropuerto de Bratislava\/LZIB<\/a> in Eslovaquia<\/li>\n<li>12\/07 &#8211; 04:30h : Salida de la furgoneta expr\u00e9s de Bratislava hacia el centro de producci\u00f3n en Eslovaquia<\/li>\n<li>12\/07 &#8211; 05:20am : Llegada de la furgoneta expr\u00e9s al lugar. Misi\u00f3n cumplida, entrega antes de las 06:00.<\/li>\n<\/ul>\n<h2 style=\"text-align: justify;\"><span style=\"font-size: 18pt;\"><strong>Valor a\u00f1adido de Air Time Critical\u00ae<\/strong><\/span><\/h2>\n<p style=\"text-align: justify;\">Cuando conf\u00edas en Air Time Critical\u00ae, tienes la garant\u00eda de:<\/p>\n<ul style=\"text-align: justify;\">\n<li><strong>Seguimiento nocturno del env\u00edo hasta la entrega:<\/strong> Para este transporte B\u00e9lgica-Eslovaquia, el equipo ATC\u00ae estuvo de guardia toda la noche para seguir el progreso del env\u00edo, desde la recogida en el centro belga a las 21:00 hasta la entrega en el centro de producci\u00f3n eslovaco al d\u00eda siguiente a las 08:00.<\/li>\n<li><strong>Una incre\u00edble capacidad de respuesta<\/strong>: El equipo de ATC\u00ae est\u00e1 disponible 24 horas al d\u00eda, 7 d\u00edas a la semana, y puede encontrar una soluci\u00f3n a medida para tus dilemas log\u00edsticos urgentes en cuesti\u00f3n de minutos. En este caso, el cliente hizo una petici\u00f3n a las 17:45, recibi\u00f3 una primera propuesta de vuelo a las 18:25 y una segunda a las 18:35.<\/li>\n<li><strong>El cumplimiento de las especificaciones del cliente en todo momento<\/strong>: Para cumplir el plazo previsto, el equipo de ATC\u00ae trabaj\u00f3 simult\u00e1neamente en las 2 opciones propuestas al cliente. Esto les permiti\u00f3 determinar cu\u00e1l era la m\u00e1s ventajosa en cuanto a tiempo y presupuesto. Finalmente, el cliente eligi\u00f3 la segunda opci\u00f3n a las 21.45 horas y el avi\u00f3n despeg\u00f3 hacia Eslovaquia unas horas m\u00e1s tarde.<\/li>\n<li><strong>Presencia local en Europa Central<\/strong>: Air Time Critical\u00ae ha estado presente en <a href=\"https:\/\/www.airtimecritical.com\/sk\/kontaktujte-nas\">Eslovaquia<\/a> y la <a href=\"https:\/\/www.airtimecritical.com\/cs\/kontaktujte-nas\">Rep\u00fablica Checa<\/a> desde 2018. Los conocimientos locales, una red de proveedores locales de servicios expr\u00e9s y el dominio del eslovaco y el checo hacen que las recogidas y entregas a los destinatarios se realicen sin problemas.<\/li>\n<\/ul>\n<h2 style=\"text-align: justify;\"><span style=\"font-size: 18pt;\">\u00bfEst\u00e1s interesado en nuestro servicio de ch\u00e1rter a\u00e9reo? Ponte en contacto con ATC\u00ae<\/span><\/h2>\n<p style=\"text-align: justify;\">Contacta con Air Time Critical\u00ae, agente de transportes especializado en <strong>carga<\/strong> a\u00e9rea urgente para <strong>industriales franceses y europeos<\/strong>:<\/p>\n<ul style=\"text-align: justify;\">\n<li>A trav\u00e9s de nuestro <a href=\"https:\/\/www.airtimecritical.com\/es\">formulario web<\/a><\/li>\n<li>Por tel\u00e9fono\u00a0: : +32 2 888 84 16 (<strong>EN\/FR<\/strong>)<\/li>\n<\/ul>\n<p style=\"text-align: justify;\">\n<ul style=\"text-align: justify;\">\n<li><strong>Coordinaci\u00f3n local en Italia<\/strong>: Para facilitar el proceso, Air Time Critical\u00ae se pone en contacto con tu proveedor en el extranjero, en este caso, Italia, y comprueba todos los detalles del env\u00edo (referencias de la mercanc\u00eda, embalaje, hora de recogida). Esta colaboraci\u00f3n activa con el proveedor local garantiza la m\u00e1xima eficacia.<\/li>\n<\/ul>\n<p style=\"text-align: justify;\">\n<ul style=\"text-align: justify;\">\n<li><strong>Alerta meteorol\u00f3gica<\/strong>: Para cada vuelo ch\u00e1rter, Air Time Critical\u00ae se pone en contacto con los aeropuertos de salida y llegada y comprueba la informaci\u00f3n meteorol\u00f3gica disponible para evitar retrasos causados por condiciones meteorol\u00f3gicas adversas. Ese d\u00eda, una alerta meteorol\u00f3gica en la estaci\u00f3n de Lille Lesquin nos llev\u00f3 a elegir una ruta m\u00e1s meridional y dar prioridad a un vuelo al aeropuerto de Vatry, lejos de las perturbaciones meteorol\u00f3gicas. Esta decisi\u00f3n permiti\u00f3 establecer un plan de vuelo seguro y ofrecer un plazo de entrega fiable al cliente.<\/li>\n<\/ul>\n<p style=\"text-align: justify;\">\n<ul style=\"text-align: justify;\">\n<li><strong>Mejor precio\/avi\u00f3n acorde con la carga<\/strong>: Fiel a su tradici\u00f3n, Air Time Critical\u00ae vela por los intereses de sus clientes y ofrece el avi\u00f3n m\u00e1s ligero posible en funci\u00f3n de la carga a transportar, para minimizar los costes del flete a\u00e9reo. En este caso, al optar por uno de los aviones m\u00e1s ligeros del mercado, un Eclipse EA50 de menos de 2 toneladas, en lugar de un vuelo de carga m\u00e1s com\u00fan como el Fairchild (3,9 toneladas), ATC\u00ae redujo el presupuesto puerta a puerta en varios miles de euros para el cliente.<\/li>\n<\/ul>\n<h2 style=\"text-align: justify;\"><span style=\"font-size: 18pt;\"><strong>Para tu transporte a\u00e9reo urgente desde Italia, ponte en contacto con ATC \u00ae:\u00a0<\/strong><\/span><\/h2>\n<ul style=\"text-align: justify;\">\n<li>Por tel\u00e9fono: EU +32 2 888 84 16 (EN\/FR)<\/li>\n<li>Usando el <a href=\"https:\/\/www.airtimecritical.com\/es\/citar\">formulario online para presupuestos<\/a>.<\/li>\n<\/ul>\n<p style=\"text-align: justify;\"><em>Nota: Las fechas, horas, lugares y nombres mencionados han sido modificados para preservar la confidencialidad de nuestros clientes.<\/em><\/p>\n<p>&nbsp;<\/p>\n","protected":false},"excerpt":{"rendered":"<p>\u00bfTe enfrentas a un posible paro de la l\u00ednea y necesitas una entrega urgente de piezas de repuesto? Conf\u00eda en el equipo de ATC\u00ae para encontrar r\u00e1pidamente una soluci\u00f3n de transporte que se adapte a tus necesidades. Este env\u00edo de B\u00e9lgica a Eslovaquia lo ilustra perfectamente.<\/p>\n","protected":false},"author":2,"featured_media":11446,"comment_status":"closed","ping_status":"closed","sticky":false,"template":"","format":"standard","meta":{"footnotes":""},"categories":[886],"tags":[887],"class_list":["post-11444","post","type-post","status-publish","format-standard","has-post-thumbnail","hentry","category-transporte-aereo-ejemplos","tag-vuelos-charter-urgentes"],"yoast_head":"<!-- This site is optimized with the Yoast SEO Premium plugin v27.3 (Yoast SEO v27.5) - https:\/\/yoast.com\/product\/yoast-seo-premium-wordpress\/ -->\n<title>ATC\u00ae ofrece vuelos ch\u00e1rter nocturnos expr\u00e9s B\u00e9lgica-Eslovaquia - Air Time Critical\u00ae - ATC\u00ae<\/title>\n<meta name=\"description\" content=\"Conoce la historia de este transporte ch\u00e1rter a\u00e9reo nocturno urgente B\u00e9lgica-Eslovaquia que consigui\u00f3 evitar la parada de la l\u00ednea...\" \/>\n<meta name=\"robots\" content=\"index, follow, max-snippet:-1, max-image-preview:large, max-video-preview:-1\" \/>\n<link rel=\"canonical\" href=\"https:\/\/www.airtimecritical.com\/es\/air-charter-belgica-eslovaquia\" \/>\n<meta property=\"og:locale\" content=\"es_ES\" \/>\n<meta property=\"og:type\" content=\"article\" \/>\n<meta property=\"og:title\" content=\"ATC\u00ae ofrece vuelos ch\u00e1rter nocturnos expr\u00e9s B\u00e9lgica-Eslovaquia\" \/>\n<meta property=\"og:description\" content=\"Conoce la historia de este transporte ch\u00e1rter a\u00e9reo nocturno urgente B\u00e9lgica-Eslovaquia que consigui\u00f3 evitar la parada de la l\u00ednea...\" \/>\n<meta property=\"og:url\" content=\"https:\/\/www.airtimecritical.com\/es\/air-charter-belgica-eslovaquia\" \/>\n<meta property=\"og:site_name\" content=\"Air Time Critical\u00ae - ATC\u00ae\" \/>\n<meta property=\"article:publisher\" content=\"https:\/\/www.facebook.com\/AirTimeCritical.Atc.airfreight\" \/>\n<meta property=\"article:published_time\" content=\"2023-06-06T06:54:31+00:00\" \/>\n<meta property=\"article:modified_time\" content=\"2023-08-25T08:36:42+00:00\" \/>\n<meta property=\"og:image\" content=\"https:\/\/www.airtimecritical.com\/wp-content\/uploads\/2023\/06\/ATC\u00ae-ofrece-vuelos-charter-nocturnos-expres-Belgica-Eslovaquia.jpg\" \/>\n\t<meta property=\"og:image:width\" content=\"920\" \/>\n\t<meta property=\"og:image:height\" content=\"520\" \/>\n\t<meta property=\"og:image:type\" content=\"image\/jpeg\" \/>\n<meta name=\"author\" content=\"ATC\" \/>\n<meta name=\"twitter:card\" content=\"summary_large_image\" \/>\n<meta name=\"twitter:creator\" content=\"@AirTimeCritical\" \/>\n<meta name=\"twitter:site\" content=\"@AirTimeCritical\" \/>\n<meta name=\"twitter:label1\" content=\"Escrito por\" \/>\n\t<meta name=\"twitter:data1\" content=\"ATC\" \/>\n\t<meta name=\"twitter:label2\" content=\"Tiempo de lectura\" \/>\n\t<meta name=\"twitter:data2\" content=\"5 minutos\" \/>\n<script type=\"application\/ld+json\" class=\"yoast-schema-graph\">{\"@context\":\"https:\\\/\\\/schema.org\",\"@graph\":[{\"@type\":\"Article\",\"@id\":\"https:\\\/\\\/www.airtimecritical.com\\\/es\\\/air-charter-belgica-eslovaquia#article\",\"isPartOf\":{\"@id\":\"https:\\\/\\\/www.airtimecritical.com\\\/es\\\/air-charter-belgica-eslovaquia\"},\"author\":{\"name\":\"ATC\",\"@id\":\"https:\\\/\\\/www.airtimecritical.com\\\/es#\\\/schema\\\/person\\\/22eeefeab161c4125b4632ddb66eaf9b\"},\"headline\":\"ATC\u00ae ofrece vuelos ch\u00e1rter nocturnos expr\u00e9s B\u00e9lgica-Eslovaquia\",\"datePublished\":\"2023-06-06T06:54:31+00:00\",\"dateModified\":\"2023-08-25T08:36:42+00:00\",\"mainEntityOfPage\":{\"@id\":\"https:\\\/\\\/www.airtimecritical.com\\\/es\\\/air-charter-belgica-eslovaquia\"},\"wordCount\":1022,\"publisher\":{\"@id\":\"https:\\\/\\\/www.airtimecritical.com\\\/es#organization\"},\"image\":{\"@id\":\"https:\\\/\\\/www.airtimecritical.com\\\/es\\\/air-charter-belgica-eslovaquia#primaryimage\"},\"thumbnailUrl\":\"https:\\\/\\\/www.airtimecritical.com\\\/wp-content\\\/uploads\\\/2023\\\/06\\\/ATC\u00ae-ofrece-vuelos-charter-nocturnos-expres-Belgica-Eslovaquia.jpg\",\"keywords\":[\"Vuelos ch\u00e1rter y helic\u00f3pteros\"],\"articleSection\":[\"Ejemplos Transporte A\u00e9reo\"],\"inLanguage\":\"es\"},{\"@type\":\"WebPage\",\"@id\":\"https:\\\/\\\/www.airtimecritical.com\\\/es\\\/air-charter-belgica-eslovaquia\",\"url\":\"https:\\\/\\\/www.airtimecritical.com\\\/es\\\/air-charter-belgica-eslovaquia\",\"name\":\"ATC\u00ae ofrece vuelos ch\u00e1rter nocturnos expr\u00e9s B\u00e9lgica-Eslovaquia - Air Time Critical\u00ae - ATC\u00ae\",\"isPartOf\":{\"@id\":\"https:\\\/\\\/www.airtimecritical.com\\\/es#website\"},\"primaryImageOfPage\":{\"@id\":\"https:\\\/\\\/www.airtimecritical.com\\\/es\\\/air-charter-belgica-eslovaquia#primaryimage\"},\"image\":{\"@id\":\"https:\\\/\\\/www.airtimecritical.com\\\/es\\\/air-charter-belgica-eslovaquia#primaryimage\"},\"thumbnailUrl\":\"https:\\\/\\\/www.airtimecritical.com\\\/wp-content\\\/uploads\\\/2023\\\/06\\\/ATC\u00ae-ofrece-vuelos-charter-nocturnos-expres-Belgica-Eslovaquia.jpg\",\"datePublished\":\"2023-06-06T06:54:31+00:00\",\"dateModified\":\"2023-08-25T08:36:42+00:00\",\"description\":\"Conoce la historia de este transporte ch\u00e1rter a\u00e9reo nocturno urgente B\u00e9lgica-Eslovaquia que consigui\u00f3 evitar la parada de la l\u00ednea...\",\"breadcrumb\":{\"@id\":\"https:\\\/\\\/www.airtimecritical.com\\\/es\\\/air-charter-belgica-eslovaquia#breadcrumb\"},\"inLanguage\":\"es\",\"potentialAction\":[{\"@type\":\"ReadAction\",\"target\":[\"https:\\\/\\\/www.airtimecritical.com\\\/es\\\/air-charter-belgica-eslovaquia\"]}]},{\"@type\":\"ImageObject\",\"inLanguage\":\"es\",\"@id\":\"https:\\\/\\\/www.airtimecritical.com\\\/es\\\/air-charter-belgica-eslovaquia#primaryimage\",\"url\":\"https:\\\/\\\/www.airtimecritical.com\\\/wp-content\\\/uploads\\\/2023\\\/06\\\/ATC\u00ae-ofrece-vuelos-charter-nocturnos-expres-Belgica-Eslovaquia.jpg\",\"contentUrl\":\"https:\\\/\\\/www.airtimecritical.com\\\/wp-content\\\/uploads\\\/2023\\\/06\\\/ATC\u00ae-ofrece-vuelos-charter-nocturnos-expres-Belgica-Eslovaquia.jpg\",\"width\":920,\"height\":520,\"caption\":\"ATC\u00ae ofrece vuelos ch\u00e1rter nocturnos expr\u00e9s B\u00e9lgica-Eslovaquia\"},{\"@type\":\"BreadcrumbList\",\"@id\":\"https:\\\/\\\/www.airtimecritical.com\\\/es\\\/air-charter-belgica-eslovaquia#breadcrumb\",\"itemListElement\":[{\"@type\":\"ListItem\",\"position\":1,\"name\":\"Home\",\"item\":\"https:\\\/\\\/www.airtimecritical.com\\\/es\"},{\"@type\":\"ListItem\",\"position\":2,\"name\":\"ATC\u00ae ofrece vuelos ch\u00e1rter nocturnos expr\u00e9s B\u00e9lgica-Eslovaquia\"}]},{\"@type\":\"WebSite\",\"@id\":\"https:\\\/\\\/www.airtimecritical.com\\\/es#website\",\"url\":\"https:\\\/\\\/www.airtimecritical.com\\\/es\",\"name\":\"Air Time Critical - ATC\",\"description\":\"Air Time Critical\u00ae offers priority air freight solutions to the industry in Europe, the Americas, and Asia | Door to door transport\",\"publisher\":{\"@id\":\"https:\\\/\\\/www.airtimecritical.com\\\/es#organization\"},\"potentialAction\":[{\"@type\":\"SearchAction\",\"target\":{\"@type\":\"EntryPoint\",\"urlTemplate\":\"https:\\\/\\\/www.airtimecritical.com\\\/es?s={search_term_string}\"},\"query-input\":{\"@type\":\"PropertyValueSpecification\",\"valueRequired\":true,\"valueName\":\"search_term_string\"}}],\"inLanguage\":\"es\"},{\"@type\":\"Organization\",\"@id\":\"https:\\\/\\\/www.airtimecritical.com\\\/es#organization\",\"name\":\"Airt Time Critical - ATC\",\"url\":\"https:\\\/\\\/www.airtimecritical.com\\\/es\",\"logo\":{\"@type\":\"ImageObject\",\"inLanguage\":\"es\",\"@id\":\"https:\\\/\\\/www.airtimecritical.com\\\/es#\\\/schema\\\/logo\\\/image\\\/\",\"url\":\"https:\\\/\\\/www.airtimecritical.com\\\/wp-content\\\/uploads\\\/2019\\\/10\\\/Logo_airtimecritical.png\",\"contentUrl\":\"https:\\\/\\\/www.airtimecritical.com\\\/wp-content\\\/uploads\\\/2019\\\/10\\\/Logo_airtimecritical.png\",\"width\":246,\"height\":141,\"caption\":\"Airt Time Critical - ATC\"},\"image\":{\"@id\":\"https:\\\/\\\/www.airtimecritical.com\\\/es#\\\/schema\\\/logo\\\/image\\\/\"},\"sameAs\":[\"https:\\\/\\\/www.facebook.com\\\/AirTimeCritical.Atc.airfreight\",\"https:\\\/\\\/x.com\\\/AirTimeCritical\",\"https:\\\/\\\/www.instagram.com\\\/airtimecritical\\\/\",\"https:\\\/\\\/www.linkedin.com\\\/company\\\/air-time-critical-\\\/\",\"https:\\\/\\\/www.youtube.com\\\/c\\\/Airtimecritical-envois-urgents-international\\\/\"]},{\"@type\":\"Person\",\"@id\":\"https:\\\/\\\/www.airtimecritical.com\\\/es#\\\/schema\\\/person\\\/22eeefeab161c4125b4632ddb66eaf9b\",\"name\":\"ATC\",\"url\":\"https:\\\/\\\/www.airtimecritical.com\\\/es\\\/author\\\/atc\"}]}<\/script>\n<!-- \/ Yoast SEO Premium plugin. -->","yoast_head_json":{"title":"ATC\u00ae ofrece vuelos ch\u00e1rter nocturnos expr\u00e9s B\u00e9lgica-Eslovaquia - Air Time Critical\u00ae - ATC\u00ae","description":"Conoce la historia de este transporte ch\u00e1rter a\u00e9reo nocturno urgente B\u00e9lgica-Eslovaquia que consigui\u00f3 evitar la parada de la l\u00ednea...","robots":{"index":"index","follow":"follow","max-snippet":"max-snippet:-1","max-image-preview":"max-image-preview:large","max-video-preview":"max-video-preview:-1"},"canonical":"https:\/\/www.airtimecritical.com\/es\/air-charter-belgica-eslovaquia","og_locale":"es_ES","og_type":"article","og_title":"ATC\u00ae ofrece vuelos ch\u00e1rter nocturnos expr\u00e9s B\u00e9lgica-Eslovaquia","og_description":"Conoce la historia de este transporte ch\u00e1rter a\u00e9reo nocturno urgente B\u00e9lgica-Eslovaquia que consigui\u00f3 evitar la parada de la l\u00ednea...","og_url":"https:\/\/www.airtimecritical.com\/es\/air-charter-belgica-eslovaquia","og_site_name":"Air Time Critical\u00ae - ATC\u00ae","article_publisher":"https:\/\/www.facebook.com\/AirTimeCritical.Atc.airfreight","article_published_time":"2023-06-06T06:54:31+00:00","article_modified_time":"2023-08-25T08:36:42+00:00","og_image":[{"width":920,"height":520,"url":"https:\/\/www.airtimecritical.com\/wp-content\/uploads\/2023\/06\/ATC\u00ae-ofrece-vuelos-charter-nocturnos-expres-Belgica-Eslovaquia.jpg","type":"image\/jpeg"}],"author":"ATC","twitter_card":"summary_large_image","twitter_creator":"@AirTimeCritical","twitter_site":"@AirTimeCritical","twitter_misc":{"Escrito por":"ATC","Tiempo de lectura":"5 minutos"},"schema":{"@context":"https:\/\/schema.org","@graph":[{"@type":"Article","@id":"https:\/\/www.airtimecritical.com\/es\/air-charter-belgica-eslovaquia#article","isPartOf":{"@id":"https:\/\/www.airtimecritical.com\/es\/air-charter-belgica-eslovaquia"},"author":{"name":"ATC","@id":"https:\/\/www.airtimecritical.com\/es#\/schema\/person\/22eeefeab161c4125b4632ddb66eaf9b"},"headline":"ATC\u00ae ofrece vuelos ch\u00e1rter nocturnos expr\u00e9s B\u00e9lgica-Eslovaquia","datePublished":"2023-06-06T06:54:31+00:00","dateModified":"2023-08-25T08:36:42+00:00","mainEntityOfPage":{"@id":"https:\/\/www.airtimecritical.com\/es\/air-charter-belgica-eslovaquia"},"wordCount":1022,"publisher":{"@id":"https:\/\/www.airtimecritical.com\/es#organization"},"image":{"@id":"https:\/\/www.airtimecritical.com\/es\/air-charter-belgica-eslovaquia#primaryimage"},"thumbnailUrl":"https:\/\/www.airtimecritical.com\/wp-content\/uploads\/2023\/06\/ATC\u00ae-ofrece-vuelos-charter-nocturnos-expres-Belgica-Eslovaquia.jpg","keywords":["Vuelos ch\u00e1rter y helic\u00f3pteros"],"articleSection":["Ejemplos Transporte A\u00e9reo"],"inLanguage":"es"},{"@type":"WebPage","@id":"https:\/\/www.airtimecritical.com\/es\/air-charter-belgica-eslovaquia","url":"https:\/\/www.airtimecritical.com\/es\/air-charter-belgica-eslovaquia","name":"ATC\u00ae ofrece vuelos ch\u00e1rter nocturnos expr\u00e9s B\u00e9lgica-Eslovaquia - Air Time Critical\u00ae - ATC\u00ae","isPartOf":{"@id":"https:\/\/www.airtimecritical.com\/es#website"},"primaryImageOfPage":{"@id":"https:\/\/www.airtimecritical.com\/es\/air-charter-belgica-eslovaquia#primaryimage"},"image":{"@id":"https:\/\/www.airtimecritical.com\/es\/air-charter-belgica-eslovaquia#primaryimage"},"thumbnailUrl":"https:\/\/www.airtimecritical.com\/wp-content\/uploads\/2023\/06\/ATC\u00ae-ofrece-vuelos-charter-nocturnos-expres-Belgica-Eslovaquia.jpg","datePublished":"2023-06-06T06:54:31+00:00","dateModified":"2023-08-25T08:36:42+00:00","description":"Conoce la historia de este transporte ch\u00e1rter a\u00e9reo nocturno urgente B\u00e9lgica-Eslovaquia que consigui\u00f3 evitar la parada de la l\u00ednea...","breadcrumb":{"@id":"https:\/\/www.airtimecritical.com\/es\/air-charter-belgica-eslovaquia#breadcrumb"},"inLanguage":"es","potentialAction":[{"@type":"ReadAction","target":["https:\/\/www.airtimecritical.com\/es\/air-charter-belgica-eslovaquia"]}]},{"@type":"ImageObject","inLanguage":"es","@id":"https:\/\/www.airtimecritical.com\/es\/air-charter-belgica-eslovaquia#primaryimage","url":"https:\/\/www.airtimecritical.com\/wp-content\/uploads\/2023\/06\/ATC\u00ae-ofrece-vuelos-charter-nocturnos-expres-Belgica-Eslovaquia.jpg","contentUrl":"https:\/\/www.airtimecritical.com\/wp-content\/uploads\/2023\/06\/ATC\u00ae-ofrece-vuelos-charter-nocturnos-expres-Belgica-Eslovaquia.jpg","width":920,"height":520,"caption":"ATC\u00ae ofrece vuelos ch\u00e1rter nocturnos expr\u00e9s B\u00e9lgica-Eslovaquia"},{"@type":"BreadcrumbList","@id":"https:\/\/www.airtimecritical.com\/es\/air-charter-belgica-eslovaquia#breadcrumb","itemListElement":[{"@type":"ListItem","position":1,"name":"Home","item":"https:\/\/www.airtimecritical.com\/es"},{"@type":"ListItem","position":2,"name":"ATC\u00ae ofrece vuelos ch\u00e1rter nocturnos expr\u00e9s B\u00e9lgica-Eslovaquia"}]},{"@type":"WebSite","@id":"https:\/\/www.airtimecritical.com\/es#website","url":"https:\/\/www.airtimecritical.com\/es","name":"Air Time Critical - ATC","description":"Air Time Critical\u00ae offers priority air freight solutions to the industry in Europe, the Americas, and Asia | Door to door transport","publisher":{"@id":"https:\/\/www.airtimecritical.com\/es#organization"},"potentialAction":[{"@type":"SearchAction","target":{"@type":"EntryPoint","urlTemplate":"https:\/\/www.airtimecritical.com\/es?s={search_term_string}"},"query-input":{"@type":"PropertyValueSpecification","valueRequired":true,"valueName":"search_term_string"}}],"inLanguage":"es"},{"@type":"Organization","@id":"https:\/\/www.airtimecritical.com\/es#organization","name":"Airt Time Critical - ATC","url":"https:\/\/www.airtimecritical.com\/es","logo":{"@type":"ImageObject","inLanguage":"es","@id":"https:\/\/www.airtimecritical.com\/es#\/schema\/logo\/image\/","url":"https:\/\/www.airtimecritical.com\/wp-content\/uploads\/2019\/10\/Logo_airtimecritical.png","contentUrl":"https:\/\/www.airtimecritical.com\/wp-content\/uploads\/2019\/10\/Logo_airtimecritical.png","width":246,"height":141,"caption":"Airt Time Critical - ATC"},"image":{"@id":"https:\/\/www.airtimecritical.com\/es#\/schema\/logo\/image\/"},"sameAs":["https:\/\/www.facebook.com\/AirTimeCritical.Atc.airfreight","https:\/\/x.com\/AirTimeCritical","https:\/\/www.instagram.com\/airtimecritical\/","https:\/\/www.linkedin.com\/company\/air-time-critical-\/","https:\/\/www.youtube.com\/c\/Airtimecritical-envois-urgents-international\/"]},{"@type":"Person","@id":"https:\/\/www.airtimecritical.com\/es#\/schema\/person\/22eeefeab161c4125b4632ddb66eaf9b","name":"ATC","url":"https:\/\/www.airtimecritical.com\/es\/author\/atc"}]}},"_links":{"self":[{"href":"https:\/\/www.airtimecritical.com\/es\/wp-json\/wp\/v2\/posts\/11444","targetHints":{"allow":["GET"]}}],"collection":[{"href":"https:\/\/www.airtimecritical.com\/es\/wp-json\/wp\/v2\/posts"}],"about":[{"href":"https:\/\/www.airtimecritical.com\/es\/wp-json\/wp\/v2\/types\/post"}],"author":[{"embeddable":true,"href":"https:\/\/www.airtimecritical.com\/es\/wp-json\/wp\/v2\/users\/2"}],"replies":[{"embeddable":true,"href":"https:\/\/www.airtimecritical.com\/es\/wp-json\/wp\/v2\/comments?post=11444"}],"version-history":[{"count":2,"href":"https:\/\/www.airtimecritical.com\/es\/wp-json\/wp\/v2\/posts\/11444\/revisions"}],"predecessor-version":[{"id":11451,"href":"https:\/\/www.airtimecritical.com\/es\/wp-json\/wp\/v2\/posts\/11444\/revisions\/11451"}],"wp:featuredmedia":[{"embeddable":true,"href":"https:\/\/www.airtimecritical.com\/es\/wp-json\/wp\/v2\/media\/11446"}],"wp:attachment":[{"href":"https:\/\/www.airtimecritical.com\/es\/wp-json\/wp\/v2\/media?parent=11444"}],"wp:term":[{"taxonomy":"category","embeddable":true,"href":"https:\/\/www.airtimecritical.com\/es\/wp-json\/wp\/v2\/categories?post=11444"},{"taxonomy":"post_tag","embeddable":true,"href":"https:\/\/www.airtimecritical.com\/es\/wp-json\/wp\/v2\/tags?post=11444"}],"curies":[{"name":"wp","href":"https:\/\/api.w.org\/{rel}","templated":true}]}}