{"id":11407,"date":"2023-07-12T13:52:32","date_gmt":"2023-07-12T12:52:32","guid":{"rendered":"https:\/\/www.airtimecritical.com\/air-charter-italie"},"modified":"2023-08-01T15:15:18","modified_gmt":"2023-08-01T14:15:18","slug":"charter-aereo-italia","status":"publish","type":"post","link":"https:\/\/www.airtimecritical.com\/es\/charter-aereo-italia","title":{"rendered":"Env\u00edo Urgente Italia-Francia: C\u00f3mo el Air Charter Desaf\u00eda las Distancias"},"content":{"rendered":"<h3 style=\"text-align: center;\"><span style=\"font-size: 14pt;\"><b>595 km y un plazo de 10 horas para este env\u00edo Italia-Francia.<\/b>\u00a0<\/span><\/h3>\n<p style=\"text-align: justify;\">Un importante fabricante franc\u00e9s de equipos de automoci\u00f3n, situado en el norte de Francia, entre Arras y Cambrai, necesita urgentemente piezas de su proveedor italiano, un fabricante de equipos de segundo nivel situado en Castellalto, en la provincia de Teramo, en la costa este de Italia.<\/p>\n<p style=\"text-align: justify;\">Les separa una distancia considerable de 1.595 km, lo que supone un plazo de entrega m\u00ednimo de 16 a 20 horas por carretera. Normalmente, este plazo de entrega por carretera no plantea ning\u00fan problema log\u00edstico particular. Sin embargo, en este caso concreto, el proveedor franc\u00e9s est\u00e1 a pocas horas de provocar una parada de la producci\u00f3n de su cliente, un fabricante de autom\u00f3viles.<\/p>\n<p style=\"text-align: justify;\">Para evitar que se agoten las existencias y la inevitable parada de la producci\u00f3n que se producir\u00eda a continuaci\u00f3n, la mercanc\u00eda debe entregarse en un plazo de 10 horas.<\/p>\n<p style=\"text-align: justify;\">Como ya se ha dicho, esto es imposible por carretera, ya que se tarda entre 10 y 20 horas de puerta a puerta, dependiendo de las condiciones del trayecto.<\/p>\n<p style=\"text-align: justify;\">Por lo tanto, ATC\u00ae ofrece una soluci\u00f3n de transporte por ch\u00e1rter a\u00e9reo de Italia a Francia. Pero, \u00bfser\u00e1 suficiente para cumplir los plazos y entregar los paquetes antes de que se detenga la producci\u00f3n? La cuenta atr\u00e1s ha comenzado para ATC\u00ae.<span data-contrast=\"auto\">\u202f<\/span><span data-ccp-props=\"{&quot;201341983&quot;:0,&quot;335559739&quot;:160,&quot;335559740&quot;:259}\">\u00a0<\/span><\/p>\n<h2 style=\"text-align: justify;\"><strong><span style=\"font-size: 18pt;\">Italia-Francia un transporte por aerotaxi<\/span> <\/strong><\/h2>\n<blockquote>\n<p style=\"text-align: justify;\"><strong><em>\u00bfCubrir\u00e1 el aerotaxi la distancia de 1595 km en menos de 10 horas?<\/em><\/strong><\/p>\n<\/blockquote>\n<p style=\"text-align: justify;\">ATC\u00ae propone un <a href=\"https:\/\/www.airtimecritical.com\/es\/charter-aereo\">transporte a\u00e9reo ch\u00e1rter<\/a> de Italia al norte de Francia. Esta opci\u00f3n, tambi\u00e9n conocida como \u00abch\u00e1rter de carga\u00bb, consiste en fletar un avi\u00f3n y su tripulaci\u00f3n para un transporte expr\u00e9s espec\u00edfico. Se trata, por tanto, de una soluci\u00f3n de transporte a\u00e9reo exclusiva, a diferencia de los vuelos regulares de carga con compa\u00f1\u00edas a\u00e9reas comerciales. Conoce a continuaci\u00f3n los detalles de la misi\u00f3n:<\/p>\n<p style=\"text-align: justify;\"><span data-contrast=\"auto\">\u202f<\/span><span data-ccp-props=\"{&quot;201341983&quot;:0,&quot;335559739&quot;:160,&quot;335559740&quot;:259}\">\u00a0<\/span><\/p>\n<p style=\"text-align: center;\"><strong>M\u00e1s informaci\u00f3n<\/strong>: <a href=\"https:\/\/www.airtimecritical.com\/es\/vuelo-charter-cosas-saber\" target=\"_blank\" rel=\"noopener\">Taxi a\u00e9reo, 5 cosas esenciales a saber<\/a><\/p>\n<p style=\"text-align: justify;\">\n<h3 style=\"text-align: justify;\"><strong><span style=\"font-size: 14pt;\">Detalles del servicio ch\u00e1rter a\u00e9reo Italia-Francia:<\/span> <\/strong><\/h3>\n<p style=\"text-align: justify;\">Tipo de vuelo: Avi\u00f3n de transporte fletado (ch\u00e1rter a\u00e9reo)<\/p>\n<p style=\"text-align: justify;\">Servicio: Italia-Francia puerta a puerta<\/p>\n<p style=\"text-align: justify;\">Carga: 8 bultos, 60x40x40 cm\/cada uno, peso total 80 kg, naturaleza: piezas de autom\u00f3vil<\/p>\n<p style=\"text-align: justify;\">Ruta de vuelo: Aeropuerto de Pescara (LIBP) a Aeropuerto de Vatry (LFOK)<\/p>\n<p style=\"text-align: justify;\">Duraci\u00f3n del vuelo de Pescara a Vatry: 2 horas<\/p>\n<p style=\"text-align: justify;\">Avi\u00f3n: Eclipse EA50. Peso en vac\u00edo: 1604 kg &#8211; Peso m\u00e1ximo: 2698 kg &#8211; Categor\u00eda: Avi\u00f3n muy ligero.<\/p>\n<p style=\"text-align: justify;\"><span style=\"background-color: transparent;\" data-contrast=\"auto\">\u202f<\/span><span style=\"background-color: transparent;\" data-ccp-props=\"{&quot;201341983&quot;:0,&quot;335559739&quot;:160,&quot;335559740&quot;:259}\">\u00a0<\/span><\/p>\n<h3 style=\"text-align: justify;\"><span style=\"font-size: 14pt;\">Cronolog\u00eda del transporte ch\u00e1rter a\u00e9reo Italia-Francia:<\/span><\/h3>\n<p style=\"text-align: justify;\">19:45: Llegada del avi\u00f3n ch\u00e1rter al aeropuerto de Pescara.<\/p>\n<p style=\"text-align: justify;\">20:20: Carga de los bultos en el avi\u00f3n<\/p>\n<p style=\"text-align: justify;\">20:45: Salida del vuelo de carga de Pescara, Italia<\/p>\n<p style=\"text-align: justify;\">Duraci\u00f3n del vuelo Italia-Francia: 2 horas.<\/p>\n<p style=\"text-align: justify;\">22:45: Llegada del vuelo ch\u00e1rter de carga al aeropuerto de Vatry (Francia)<\/p>\n<p style=\"text-align: justify;\">01:15: Entrega en la f\u00e1brica del norte de Francia.<\/p>\n<p style=\"text-align: justify;\"><span data-contrast=\"auto\">\u202f<\/span><span data-ccp-props=\"{&quot;201341983&quot;:0,&quot;335559739&quot;:160,&quot;335559740&quot;:259}\">\u00a0<\/span><\/p>\n<h3 style=\"text-align: justify;\"><strong><span style=\"font-size: 14pt;\">\u00bfCu\u00e1l es el plazo de entrega de este env\u00edo Italia-Francia?<\/span> <\/strong><\/h3>\n<p style=\"text-align: justify;\">-Plazo de entrega puerta a puerta Italia-Francia 5 horas y 30 minutos<\/p>\n<p style=\"text-align: justify;\">-Distancia recorrida: 1595 km<\/p>\n<p style=\"text-align: justify;\">-Velocidad media puerta a puerta: 290 km\/h<\/p>\n<p style=\"text-align: justify;\">\n<p style=\"text-align: justify;\"><em>Este ch\u00e1rter de carga, desde el proveedor italiano situado en la provincia de Teramo hasta Hauts-de-France (1595 km de distancia), se complet\u00f3 en menos de 6 horas puerta a puerta, \u00a1con una velocidad media de 290 km\/h!<\/em><\/p>\n<p style=\"text-align: justify;\">N\u00famero de horas ahorradas gracias al uso de un ch\u00e1rter a\u00e9reo en lugar de un furg\u00f3n expr\u00e9s:<\/p>\n<p style=\"text-align: justify;\"><strong>entre 10 y 14 horas. <\/strong><\/p>\n<p style=\"text-align: justify;\"><span data-contrast=\"auto\">\u202f<\/span><span data-ccp-props=\"{&quot;201341983&quot;:0,&quot;335559739&quot;:160,&quot;335559740&quot;:259}\">\u00a0<\/span><\/p>\n<h2 style=\"text-align: justify;\"><strong><span style=\"font-size: 18pt;\">\u00bfCu\u00e1les son las ventajas para el cliente de utilizar Air Time Critical\u00ae?<\/span> <\/strong><\/h2>\n<ul style=\"text-align: justify;\">\n<li><strong>Coordinaci\u00f3n local en Italia<\/strong>: para facilitar el proceso, Air Time Critical\u00ae se pone en contacto con su proveedor en el extranjero, en este caso, Italia, y comprueba todos los detalles del env\u00edo (referencias de la mercanc\u00eda, embalaje, hora de recogida). Esta colaboraci\u00f3n activa con el proveedor local garantiza la m\u00e1xima eficacia.<\/li>\n<\/ul>\n<p style=\"text-align: justify;\">\n<ul style=\"text-align: justify;\">\n<li><strong>Alerta meteorol\u00f3gica<\/strong>: para cada misi\u00f3n ch\u00e1rter a\u00e9rea, Air Time Critical\u00ae se pone en contacto con los aeropuertos de salida y llegada y comprueba la informaci\u00f3n meteorol\u00f3gica disponible para evitar retrasos causados por condiciones meteorol\u00f3gicas adversas. Ese d\u00eda, una alerta meteorol\u00f3gica en la estaci\u00f3n de Lille Lesquin nos llev\u00f3 a elegir una ruta m\u00e1s meridional y dar prioridad a un vuelo al aeropuerto de Vatry, lejos de las perturbaciones meteorol\u00f3gicas. Esta decisi\u00f3n permiti\u00f3 establecer un plan de vuelo seguro y ofrecer un plazo de entrega fiable al cliente.<\/li>\n<\/ul>\n<p style=\"text-align: justify;\">\n<ul style=\"text-align: justify;\">\n<li><strong>Mejor precio\/avi\u00f3n acorde con la carga<\/strong>: fiel a su tradici\u00f3n, Air Time Critical\u00ae vela por los intereses de sus clientes y ofrece el avi\u00f3n m\u00e1s ligero posible en funci\u00f3n de la carga a transportar, para minimizar los costes del ch\u00e1rter a\u00e9reo. En este caso, al optar por uno de los aviones m\u00e1s ligeros del mercado, un Eclipse EA50 de menos de 2 toneladas, en lugar de un vuelo de carga m\u00e1s com\u00fan como el Fairchild (3,9 toneladas), ATC\u00ae redujo el presupuesto puerta a puerta en varios miles de euros para el cliente.<\/li>\n<\/ul>\n<h2 style=\"text-align: justify;\"><strong><span style=\"font-size: 18pt;\">Para cualquier transporte a\u00e9reo urgente desde Italia, no dudes en ponerte en contacto con ATC\u00ae:<\/span> <\/strong><\/h2>\n<ul style=\"text-align: justify;\">\n<li>Por tel\u00e9fono: EU +32 2 888 84 16 (EN\/FR)<\/li>\n<li>Utilizando el <a href=\"https:\/\/www.airtimecritical.com\/es\/citar\" target=\"_blank\" rel=\"noopener\">formulario de presupuesto<\/a> online.<\/li>\n<\/ul>\n<pre style=\"text-align: justify;\"><em>Nota: Las fechas, horas, lugares y nombres mencionados han sido modificados para preservar la confidencialidad de nuestros clientes.<\/em><\/pre>\n","protected":false},"excerpt":{"rendered":"<p>El transporte urgente de Italia a Francia es ahora m\u00e1s r\u00e1pido que nunca gracias al uso del ch\u00e1rter a\u00e9reo. Con una distancia de 1.595 km y un plazo de entrega de s\u00f3lo 10 horas, este m\u00e9todo revolucionario desaf\u00eda las distancias tradicionales. Ahora las empresas pueden beneficiarse de un env\u00edo r\u00e1pido y fiable de sus mercanc\u00edas, lo que acelera los procesos log\u00edsticos y mejora la eficacia general.<\/p>\n","protected":false},"author":2,"featured_media":11409,"comment_status":"closed","ping_status":"closed","sticky":false,"template":"","format":"standard","meta":{"footnotes":""},"categories":[886],"tags":[887],"class_list":["post-11407","post","type-post","status-publish","format-standard","has-post-thumbnail","hentry","category-transporte-aereo-ejemplos","tag-vuelos-charter-urgentes"],"yoast_head":"<!-- This site is optimized with the Yoast SEO Premium plugin v27.3 (Yoast SEO v27.5) - https:\/\/yoast.com\/product\/yoast-seo-premium-wordpress\/ -->\n<title>Env\u00edo Urgente Italia-Francia: C\u00f3mo el Air Charter Desaf\u00eda las Distancias - Air Time Critical\u00ae - ATC\u00ae<\/title>\n<meta name=\"description\" content=\"El ch\u00e1rter a\u00e9reo reduce la distancia entre Italia y Francia a 1.595 km en 10 horas, revolucionando la entrega expr\u00e9s y optimizando la log\u00edstica.\" \/>\n<meta name=\"robots\" content=\"index, follow, max-snippet:-1, max-image-preview:large, max-video-preview:-1\" \/>\n<link rel=\"canonical\" href=\"https:\/\/www.airtimecritical.com\/es\/charter-aereo-italia\" \/>\n<meta property=\"og:locale\" content=\"es_ES\" \/>\n<meta property=\"og:type\" content=\"article\" \/>\n<meta property=\"og:title\" content=\"Env\u00edo Urgente Italia-Francia: C\u00f3mo el Air Charter Desaf\u00eda las Distancias\" \/>\n<meta property=\"og:description\" content=\"El ch\u00e1rter a\u00e9reo reduce la distancia entre Italia y Francia a 1.595 km en 10 horas, revolucionando la entrega expr\u00e9s y optimizando la log\u00edstica.\" \/>\n<meta property=\"og:url\" content=\"https:\/\/www.airtimecritical.com\/es\/charter-aereo-italia\" \/>\n<meta property=\"og:site_name\" content=\"Air Time Critical\u00ae - ATC\u00ae\" \/>\n<meta property=\"article:publisher\" content=\"https:\/\/www.facebook.com\/AirTimeCritical.Atc.airfreight\" \/>\n<meta property=\"article:published_time\" content=\"2023-07-12T12:52:32+00:00\" \/>\n<meta property=\"article:modified_time\" content=\"2023-08-01T14:15:18+00:00\" \/>\n<meta property=\"og:image\" content=\"https:\/\/www.airtimecritical.com\/wp-content\/uploads\/2023\/07\/Envio-Urgente-Italia-Francia-Como-el-Charter-Aereo-Desafia-las-Distancias.jpg\" \/>\n\t<meta property=\"og:image:width\" content=\"920\" \/>\n\t<meta property=\"og:image:height\" content=\"520\" \/>\n\t<meta property=\"og:image:type\" content=\"image\/jpeg\" \/>\n<meta name=\"author\" content=\"ATC\" \/>\n<meta name=\"twitter:card\" content=\"summary_large_image\" \/>\n<meta name=\"twitter:creator\" content=\"@AirTimeCritical\" \/>\n<meta name=\"twitter:site\" content=\"@AirTimeCritical\" \/>\n<meta name=\"twitter:label1\" content=\"Escrito por\" \/>\n\t<meta name=\"twitter:data1\" content=\"ATC\" \/>\n\t<meta name=\"twitter:label2\" content=\"Tiempo de lectura\" \/>\n\t<meta name=\"twitter:data2\" content=\"5 minutos\" \/>\n<script type=\"application\/ld+json\" class=\"yoast-schema-graph\">{\"@context\":\"https:\\\/\\\/schema.org\",\"@graph\":[{\"@type\":\"Article\",\"@id\":\"https:\\\/\\\/www.airtimecritical.com\\\/es\\\/charter-aereo-italia#article\",\"isPartOf\":{\"@id\":\"https:\\\/\\\/www.airtimecritical.com\\\/es\\\/charter-aereo-italia\"},\"author\":{\"name\":\"ATC\",\"@id\":\"https:\\\/\\\/www.airtimecritical.com\\\/es#\\\/schema\\\/person\\\/22eeefeab161c4125b4632ddb66eaf9b\"},\"headline\":\"Env\u00edo Urgente Italia-Francia: C\u00f3mo el Air Charter Desaf\u00eda las Distancias\",\"datePublished\":\"2023-07-12T12:52:32+00:00\",\"dateModified\":\"2023-08-01T14:15:18+00:00\",\"mainEntityOfPage\":{\"@id\":\"https:\\\/\\\/www.airtimecritical.com\\\/es\\\/charter-aereo-italia\"},\"wordCount\":884,\"publisher\":{\"@id\":\"https:\\\/\\\/www.airtimecritical.com\\\/es#organization\"},\"image\":{\"@id\":\"https:\\\/\\\/www.airtimecritical.com\\\/es\\\/charter-aereo-italia#primaryimage\"},\"thumbnailUrl\":\"https:\\\/\\\/www.airtimecritical.com\\\/wp-content\\\/uploads\\\/2023\\\/07\\\/Envio-Urgente-Italia-Francia-Como-el-Charter-Aereo-Desafia-las-Distancias.jpg\",\"keywords\":[\"Vuelos ch\u00e1rter y helic\u00f3pteros\"],\"articleSection\":[\"Ejemplos Transporte A\u00e9reo\"],\"inLanguage\":\"es\"},{\"@type\":\"WebPage\",\"@id\":\"https:\\\/\\\/www.airtimecritical.com\\\/es\\\/charter-aereo-italia\",\"url\":\"https:\\\/\\\/www.airtimecritical.com\\\/es\\\/charter-aereo-italia\",\"name\":\"Env\u00edo Urgente Italia-Francia: C\u00f3mo el Air Charter Desaf\u00eda las Distancias - Air Time Critical\u00ae - ATC\u00ae\",\"isPartOf\":{\"@id\":\"https:\\\/\\\/www.airtimecritical.com\\\/es#website\"},\"primaryImageOfPage\":{\"@id\":\"https:\\\/\\\/www.airtimecritical.com\\\/es\\\/charter-aereo-italia#primaryimage\"},\"image\":{\"@id\":\"https:\\\/\\\/www.airtimecritical.com\\\/es\\\/charter-aereo-italia#primaryimage\"},\"thumbnailUrl\":\"https:\\\/\\\/www.airtimecritical.com\\\/wp-content\\\/uploads\\\/2023\\\/07\\\/Envio-Urgente-Italia-Francia-Como-el-Charter-Aereo-Desafia-las-Distancias.jpg\",\"datePublished\":\"2023-07-12T12:52:32+00:00\",\"dateModified\":\"2023-08-01T14:15:18+00:00\",\"description\":\"El ch\u00e1rter a\u00e9reo reduce la distancia entre Italia y Francia a 1.595 km en 10 horas, revolucionando la entrega expr\u00e9s y optimizando la log\u00edstica.\",\"breadcrumb\":{\"@id\":\"https:\\\/\\\/www.airtimecritical.com\\\/es\\\/charter-aereo-italia#breadcrumb\"},\"inLanguage\":\"es\",\"potentialAction\":[{\"@type\":\"ReadAction\",\"target\":[\"https:\\\/\\\/www.airtimecritical.com\\\/es\\\/charter-aereo-italia\"]}]},{\"@type\":\"ImageObject\",\"inLanguage\":\"es\",\"@id\":\"https:\\\/\\\/www.airtimecritical.com\\\/es\\\/charter-aereo-italia#primaryimage\",\"url\":\"https:\\\/\\\/www.airtimecritical.com\\\/wp-content\\\/uploads\\\/2023\\\/07\\\/Envio-Urgente-Italia-Francia-Como-el-Charter-Aereo-Desafia-las-Distancias.jpg\",\"contentUrl\":\"https:\\\/\\\/www.airtimecritical.com\\\/wp-content\\\/uploads\\\/2023\\\/07\\\/Envio-Urgente-Italia-Francia-Como-el-Charter-Aereo-Desafia-las-Distancias.jpg\",\"width\":920,\"height\":520,\"caption\":\"Env\u00edo Urgente Italia-Francia C\u00f3mo el Ch\u00e1rter A\u00e9reo Desaf\u00eda las Distancias\"},{\"@type\":\"BreadcrumbList\",\"@id\":\"https:\\\/\\\/www.airtimecritical.com\\\/es\\\/charter-aereo-italia#breadcrumb\",\"itemListElement\":[{\"@type\":\"ListItem\",\"position\":1,\"name\":\"Home\",\"item\":\"https:\\\/\\\/www.airtimecritical.com\\\/es\"},{\"@type\":\"ListItem\",\"position\":2,\"name\":\"Env\u00edo Urgente Italia-Francia: C\u00f3mo el Air Charter Desaf\u00eda las Distancias\"}]},{\"@type\":\"WebSite\",\"@id\":\"https:\\\/\\\/www.airtimecritical.com\\\/es#website\",\"url\":\"https:\\\/\\\/www.airtimecritical.com\\\/es\",\"name\":\"Air Time Critical - ATC\",\"description\":\"Air Time Critical\u00ae offers priority air freight solutions to the industry in Europe, the Americas, and Asia | Door to door transport\",\"publisher\":{\"@id\":\"https:\\\/\\\/www.airtimecritical.com\\\/es#organization\"},\"potentialAction\":[{\"@type\":\"SearchAction\",\"target\":{\"@type\":\"EntryPoint\",\"urlTemplate\":\"https:\\\/\\\/www.airtimecritical.com\\\/es?s={search_term_string}\"},\"query-input\":{\"@type\":\"PropertyValueSpecification\",\"valueRequired\":true,\"valueName\":\"search_term_string\"}}],\"inLanguage\":\"es\"},{\"@type\":\"Organization\",\"@id\":\"https:\\\/\\\/www.airtimecritical.com\\\/es#organization\",\"name\":\"Airt Time Critical - ATC\",\"url\":\"https:\\\/\\\/www.airtimecritical.com\\\/es\",\"logo\":{\"@type\":\"ImageObject\",\"inLanguage\":\"es\",\"@id\":\"https:\\\/\\\/www.airtimecritical.com\\\/es#\\\/schema\\\/logo\\\/image\\\/\",\"url\":\"https:\\\/\\\/www.airtimecritical.com\\\/wp-content\\\/uploads\\\/2019\\\/10\\\/Logo_airtimecritical.png\",\"contentUrl\":\"https:\\\/\\\/www.airtimecritical.com\\\/wp-content\\\/uploads\\\/2019\\\/10\\\/Logo_airtimecritical.png\",\"width\":246,\"height\":141,\"caption\":\"Airt Time Critical - ATC\"},\"image\":{\"@id\":\"https:\\\/\\\/www.airtimecritical.com\\\/es#\\\/schema\\\/logo\\\/image\\\/\"},\"sameAs\":[\"https:\\\/\\\/www.facebook.com\\\/AirTimeCritical.Atc.airfreight\",\"https:\\\/\\\/x.com\\\/AirTimeCritical\",\"https:\\\/\\\/www.instagram.com\\\/airtimecritical\\\/\",\"https:\\\/\\\/www.linkedin.com\\\/company\\\/air-time-critical-\\\/\",\"https:\\\/\\\/www.youtube.com\\\/c\\\/Airtimecritical-envois-urgents-international\\\/\"]},{\"@type\":\"Person\",\"@id\":\"https:\\\/\\\/www.airtimecritical.com\\\/es#\\\/schema\\\/person\\\/22eeefeab161c4125b4632ddb66eaf9b\",\"name\":\"ATC\",\"url\":\"https:\\\/\\\/www.airtimecritical.com\\\/es\\\/author\\\/atc\"}]}<\/script>\n<!-- \/ Yoast SEO Premium plugin. -->","yoast_head_json":{"title":"Env\u00edo Urgente Italia-Francia: C\u00f3mo el Air Charter Desaf\u00eda las Distancias - Air Time Critical\u00ae - ATC\u00ae","description":"El ch\u00e1rter a\u00e9reo reduce la distancia entre Italia y Francia a 1.595 km en 10 horas, revolucionando la entrega expr\u00e9s y optimizando la log\u00edstica.","robots":{"index":"index","follow":"follow","max-snippet":"max-snippet:-1","max-image-preview":"max-image-preview:large","max-video-preview":"max-video-preview:-1"},"canonical":"https:\/\/www.airtimecritical.com\/es\/charter-aereo-italia","og_locale":"es_ES","og_type":"article","og_title":"Env\u00edo Urgente Italia-Francia: C\u00f3mo el Air Charter Desaf\u00eda las Distancias","og_description":"El ch\u00e1rter a\u00e9reo reduce la distancia entre Italia y Francia a 1.595 km en 10 horas, revolucionando la entrega expr\u00e9s y optimizando la log\u00edstica.","og_url":"https:\/\/www.airtimecritical.com\/es\/charter-aereo-italia","og_site_name":"Air Time Critical\u00ae - ATC\u00ae","article_publisher":"https:\/\/www.facebook.com\/AirTimeCritical.Atc.airfreight","article_published_time":"2023-07-12T12:52:32+00:00","article_modified_time":"2023-08-01T14:15:18+00:00","og_image":[{"width":920,"height":520,"url":"https:\/\/www.airtimecritical.com\/wp-content\/uploads\/2023\/07\/Envio-Urgente-Italia-Francia-Como-el-Charter-Aereo-Desafia-las-Distancias.jpg","type":"image\/jpeg"}],"author":"ATC","twitter_card":"summary_large_image","twitter_creator":"@AirTimeCritical","twitter_site":"@AirTimeCritical","twitter_misc":{"Escrito por":"ATC","Tiempo de lectura":"5 minutos"},"schema":{"@context":"https:\/\/schema.org","@graph":[{"@type":"Article","@id":"https:\/\/www.airtimecritical.com\/es\/charter-aereo-italia#article","isPartOf":{"@id":"https:\/\/www.airtimecritical.com\/es\/charter-aereo-italia"},"author":{"name":"ATC","@id":"https:\/\/www.airtimecritical.com\/es#\/schema\/person\/22eeefeab161c4125b4632ddb66eaf9b"},"headline":"Env\u00edo Urgente Italia-Francia: C\u00f3mo el Air Charter Desaf\u00eda las Distancias","datePublished":"2023-07-12T12:52:32+00:00","dateModified":"2023-08-01T14:15:18+00:00","mainEntityOfPage":{"@id":"https:\/\/www.airtimecritical.com\/es\/charter-aereo-italia"},"wordCount":884,"publisher":{"@id":"https:\/\/www.airtimecritical.com\/es#organization"},"image":{"@id":"https:\/\/www.airtimecritical.com\/es\/charter-aereo-italia#primaryimage"},"thumbnailUrl":"https:\/\/www.airtimecritical.com\/wp-content\/uploads\/2023\/07\/Envio-Urgente-Italia-Francia-Como-el-Charter-Aereo-Desafia-las-Distancias.jpg","keywords":["Vuelos ch\u00e1rter y helic\u00f3pteros"],"articleSection":["Ejemplos Transporte A\u00e9reo"],"inLanguage":"es"},{"@type":"WebPage","@id":"https:\/\/www.airtimecritical.com\/es\/charter-aereo-italia","url":"https:\/\/www.airtimecritical.com\/es\/charter-aereo-italia","name":"Env\u00edo Urgente Italia-Francia: C\u00f3mo el Air Charter Desaf\u00eda las Distancias - Air Time Critical\u00ae - ATC\u00ae","isPartOf":{"@id":"https:\/\/www.airtimecritical.com\/es#website"},"primaryImageOfPage":{"@id":"https:\/\/www.airtimecritical.com\/es\/charter-aereo-italia#primaryimage"},"image":{"@id":"https:\/\/www.airtimecritical.com\/es\/charter-aereo-italia#primaryimage"},"thumbnailUrl":"https:\/\/www.airtimecritical.com\/wp-content\/uploads\/2023\/07\/Envio-Urgente-Italia-Francia-Como-el-Charter-Aereo-Desafia-las-Distancias.jpg","datePublished":"2023-07-12T12:52:32+00:00","dateModified":"2023-08-01T14:15:18+00:00","description":"El ch\u00e1rter a\u00e9reo reduce la distancia entre Italia y Francia a 1.595 km en 10 horas, revolucionando la entrega expr\u00e9s y optimizando la log\u00edstica.","breadcrumb":{"@id":"https:\/\/www.airtimecritical.com\/es\/charter-aereo-italia#breadcrumb"},"inLanguage":"es","potentialAction":[{"@type":"ReadAction","target":["https:\/\/www.airtimecritical.com\/es\/charter-aereo-italia"]}]},{"@type":"ImageObject","inLanguage":"es","@id":"https:\/\/www.airtimecritical.com\/es\/charter-aereo-italia#primaryimage","url":"https:\/\/www.airtimecritical.com\/wp-content\/uploads\/2023\/07\/Envio-Urgente-Italia-Francia-Como-el-Charter-Aereo-Desafia-las-Distancias.jpg","contentUrl":"https:\/\/www.airtimecritical.com\/wp-content\/uploads\/2023\/07\/Envio-Urgente-Italia-Francia-Como-el-Charter-Aereo-Desafia-las-Distancias.jpg","width":920,"height":520,"caption":"Env\u00edo Urgente Italia-Francia C\u00f3mo el Ch\u00e1rter A\u00e9reo Desaf\u00eda las Distancias"},{"@type":"BreadcrumbList","@id":"https:\/\/www.airtimecritical.com\/es\/charter-aereo-italia#breadcrumb","itemListElement":[{"@type":"ListItem","position":1,"name":"Home","item":"https:\/\/www.airtimecritical.com\/es"},{"@type":"ListItem","position":2,"name":"Env\u00edo Urgente Italia-Francia: C\u00f3mo el Air Charter Desaf\u00eda las Distancias"}]},{"@type":"WebSite","@id":"https:\/\/www.airtimecritical.com\/es#website","url":"https:\/\/www.airtimecritical.com\/es","name":"Air Time Critical - ATC","description":"Air Time Critical\u00ae offers priority air freight solutions to the industry in Europe, the Americas, and Asia | Door to door transport","publisher":{"@id":"https:\/\/www.airtimecritical.com\/es#organization"},"potentialAction":[{"@type":"SearchAction","target":{"@type":"EntryPoint","urlTemplate":"https:\/\/www.airtimecritical.com\/es?s={search_term_string}"},"query-input":{"@type":"PropertyValueSpecification","valueRequired":true,"valueName":"search_term_string"}}],"inLanguage":"es"},{"@type":"Organization","@id":"https:\/\/www.airtimecritical.com\/es#organization","name":"Airt Time Critical - ATC","url":"https:\/\/www.airtimecritical.com\/es","logo":{"@type":"ImageObject","inLanguage":"es","@id":"https:\/\/www.airtimecritical.com\/es#\/schema\/logo\/image\/","url":"https:\/\/www.airtimecritical.com\/wp-content\/uploads\/2019\/10\/Logo_airtimecritical.png","contentUrl":"https:\/\/www.airtimecritical.com\/wp-content\/uploads\/2019\/10\/Logo_airtimecritical.png","width":246,"height":141,"caption":"Airt Time Critical - ATC"},"image":{"@id":"https:\/\/www.airtimecritical.com\/es#\/schema\/logo\/image\/"},"sameAs":["https:\/\/www.facebook.com\/AirTimeCritical.Atc.airfreight","https:\/\/x.com\/AirTimeCritical","https:\/\/www.instagram.com\/airtimecritical\/","https:\/\/www.linkedin.com\/company\/air-time-critical-\/","https:\/\/www.youtube.com\/c\/Airtimecritical-envois-urgents-international\/"]},{"@type":"Person","@id":"https:\/\/www.airtimecritical.com\/es#\/schema\/person\/22eeefeab161c4125b4632ddb66eaf9b","name":"ATC","url":"https:\/\/www.airtimecritical.com\/es\/author\/atc"}]}},"_links":{"self":[{"href":"https:\/\/www.airtimecritical.com\/es\/wp-json\/wp\/v2\/posts\/11407","targetHints":{"allow":["GET"]}}],"collection":[{"href":"https:\/\/www.airtimecritical.com\/es\/wp-json\/wp\/v2\/posts"}],"about":[{"href":"https:\/\/www.airtimecritical.com\/es\/wp-json\/wp\/v2\/types\/post"}],"author":[{"embeddable":true,"href":"https:\/\/www.airtimecritical.com\/es\/wp-json\/wp\/v2\/users\/2"}],"replies":[{"embeddable":true,"href":"https:\/\/www.airtimecritical.com\/es\/wp-json\/wp\/v2\/comments?post=11407"}],"version-history":[{"count":2,"href":"https:\/\/www.airtimecritical.com\/es\/wp-json\/wp\/v2\/posts\/11407\/revisions"}],"predecessor-version":[{"id":11414,"href":"https:\/\/www.airtimecritical.com\/es\/wp-json\/wp\/v2\/posts\/11407\/revisions\/11414"}],"wp:featuredmedia":[{"embeddable":true,"href":"https:\/\/www.airtimecritical.com\/es\/wp-json\/wp\/v2\/media\/11409"}],"wp:attachment":[{"href":"https:\/\/www.airtimecritical.com\/es\/wp-json\/wp\/v2\/media?parent=11407"}],"wp:term":[{"taxonomy":"category","embeddable":true,"href":"https:\/\/www.airtimecritical.com\/es\/wp-json\/wp\/v2\/categories?post=11407"},{"taxonomy":"post_tag","embeddable":true,"href":"https:\/\/www.airtimecritical.com\/es\/wp-json\/wp\/v2\/tags?post=11407"}],"curies":[{"name":"wp","href":"https:\/\/api.w.org\/{rel}","templated":true}]}}