{"id":7794,"date":"2022-03-18T14:36:08","date_gmt":"2022-03-18T13:36:08","guid":{"rendered":"https:\/\/www.airtimecritical.com\/turquie-documents-export"},"modified":"2025-02-10T16:02:09","modified_gmt":"2025-02-10T15:02:09","slug":"dokumenty-export-turecko","status":"publish","type":"post","link":"https:\/\/www.airtimecritical.com\/cs\/dokumenty-export-turecko","title":{"rendered":"Dokumenty pot\u0159ebn\u00e9 pro export do Turecka"},"content":{"rendered":"<p style=\"text-align: justify;\"><strong>Turecko <\/strong>se v pr\u016fb\u011bhu let stalo kl\u00ed\u010dov\u00fdm <strong>obchodn\u00edm partnerem Evropy<\/strong>, zejm\u00e9na pro <strong>automobilov\u00fd pr\u016fmysl<\/strong>. D\u00edky dv\u011bma velk\u00fdm mezin\u00e1rodn\u00edm leti\u0161t\u00edm v Istanbulu a konkurenceschopn\u00e9 n\u00e1rodn\u00ed leteck\u00e9 spole\u010dnosti (Turkish Airlines) m\u00e1 Turecko dostatek <a href=\"https:\/\/istanbul-international-airport.com\/flights\/departures\/\" target=\"_blank\" rel=\"nofollow noopener noreferrer\"><u>leteck\u00fdch spojen\u00ed s Evropou<\/u><\/a>.<\/p>\n<h2 style=\"text-align: justify;\"><span style=\"font-size: 18pt;\">Leteck\u00e1 p\u0159eprava do Turecka \u2013 pot\u0159ebn\u00e9 dokumenty<\/span><\/h2>\n<p style=\"text-align: justify;\">M\u00e1te z\u00e1kazn\u00edky v Turecku a pot\u0159ebujete odeslat nal\u00e9havou z\u00e1silku do Istanbulu? Pokud ano, v\u00edte, jak\u00e9 \u00fadaje a dokumenty je t\u0159eba p\u0159ipravit pro bezprobl\u00e9mov\u00e9 doru\u010den\u00ed?<\/p>\n<h3 style=\"text-align: justify;\"><span style=\"font-size: 14pt;\">Seznam podklad\u016f pro export do Turecka:<\/span><\/h3>\n<ul style=\"text-align: justify;\">\n<li>\u010c\u00edslo EORI v\u00fdvozce<\/li>\n<li>Obchodn\u00ed faktura<\/li>\n<li>HS K\u00d3D a popis zbo\u017e\u00ed v angli\u010dtin\u011b<\/li>\n<li>ATR \u2013 nen\u00ed povinn\u00e9, ale po\u010d\u00edtejte s t\u00edm, \u017ee p\u0159\u00edjemce jej m\u016f\u017ee po\u017eadovat p\u0159i p\u0159\u00edjezdu a \u017ee v\u00edzum nen\u00ed mo\u017en\u00e9 z\u00edskat dodate\u010dn\u011b.<\/li>\n<li>Osv\u011bd\u010den\u00ed o p\u016fvodu zbo\u017e\u00ed s raz\u00edtkem obchodn\u00ed komory<\/li>\n<\/ul>\n<p style=\"text-align: justify;\"><em>Pozn\u00e1mka: ATR nenahrazuje osv\u011bd\u010den\u00ed o p\u016fvodu. Ture\u010dt\u00ed celn\u00edci mohou nam\u00e1tkov\u011b po\u017eadovat osv\u011bd\u010den\u00ed o p\u016fvodu, a\u0165 u\u017e zbo\u017e\u00ed poch\u00e1z\u00ed odkudkoli.<\/em><\/p>\n<pre style=\"text-align: justify;\"><strong><span style=\"font-size: 14pt;\">Definice \u2013 Co je to ATR?<\/span><\/strong>\r\n\r\n<strong>ATR<\/strong> je <strong>osv\u011bd\u010den\u00ed pou\u017e\u00edvan\u00e9 pro pohyb zbo\u017e\u00ed<\/strong>, kter\u00e9 vyu\u017e\u00edv\u00e1 v\u00fdhod voln\u00e9ho ob\u011bhu nebo preferen\u010dn\u00edch dohod pro v\u00fdvoz zbo\u017e\u00ed z <strong>Evropsk\u00e9 unie<\/strong> do <strong>Turecka.<\/strong><\/pre>\n<h2 style=\"text-align: justify;\"><span style=\"font-size: 18pt;\">Nal\u00e9hav\u00e9 z\u00e1silky do\/z Turecka?<\/span><\/h2>\n<p style=\"text-align: justify;\">Spole\u010dnost <a href=\"https:\/\/www.airtimecritical.com\/cs\/o-nas\" target=\"_blank\" rel=\"noopener\"><u>Air Time Critical\u00ae<\/u><\/a> se specializuje na urgentn\u00ed leteckou p\u0159epravu a pro oblast Turecka m\u00e1 jedine\u010dn\u00e9 odborn\u00e9 znalosti. Organizujeme <a href=\"https:\/\/www.airtimecritical.com\/cs\/turecko-urgentni-letecka-preprava\" target=\"_blank\" rel=\"noopener\"><u>nouzov\u00e9 leteck\u00e9 p\u0159epravy do a z Turecka<\/u><\/a> pro z\u00e1kazn\u00edky pracuj\u00edc\u00ed v oblasti v\u00fdroby motor\u016f a n\u00e1stroj\u016f. Expresn\u00ed vyzvednut\u00ed palet a z\u00e1silek je obvykle zaji\u0161t\u011bno z <a href=\"https:\/\/www.google.com\/maps\/place\/Bursa,+Turquie\/@40.2218557,28.8922028,11z\/data=!3m1!4b1!4m5!3m4!1s0x14ca1582d8d45695:0x61a00555fc973392!8m2!3d40.1885281!4d29.0609636\" target=\"_blank\" rel=\"nofollow noopener noreferrer\"><u>Bursy<\/u><\/a>, <a href=\"https:\/\/www.google.com\/maps\/place\/Gebze,+Kocaeli,+Turquie\/@40.8045114,29.4224365,13z\/data=!3m1!4b1!4m5!3m4!1s0x14cad8ae0d8aa779:0xc50b56d262cb7062!8m2!3d40.8025157!4d29.4397941\" target=\"_blank\" rel=\"nofollow noopener noreferrer\"><u>Gebze<\/u><\/a> nebo okol\u00ed Istanbulu do 2-3 hodin od potvrzen\u00ed popt\u00e1vky. Urgentn\u00ed z\u00e1silka je n\u00e1sleduj\u00edc\u00ed den r\u00e1no nalo\u017eena do letadla na <a href=\"https:\/\/www.google.com\/maps\/place\/Istanbul+Airport\/@41.2767926,28.7278436,17z\/data=!3m1!4b1!4m5!3m4!1s0x409ffff60abc95a9:0x380ce02cc824e506!8m2!3d41.2767886!4d28.7300323\" target=\"_blank\" rel=\"nofollow noopener noreferrer\"><u>leti\u0161ti v Istanbulu (IST)<\/u><\/a> nebo na <a href=\"https:\/\/www.google.com\/maps\/place\/A%C3%A9roport+international+Sabiha+G%C3%B6k%C3%A7en\/@40.905371,29.0367089,10z\/data=!4m9!1m2!2m1!1zU2FiaWhhIEfDtmvDp2Vu!3m5!1s0x14cadbcbf424a153:0xacefca4d8098da74!8m2!3d40.905371!4d29.3168603!15sCg9TYWJpaGEgR8O2a8OnZW5aESIPc2FiaWhhIGfDtmvDp2VukgEaY2l2aWxpYW5fcGFzc2VuZ2VyX2FpcnBvcnSaASRDaGREU1VoTk1HOW5TMFZKUTBGblNVTTJkVGd6WWpOblJSQUI\" target=\"_blank\" rel=\"nofollow noopener noreferrer\"><u>leti\u0161ti Sabiha G\u00f6k\u00e7en (SAW)<\/u><\/a>. Je\u0161t\u011b t\u00fd\u017e den p\u0159istane obvykle na leti\u0161t\u011b v n\u011bmeck\u00e9m Frankfurtu (FRA), p\u0159\u00edpadn\u011b v Praze (PRG) nebo ve V\u00eddni (VIE). Po p\u0159\u00edletu je n\u00e1klad odbaven a co nejrychleji doru\u010den k p\u0159\u00edjemci v \u010cesk\u00e9 republice nebo na Slovensku. Za zm\u00ednku stoj\u00ed, \u017ee celn\u00ed odbaven\u00ed lze za ur\u010dit\u00fdch podm\u00ednek zajistit i o v\u00edkendech.<\/p>\n<p style=\"text-align: justify;\"><a href=\"https:\/\/www.airtimecritical.com\/cs\/kontaktujte-nas\" target=\"_blank\" rel=\"noopener\"><u>Kontaktujte n\u00e1s<\/u><\/a> v p\u0159\u00edpad\u011b v\u0161ech va\u0161ich nal\u00e9hav\u00fdch door-door z\u00e1silek do\/z Turecka. R\u00e1di v\u00e1m porad\u00edme.<\/p>\n","protected":false},"excerpt":{"rendered":"<p>P\u0159ipravili jsme pro v\u00e1s seznam dokument\u016f, kter\u00fd v\u00e1m pom\u016f\u017ee s bezprobl\u00e9mov\u00fdm exportem do Turecka.<\/p>\n","protected":false},"author":2,"featured_media":7795,"comment_status":"closed","ping_status":"closed","sticky":false,"template":"","format":"standard","meta":{"footnotes":""},"categories":[879],"tags":[],"class_list":["post-7794","post","type-post","status-publish","format-standard","has-post-thumbnail","hentry","category-letecke-prepravy-rady"],"yoast_head":"<!-- This site is optimized with the Yoast SEO Premium plugin v27.3 (Yoast SEO v27.5) - https:\/\/yoast.com\/product\/yoast-seo-premium-wordpress\/ -->\n<title>Dokumenty pot\u0159ebn\u00e9 pro export do Turecka - Air Time Critical\u00ae - ATC\u00ae<\/title>\n<meta name=\"description\" content=\"Air Time Critical\u00ae - Urgentn\u00ed z\u00e1silka do Turecka? Zjist\u011bte, jak\u00e9 dokumenty budete pot\u0159ebovat pro bezprobl\u00e9mov\u00e9 doru\u010den\u00ed.\" \/>\n<meta name=\"robots\" content=\"index, follow, max-snippet:-1, max-image-preview:large, max-video-preview:-1\" \/>\n<link rel=\"canonical\" href=\"https:\/\/www.airtimecritical.com\/cs\/dokumenty-export-turecko\" \/>\n<meta property=\"og:locale\" content=\"cs_CZ\" \/>\n<meta property=\"og:type\" content=\"article\" \/>\n<meta property=\"og:title\" content=\"Dokumenty pot\u0159ebn\u00e9 pro export do Turecka\" \/>\n<meta property=\"og:description\" content=\"Air Time Critical\u00ae - Urgentn\u00ed z\u00e1silka do Turecka? Zjist\u011bte, jak\u00e9 dokumenty budete pot\u0159ebovat pro bezprobl\u00e9mov\u00e9 doru\u010den\u00ed.\" \/>\n<meta property=\"og:url\" content=\"https:\/\/www.airtimecritical.com\/cs\/dokumenty-export-turecko\" \/>\n<meta property=\"og:site_name\" content=\"Air Time Critical\u00ae - ATC\u00ae\" \/>\n<meta property=\"article:publisher\" content=\"https:\/\/www.facebook.com\/AirTimeCritical.Atc.airfreight\" \/>\n<meta property=\"article:published_time\" content=\"2022-03-18T13:36:08+00:00\" \/>\n<meta property=\"article:modified_time\" content=\"2025-02-10T15:02:09+00:00\" \/>\n<meta property=\"og:image\" content=\"https:\/\/www.airtimecritical.com\/wp-content\/uploads\/2022\/03\/Turecka-Dokumenty-export.jpg\" \/>\n\t<meta property=\"og:image:width\" content=\"848\" \/>\n\t<meta property=\"og:image:height\" content=\"565\" \/>\n\t<meta property=\"og:image:type\" content=\"image\/jpeg\" \/>\n<meta name=\"author\" content=\"ATC\" \/>\n<meta name=\"twitter:card\" content=\"summary_large_image\" \/>\n<meta name=\"twitter:creator\" content=\"@AirTimeCritical\" \/>\n<meta name=\"twitter:site\" content=\"@AirTimeCritical\" \/>\n<meta name=\"twitter:label1\" content=\"Napsal(a)\" \/>\n\t<meta name=\"twitter:data1\" content=\"ATC\" \/>\n\t<meta name=\"twitter:label2\" content=\"Odhadovan\u00e1 doba \u010dten\u00ed\" \/>\n\t<meta name=\"twitter:data2\" content=\"2 minuty\" \/>\n<script type=\"application\/ld+json\" class=\"yoast-schema-graph\">{\"@context\":\"https:\\\/\\\/schema.org\",\"@graph\":[{\"@type\":\"Article\",\"@id\":\"https:\\\/\\\/www.airtimecritical.com\\\/cs\\\/dokumenty-export-turecko#article\",\"isPartOf\":{\"@id\":\"https:\\\/\\\/www.airtimecritical.com\\\/cs\\\/dokumenty-export-turecko\"},\"author\":{\"name\":\"ATC\",\"@id\":\"https:\\\/\\\/www.airtimecritical.com\\\/cs\\\/#\\\/schema\\\/person\\\/22eeefeab161c4125b4632ddb66eaf9b\"},\"headline\":\"Dokumenty pot\u0159ebn\u00e9 pro export do Turecka\",\"datePublished\":\"2022-03-18T13:36:08+00:00\",\"dateModified\":\"2025-02-10T15:02:09+00:00\",\"mainEntityOfPage\":{\"@id\":\"https:\\\/\\\/www.airtimecritical.com\\\/cs\\\/dokumenty-export-turecko\"},\"wordCount\":393,\"publisher\":{\"@id\":\"https:\\\/\\\/www.airtimecritical.com\\\/cs\\\/#organization\"},\"image\":{\"@id\":\"https:\\\/\\\/www.airtimecritical.com\\\/cs\\\/dokumenty-export-turecko#primaryimage\"},\"thumbnailUrl\":\"https:\\\/\\\/www.airtimecritical.com\\\/wp-content\\\/uploads\\\/2022\\\/03\\\/Turecka-Dokumenty-export.jpg\",\"articleSection\":[\"Leteck\u00e9 p\u0159epravy \u2013 rady\"],\"inLanguage\":\"cs\"},{\"@type\":\"WebPage\",\"@id\":\"https:\\\/\\\/www.airtimecritical.com\\\/cs\\\/dokumenty-export-turecko\",\"url\":\"https:\\\/\\\/www.airtimecritical.com\\\/cs\\\/dokumenty-export-turecko\",\"name\":\"Dokumenty pot\u0159ebn\u00e9 pro export do Turecka - Air Time Critical\u00ae - ATC\u00ae\",\"isPartOf\":{\"@id\":\"https:\\\/\\\/www.airtimecritical.com\\\/cs\\\/#website\"},\"primaryImageOfPage\":{\"@id\":\"https:\\\/\\\/www.airtimecritical.com\\\/cs\\\/dokumenty-export-turecko#primaryimage\"},\"image\":{\"@id\":\"https:\\\/\\\/www.airtimecritical.com\\\/cs\\\/dokumenty-export-turecko#primaryimage\"},\"thumbnailUrl\":\"https:\\\/\\\/www.airtimecritical.com\\\/wp-content\\\/uploads\\\/2022\\\/03\\\/Turecka-Dokumenty-export.jpg\",\"datePublished\":\"2022-03-18T13:36:08+00:00\",\"dateModified\":\"2025-02-10T15:02:09+00:00\",\"description\":\"Air Time Critical\u00ae - Urgentn\u00ed z\u00e1silka do Turecka? Zjist\u011bte, jak\u00e9 dokumenty budete pot\u0159ebovat pro bezprobl\u00e9mov\u00e9 doru\u010den\u00ed.\",\"breadcrumb\":{\"@id\":\"https:\\\/\\\/www.airtimecritical.com\\\/cs\\\/dokumenty-export-turecko#breadcrumb\"},\"inLanguage\":\"cs\",\"potentialAction\":[{\"@type\":\"ReadAction\",\"target\":[\"https:\\\/\\\/www.airtimecritical.com\\\/cs\\\/dokumenty-export-turecko\"]}]},{\"@type\":\"ImageObject\",\"inLanguage\":\"cs\",\"@id\":\"https:\\\/\\\/www.airtimecritical.com\\\/cs\\\/dokumenty-export-turecko#primaryimage\",\"url\":\"https:\\\/\\\/www.airtimecritical.com\\\/wp-content\\\/uploads\\\/2022\\\/03\\\/Turecka-Dokumenty-export.jpg\",\"contentUrl\":\"https:\\\/\\\/www.airtimecritical.com\\\/wp-content\\\/uploads\\\/2022\\\/03\\\/Turecka-Dokumenty-export.jpg\",\"width\":848,\"height\":565,\"caption\":\"Turecka - Dokumenty export\"},{\"@type\":\"BreadcrumbList\",\"@id\":\"https:\\\/\\\/www.airtimecritical.com\\\/cs\\\/dokumenty-export-turecko#breadcrumb\",\"itemListElement\":[{\"@type\":\"ListItem\",\"position\":1,\"name\":\"Home\",\"item\":\"https:\\\/\\\/www.airtimecritical.com\\\/cs\"},{\"@type\":\"ListItem\",\"position\":2,\"name\":\"Dokumenty pot\u0159ebn\u00e9 pro export do Turecka\"}]},{\"@type\":\"WebSite\",\"@id\":\"https:\\\/\\\/www.airtimecritical.com\\\/cs\\\/#website\",\"url\":\"https:\\\/\\\/www.airtimecritical.com\\\/cs\\\/\",\"name\":\"Air Time Critical - ATC\",\"description\":\"Air Time Critical\u00ae offers priority air freight solutions to the industry in Europe, the Americas, and Asia | Door to door transport\",\"publisher\":{\"@id\":\"https:\\\/\\\/www.airtimecritical.com\\\/cs\\\/#organization\"},\"potentialAction\":[{\"@type\":\"SearchAction\",\"target\":{\"@type\":\"EntryPoint\",\"urlTemplate\":\"https:\\\/\\\/www.airtimecritical.com\\\/cs\\\/?s={search_term_string}\"},\"query-input\":{\"@type\":\"PropertyValueSpecification\",\"valueRequired\":true,\"valueName\":\"search_term_string\"}}],\"inLanguage\":\"cs\"},{\"@type\":\"Organization\",\"@id\":\"https:\\\/\\\/www.airtimecritical.com\\\/cs\\\/#organization\",\"name\":\"Airt Time Critical - ATC\",\"url\":\"https:\\\/\\\/www.airtimecritical.com\\\/cs\\\/\",\"logo\":{\"@type\":\"ImageObject\",\"inLanguage\":\"cs\",\"@id\":\"https:\\\/\\\/www.airtimecritical.com\\\/cs\\\/#\\\/schema\\\/logo\\\/image\\\/\",\"url\":\"https:\\\/\\\/www.airtimecritical.com\\\/wp-content\\\/uploads\\\/2019\\\/10\\\/Logo_airtimecritical.png\",\"contentUrl\":\"https:\\\/\\\/www.airtimecritical.com\\\/wp-content\\\/uploads\\\/2019\\\/10\\\/Logo_airtimecritical.png\",\"width\":246,\"height\":141,\"caption\":\"Airt Time Critical - ATC\"},\"image\":{\"@id\":\"https:\\\/\\\/www.airtimecritical.com\\\/cs\\\/#\\\/schema\\\/logo\\\/image\\\/\"},\"sameAs\":[\"https:\\\/\\\/www.facebook.com\\\/AirTimeCritical.Atc.airfreight\",\"https:\\\/\\\/x.com\\\/AirTimeCritical\",\"https:\\\/\\\/www.instagram.com\\\/airtimecritical\\\/\",\"https:\\\/\\\/www.linkedin.com\\\/company\\\/air-time-critical-\\\/\",\"https:\\\/\\\/www.youtube.com\\\/c\\\/Airtimecritical-envois-urgents-international\\\/\"]},{\"@type\":\"Person\",\"@id\":\"https:\\\/\\\/www.airtimecritical.com\\\/cs\\\/#\\\/schema\\\/person\\\/22eeefeab161c4125b4632ddb66eaf9b\",\"name\":\"ATC\",\"url\":\"https:\\\/\\\/www.airtimecritical.com\\\/cs\\\/author\\\/atc\"}]}<\/script>\n<!-- \/ Yoast SEO Premium plugin. -->","yoast_head_json":{"title":"Dokumenty pot\u0159ebn\u00e9 pro export do Turecka - Air Time Critical\u00ae - ATC\u00ae","description":"Air Time Critical\u00ae - Urgentn\u00ed z\u00e1silka do Turecka? Zjist\u011bte, jak\u00e9 dokumenty budete pot\u0159ebovat pro bezprobl\u00e9mov\u00e9 doru\u010den\u00ed.","robots":{"index":"index","follow":"follow","max-snippet":"max-snippet:-1","max-image-preview":"max-image-preview:large","max-video-preview":"max-video-preview:-1"},"canonical":"https:\/\/www.airtimecritical.com\/cs\/dokumenty-export-turecko","og_locale":"cs_CZ","og_type":"article","og_title":"Dokumenty pot\u0159ebn\u00e9 pro export do Turecka","og_description":"Air Time Critical\u00ae - Urgentn\u00ed z\u00e1silka do Turecka? Zjist\u011bte, jak\u00e9 dokumenty budete pot\u0159ebovat pro bezprobl\u00e9mov\u00e9 doru\u010den\u00ed.","og_url":"https:\/\/www.airtimecritical.com\/cs\/dokumenty-export-turecko","og_site_name":"Air Time Critical\u00ae - ATC\u00ae","article_publisher":"https:\/\/www.facebook.com\/AirTimeCritical.Atc.airfreight","article_published_time":"2022-03-18T13:36:08+00:00","article_modified_time":"2025-02-10T15:02:09+00:00","og_image":[{"width":848,"height":565,"url":"https:\/\/www.airtimecritical.com\/wp-content\/uploads\/2022\/03\/Turecka-Dokumenty-export.jpg","type":"image\/jpeg"}],"author":"ATC","twitter_card":"summary_large_image","twitter_creator":"@AirTimeCritical","twitter_site":"@AirTimeCritical","twitter_misc":{"Napsal(a)":"ATC","Odhadovan\u00e1 doba \u010dten\u00ed":"2 minuty"},"schema":{"@context":"https:\/\/schema.org","@graph":[{"@type":"Article","@id":"https:\/\/www.airtimecritical.com\/cs\/dokumenty-export-turecko#article","isPartOf":{"@id":"https:\/\/www.airtimecritical.com\/cs\/dokumenty-export-turecko"},"author":{"name":"ATC","@id":"https:\/\/www.airtimecritical.com\/cs\/#\/schema\/person\/22eeefeab161c4125b4632ddb66eaf9b"},"headline":"Dokumenty pot\u0159ebn\u00e9 pro export do Turecka","datePublished":"2022-03-18T13:36:08+00:00","dateModified":"2025-02-10T15:02:09+00:00","mainEntityOfPage":{"@id":"https:\/\/www.airtimecritical.com\/cs\/dokumenty-export-turecko"},"wordCount":393,"publisher":{"@id":"https:\/\/www.airtimecritical.com\/cs\/#organization"},"image":{"@id":"https:\/\/www.airtimecritical.com\/cs\/dokumenty-export-turecko#primaryimage"},"thumbnailUrl":"https:\/\/www.airtimecritical.com\/wp-content\/uploads\/2022\/03\/Turecka-Dokumenty-export.jpg","articleSection":["Leteck\u00e9 p\u0159epravy \u2013 rady"],"inLanguage":"cs"},{"@type":"WebPage","@id":"https:\/\/www.airtimecritical.com\/cs\/dokumenty-export-turecko","url":"https:\/\/www.airtimecritical.com\/cs\/dokumenty-export-turecko","name":"Dokumenty pot\u0159ebn\u00e9 pro export do Turecka - Air Time Critical\u00ae - ATC\u00ae","isPartOf":{"@id":"https:\/\/www.airtimecritical.com\/cs\/#website"},"primaryImageOfPage":{"@id":"https:\/\/www.airtimecritical.com\/cs\/dokumenty-export-turecko#primaryimage"},"image":{"@id":"https:\/\/www.airtimecritical.com\/cs\/dokumenty-export-turecko#primaryimage"},"thumbnailUrl":"https:\/\/www.airtimecritical.com\/wp-content\/uploads\/2022\/03\/Turecka-Dokumenty-export.jpg","datePublished":"2022-03-18T13:36:08+00:00","dateModified":"2025-02-10T15:02:09+00:00","description":"Air Time Critical\u00ae - Urgentn\u00ed z\u00e1silka do Turecka? Zjist\u011bte, jak\u00e9 dokumenty budete pot\u0159ebovat pro bezprobl\u00e9mov\u00e9 doru\u010den\u00ed.","breadcrumb":{"@id":"https:\/\/www.airtimecritical.com\/cs\/dokumenty-export-turecko#breadcrumb"},"inLanguage":"cs","potentialAction":[{"@type":"ReadAction","target":["https:\/\/www.airtimecritical.com\/cs\/dokumenty-export-turecko"]}]},{"@type":"ImageObject","inLanguage":"cs","@id":"https:\/\/www.airtimecritical.com\/cs\/dokumenty-export-turecko#primaryimage","url":"https:\/\/www.airtimecritical.com\/wp-content\/uploads\/2022\/03\/Turecka-Dokumenty-export.jpg","contentUrl":"https:\/\/www.airtimecritical.com\/wp-content\/uploads\/2022\/03\/Turecka-Dokumenty-export.jpg","width":848,"height":565,"caption":"Turecka - Dokumenty export"},{"@type":"BreadcrumbList","@id":"https:\/\/www.airtimecritical.com\/cs\/dokumenty-export-turecko#breadcrumb","itemListElement":[{"@type":"ListItem","position":1,"name":"Home","item":"https:\/\/www.airtimecritical.com\/cs"},{"@type":"ListItem","position":2,"name":"Dokumenty pot\u0159ebn\u00e9 pro export do Turecka"}]},{"@type":"WebSite","@id":"https:\/\/www.airtimecritical.com\/cs\/#website","url":"https:\/\/www.airtimecritical.com\/cs\/","name":"Air Time Critical - ATC","description":"Air Time Critical\u00ae offers priority air freight solutions to the industry in Europe, the Americas, and Asia | Door to door transport","publisher":{"@id":"https:\/\/www.airtimecritical.com\/cs\/#organization"},"potentialAction":[{"@type":"SearchAction","target":{"@type":"EntryPoint","urlTemplate":"https:\/\/www.airtimecritical.com\/cs\/?s={search_term_string}"},"query-input":{"@type":"PropertyValueSpecification","valueRequired":true,"valueName":"search_term_string"}}],"inLanguage":"cs"},{"@type":"Organization","@id":"https:\/\/www.airtimecritical.com\/cs\/#organization","name":"Airt Time Critical - ATC","url":"https:\/\/www.airtimecritical.com\/cs\/","logo":{"@type":"ImageObject","inLanguage":"cs","@id":"https:\/\/www.airtimecritical.com\/cs\/#\/schema\/logo\/image\/","url":"https:\/\/www.airtimecritical.com\/wp-content\/uploads\/2019\/10\/Logo_airtimecritical.png","contentUrl":"https:\/\/www.airtimecritical.com\/wp-content\/uploads\/2019\/10\/Logo_airtimecritical.png","width":246,"height":141,"caption":"Airt Time Critical - ATC"},"image":{"@id":"https:\/\/www.airtimecritical.com\/cs\/#\/schema\/logo\/image\/"},"sameAs":["https:\/\/www.facebook.com\/AirTimeCritical.Atc.airfreight","https:\/\/x.com\/AirTimeCritical","https:\/\/www.instagram.com\/airtimecritical\/","https:\/\/www.linkedin.com\/company\/air-time-critical-\/","https:\/\/www.youtube.com\/c\/Airtimecritical-envois-urgents-international\/"]},{"@type":"Person","@id":"https:\/\/www.airtimecritical.com\/cs\/#\/schema\/person\/22eeefeab161c4125b4632ddb66eaf9b","name":"ATC","url":"https:\/\/www.airtimecritical.com\/cs\/author\/atc"}]}},"_links":{"self":[{"href":"https:\/\/www.airtimecritical.com\/cs\/wp-json\/wp\/v2\/posts\/7794","targetHints":{"allow":["GET"]}}],"collection":[{"href":"https:\/\/www.airtimecritical.com\/cs\/wp-json\/wp\/v2\/posts"}],"about":[{"href":"https:\/\/www.airtimecritical.com\/cs\/wp-json\/wp\/v2\/types\/post"}],"author":[{"embeddable":true,"href":"https:\/\/www.airtimecritical.com\/cs\/wp-json\/wp\/v2\/users\/2"}],"replies":[{"embeddable":true,"href":"https:\/\/www.airtimecritical.com\/cs\/wp-json\/wp\/v2\/comments?post=7794"}],"version-history":[{"count":1,"href":"https:\/\/www.airtimecritical.com\/cs\/wp-json\/wp\/v2\/posts\/7794\/revisions"}],"predecessor-version":[{"id":14010,"href":"https:\/\/www.airtimecritical.com\/cs\/wp-json\/wp\/v2\/posts\/7794\/revisions\/14010"}],"wp:featuredmedia":[{"embeddable":true,"href":"https:\/\/www.airtimecritical.com\/cs\/wp-json\/wp\/v2\/media\/7795"}],"wp:attachment":[{"href":"https:\/\/www.airtimecritical.com\/cs\/wp-json\/wp\/v2\/media?parent=7794"}],"wp:term":[{"taxonomy":"category","embeddable":true,"href":"https:\/\/www.airtimecritical.com\/cs\/wp-json\/wp\/v2\/categories?post=7794"},{"taxonomy":"post_tag","embeddable":true,"href":"https:\/\/www.airtimecritical.com\/cs\/wp-json\/wp\/v2\/tags?post=7794"}],"curies":[{"name":"wp","href":"https:\/\/api.w.org\/{rel}","templated":true}]}}