{"id":2605,"date":"2021-02-04T17:05:45","date_gmt":"2021-02-04T16:05:45","guid":{"rendered":"https:\/\/www.airtimecritical.com\/?p=2605"},"modified":"2022-10-12T14:21:25","modified_gmt":"2022-10-12T13:21:25","slug":"cinsky-novy-rok-a-letecka-preprava-budte-pripraveni","status":"publish","type":"post","link":"https:\/\/www.airtimecritical.com\/cs\/cinsky-novy-rok-a-letecka-preprava-budte-pripraveni","title":{"rendered":"\u010c\u00ednsk\u00fd Nov\u00fd rok a leteck\u00e1 p\u0159eprava, bud\u0165e p\u0159ipraveni!"},"content":{"rendered":"<h2 style=\"text-align: justify;\"><span style=\"font-size: 24pt;\"><span style=\"font-size: 18pt;\">Urgentn\u00ed z\u00e1silky b\u011bhem \u010d\u00ednsk\u00fdch sv\u00e1tk\u016f<\/span><br \/>\n<\/span><\/h2>\n<p style=\"text-align: justify;\">R\u00e1di bychom v\u00e1s upozornili na nadch\u00e1zej\u00edc\u00ed t\u00fdden: \u010c\u00edna, v\u010detn\u011b n\u011bkter\u00fdch dal\u0161\u00edch asijsk\u00fdch zem\u00ed, bude oslavovat <strong>lun\u00e1rn\u00ed Nov\u00fd rok<\/strong>. Vezm\u011bte pros\u00edm na v\u011bdom\u00ed o\u010dek\u00e1van\u00e9 sn\u00ed\u017een\u00ed dostupn\u00e9 p\u0159epravn\u00ed kapacity v tomto obdob\u00ed. Situace bude letos zhor\u0161en\u00e1 i kv\u016fli p\u0159etrv\u00e1vaj\u00edc\u00edm cestovn\u00edm omezen\u00edm spojen\u00fdch s Covid-19. V\u00fdsledkem budou del\u0161\u00ed p\u0159epravn\u00ed \u010dasy a vy\u0161\u0161\u00ed ceny. Nev\u00e1hejte n\u00e1s <strong>kontaktovat s p\u0159edstihem<\/strong> pro zaji\u0161t\u011bn\u00ed urgentn\u00edho door-door doru\u010den\u00ed do Evropy.<\/p>\n<h3 style=\"text-align: justify;\"><span style=\"font-size: 14pt;\">11.-17. \u00fanora 2021<\/span><\/h3>\n<p style=\"text-align: justify;\">Lun\u00e1rn\u00ed Nov\u00fd rok letos vych\u00e1z\u00ed na <strong>12. \u00fanora<\/strong> a jedn\u00e1 se o nejv\u00fdznamn\u011bj\u0161\u00ed tradi\u010dn\u00ed sv\u00e1tek v \u010c\u00edn\u011b. St\u00e1tn\u00ed sv\u00e1tky letos trvaj\u00ed od 11. do 17. \u00fanora. Podle \u010d\u00ednsk\u00e9ho zv\u011brokruhu je rok 2021 rokem buvola.<\/p>\n<h3 style=\"text-align: justify;\"><span style=\"font-size: 14pt;\">Jak \u010d\u00ednsk\u00e9 sv\u00e1tky ovlivn\u00ed urgentn\u00ed leteck\u00e9 z\u00e1silky a jak se p\u0159ipravit?<\/span><\/h3>\n<p style=\"text-align: justify;\">Obecn\u011b se d\u00e1 \u0159\u00edci, \u017ee v\u011bt\u0161ina firem, v\u010detn\u011b celn\u00edch \u00fa\u0159ad\u016f, bude v \u010c\u00edn\u011b zav\u0159ena. V ostatn\u00edch zem\u00edch mohou b\u00fdt omezen\u00ed men\u0161\u00edho rozsahu. Je proto d\u016fle\u017eit\u00e9 p\u0159\u00edpadn\u00e9 urgentn\u00ed <strong>z\u00e1silky \u0159e\u0161it alespo\u0148 kr\u00e1tce<\/strong> <strong>p\u0159ed za\u010d\u00e1tkem sv\u00e1tk\u016f<\/strong>. Po jejich zapo\u010det\u00ed je u\u017e velmi obt\u00ed\u017en\u00e9 z\u00edskat potvrzen\u00ed od aerolinek a je tedy vy\u017eadov\u00e1n pre-booking. Mnoho cargo let\u016f, kter\u00e9 mo\u017en\u00e1 b\u011b\u017en\u011b vyu\u017e\u00edv\u00e1te, je zru\u0161eno \u00fapln\u011b. Ve dnech p\u0159ed a po sv\u00e1tc\u00edch tak nast\u00e1v\u00e1 velk\u00fd boj o m\u00edsta v n\u00e1kladov\u00e9m prostoru v\u0161ech let\u016f. To m\u00e1 za n\u00e1sledek i v\u00fdr\u00e1zn\u00e9 nav\u00fd\u0161en\u00ed cen.<\/p>\n<ul style=\"text-align: justify;\">\n<li><a href=\"https:\/\/www.airtimecritical.com\/cs\/on-board-courier\" target=\"_blank\" rel=\"noopener\"><strong>On Board Courier\/Handcarry<\/strong><\/a><\/li>\n<\/ul>\n<p style=\"text-align: justify;\">Pouze p\u0159es Hongkong (HKG). Odes\u00edlatel\/p\u0159\u00edjemce mus\u00ed poskytnout POA a celn\u00ed dokumenty na\u0161emu celn\u00edmu brokerovi.<\/p>\n<ul style=\"text-align: justify;\">\n<li><a href=\"https:\/\/www.airtimecritical.com\/cs\/next-flight-out\" target=\"_blank\" rel=\"noopener\"><strong>Next Flight Out<\/strong><\/a><\/li>\n<\/ul>\n<p style=\"text-align: justify;\">Export: abyste m\u011bli nejvy\u0161\u0161\u00ed \u0161anci stihnout odeslat z\u00e1silku p\u0159ed sv\u00e1tky, <strong>rezervace mus\u00ed b\u00fdt potvrzena nejpozd\u011bji do 8. \u00fanora<\/strong> 17:00 CET (v z\u00e1vislosti na dostupnosti m\u00edsta).<br \/>\nImport: v p\u0159\u00edpad\u011b celn\u00ed kontroly nebo jin\u00fdch nesrovnalost\u00ed p\u0159i clen\u00ed bude z\u00e1silka uvoln\u011bna a\u017e po sv\u00e1tc\u00edch.<\/p>\n<h3 style=\"text-align: justify;\"><span style=\"font-size: 14pt;\">Provozn\u00ed doba celn\u00edch \u00fa\u0159ad\u016f (export i import)<\/span><\/h3>\n<table class=\" aligncenter\" style=\"width: 100%; border-collapse: collapse;\">\n<tbody>\n<tr>\n<td style=\"width: 20%;\">Leti\u0161t\u011b<\/td>\n<td style=\"width: 20%;\">7.-10. \u00fanora<\/td>\n<td style=\"width: 20%;\">11.-17. \u00fanora<\/td>\n<td style=\"width: 20%;\">18.-20. \u00fanora<\/td>\n<td style=\"width: 20%;\">21. \u00fanora<\/td>\n<\/tr>\n<tr>\n<td style=\"width: 20%;\">\u0160anghaj (PVG)<\/p>\n<p>Peking (PEK)<\/td>\n<td style=\"width: 20%;\">\n<p style=\"text-align: center;\">NORMAL<\/p>\n<\/td>\n<td style=\"width: 20%;\">09:00 &#8211; 11:00<\/p>\n<p>13:30 &#8211; 15:30<\/td>\n<td style=\"width: 20%; text-align: center;\">NORMAL<\/td>\n<td style=\"width: 20%;\">09:00 &#8211; 11:00<\/p>\n<p>13:30 &#8211; 15:30<\/td>\n<\/tr>\n<\/tbody>\n<\/table>\n<p style=\"text-align: justify;\">Pro v\u00edce informac\u00ed n\u00e1s m\u016f\u017eete kdykoliv <a href=\"https:\/\/www.airtimecritical.com\/cs\/kontaktujte-nas\" target=\"_blank\" rel=\"noopener\">kontaktovat<\/a> nebo rovnou zaslat <a href=\"https:\/\/www.airtimecritical.com\/cs\/poptavka\" target=\"_blank\" rel=\"noopener\">popt\u00e1vku<\/a>.<\/p>\n<p style=\"text-align: justify;\">Air Time Critical\u00ae v\u00e1m pom\u016f\u017ee zorganizovat to <strong>nejrychlej\u0161\u00ed door-door doru\u010den\u00ed z \u010c\u00edny do Evropy<\/strong> pro va\u0161e urgentn\u00ed z\u00e1silky.<\/p>\n","protected":false},"excerpt":{"rendered":"<p>Napl\u00e1nujte va\u0161e leteck\u00e9 z\u00e1silky na \u010d\u00ednsk\u00fd Nov\u00fd rok. Zjist\u011bte v\u00edce o d\u016fle\u017eit\u00fdch datech, omezen\u00edch pro leteckou p\u0159epravu a provozu celn\u00edch \u00fa\u0159ad\u016f. P\u0159ipravte s n\u00e1mi va\u0161e urgentn\u00ed z\u00e1silky s p\u0159edstihem.<\/p>\n","protected":false},"author":2,"featured_media":4273,"comment_status":"closed","ping_status":"closed","sticky":false,"template":"","format":"standard","meta":{"footnotes":""},"categories":[67],"tags":[],"class_list":["post-2605","post","type-post","status-publish","format-standard","has-post-thumbnail","hentry","category-novinky-letecke-dopravy"],"yoast_head":"<!-- This site is optimized with the Yoast SEO Premium plugin v27.3 (Yoast SEO v27.5) - https:\/\/yoast.com\/product\/yoast-seo-premium-wordpress\/ -->\n<title>\u010c\u00ednsk\u00fd Nov\u00fd rok a leteck\u00e1 p\u0159eprava, bud\u0165e p\u0159ipraveni! - Air Time Critical\u00ae - ATC\u00ae<\/title>\n<meta name=\"description\" content=\"Napl\u00e1nujte va\u0161e leteck\u00e9 z\u00e1silky na \u010d\u00ednsk\u00fd Nov\u00fd rok. Zjist\u011bte v\u00edce o d\u016fle\u017eit\u00fdch datech, omezen\u00edch pro leteckou p\u0159epravu a provozu celn\u00edch \u00fa\u0159ad\u016f.\" \/>\n<meta name=\"robots\" content=\"index, follow, max-snippet:-1, max-image-preview:large, max-video-preview:-1\" \/>\n<link rel=\"canonical\" href=\"https:\/\/www.airtimecritical.com\/cs\/cinsky-novy-rok-a-letecka-preprava-budte-pripraveni\" \/>\n<meta property=\"og:locale\" content=\"cs_CZ\" \/>\n<meta property=\"og:type\" content=\"article\" \/>\n<meta property=\"og:title\" content=\"\u010c\u00ednsk\u00fd Nov\u00fd rok a leteck\u00e1 p\u0159eprava, bud\u0165e p\u0159ipraveni!\" \/>\n<meta property=\"og:description\" content=\"Napl\u00e1nujte va\u0161e leteck\u00e9 z\u00e1silky na \u010d\u00ednsk\u00fd Nov\u00fd rok. Zjist\u011bte v\u00edce o d\u016fle\u017eit\u00fdch datech, omezen\u00edch pro leteckou p\u0159epravu a provozu celn\u00edch \u00fa\u0159ad\u016f.\" \/>\n<meta property=\"og:url\" content=\"https:\/\/www.airtimecritical.com\/cs\/cinsky-novy-rok-a-letecka-preprava-budte-pripraveni\" \/>\n<meta property=\"og:site_name\" content=\"Air Time Critical\u00ae - ATC\u00ae\" \/>\n<meta property=\"article:publisher\" content=\"https:\/\/www.facebook.com\/AirTimeCritical.Atc.airfreight\" \/>\n<meta property=\"article:published_time\" content=\"2021-02-04T16:05:45+00:00\" \/>\n<meta property=\"article:modified_time\" content=\"2022-10-12T13:21:25+00:00\" \/>\n<meta property=\"og:image\" content=\"https:\/\/www.airtimecritical.com\/wp-content\/uploads\/2021\/02\/Cinsky-Novy-rok-a-letecka-preprava-budte-pripraveni.jpg\" \/>\n\t<meta property=\"og:image:width\" content=\"893\" \/>\n\t<meta property=\"og:image:height\" content=\"401\" \/>\n\t<meta property=\"og:image:type\" content=\"image\/jpeg\" \/>\n<meta name=\"author\" content=\"ATC\" \/>\n<meta name=\"twitter:card\" content=\"summary_large_image\" \/>\n<meta name=\"twitter:creator\" content=\"@AirTimeCritical\" \/>\n<meta name=\"twitter:site\" content=\"@AirTimeCritical\" \/>\n<meta name=\"twitter:label1\" content=\"Napsal(a)\" \/>\n\t<meta name=\"twitter:data1\" content=\"ATC\" \/>\n\t<meta name=\"twitter:label2\" content=\"Odhadovan\u00e1 doba \u010dten\u00ed\" \/>\n\t<meta name=\"twitter:data2\" content=\"2 minuty\" \/>\n<script type=\"application\/ld+json\" class=\"yoast-schema-graph\">{\"@context\":\"https:\\\/\\\/schema.org\",\"@graph\":[{\"@type\":\"Article\",\"@id\":\"https:\\\/\\\/www.airtimecritical.com\\\/cs\\\/cinsky-novy-rok-a-letecka-preprava-budte-pripraveni#article\",\"isPartOf\":{\"@id\":\"https:\\\/\\\/www.airtimecritical.com\\\/cs\\\/cinsky-novy-rok-a-letecka-preprava-budte-pripraveni\"},\"author\":{\"name\":\"ATC\",\"@id\":\"https:\\\/\\\/www.airtimecritical.com\\\/cs\\\/#\\\/schema\\\/person\\\/22eeefeab161c4125b4632ddb66eaf9b\"},\"headline\":\"\u010c\u00ednsk\u00fd Nov\u00fd rok a leteck\u00e1 p\u0159eprava, bud\u0165e p\u0159ipraveni!\",\"datePublished\":\"2021-02-04T16:05:45+00:00\",\"dateModified\":\"2022-10-12T13:21:25+00:00\",\"mainEntityOfPage\":{\"@id\":\"https:\\\/\\\/www.airtimecritical.com\\\/cs\\\/cinsky-novy-rok-a-letecka-preprava-budte-pripraveni\"},\"wordCount\":445,\"publisher\":{\"@id\":\"https:\\\/\\\/www.airtimecritical.com\\\/cs\\\/#organization\"},\"image\":{\"@id\":\"https:\\\/\\\/www.airtimecritical.com\\\/cs\\\/cinsky-novy-rok-a-letecka-preprava-budte-pripraveni#primaryimage\"},\"thumbnailUrl\":\"https:\\\/\\\/www.airtimecritical.com\\\/wp-content\\\/uploads\\\/2021\\\/02\\\/Cinsky-Novy-rok-a-letecka-preprava-budte-pripraveni.jpg\",\"articleSection\":[\"Novinky z leteck\u00e9 dopravy\"],\"inLanguage\":\"cs\"},{\"@type\":\"WebPage\",\"@id\":\"https:\\\/\\\/www.airtimecritical.com\\\/cs\\\/cinsky-novy-rok-a-letecka-preprava-budte-pripraveni\",\"url\":\"https:\\\/\\\/www.airtimecritical.com\\\/cs\\\/cinsky-novy-rok-a-letecka-preprava-budte-pripraveni\",\"name\":\"\u010c\u00ednsk\u00fd Nov\u00fd rok a leteck\u00e1 p\u0159eprava, bud\u0165e p\u0159ipraveni! - Air Time Critical\u00ae - ATC\u00ae\",\"isPartOf\":{\"@id\":\"https:\\\/\\\/www.airtimecritical.com\\\/cs\\\/#website\"},\"primaryImageOfPage\":{\"@id\":\"https:\\\/\\\/www.airtimecritical.com\\\/cs\\\/cinsky-novy-rok-a-letecka-preprava-budte-pripraveni#primaryimage\"},\"image\":{\"@id\":\"https:\\\/\\\/www.airtimecritical.com\\\/cs\\\/cinsky-novy-rok-a-letecka-preprava-budte-pripraveni#primaryimage\"},\"thumbnailUrl\":\"https:\\\/\\\/www.airtimecritical.com\\\/wp-content\\\/uploads\\\/2021\\\/02\\\/Cinsky-Novy-rok-a-letecka-preprava-budte-pripraveni.jpg\",\"datePublished\":\"2021-02-04T16:05:45+00:00\",\"dateModified\":\"2022-10-12T13:21:25+00:00\",\"description\":\"Napl\u00e1nujte va\u0161e leteck\u00e9 z\u00e1silky na \u010d\u00ednsk\u00fd Nov\u00fd rok. Zjist\u011bte v\u00edce o d\u016fle\u017eit\u00fdch datech, omezen\u00edch pro leteckou p\u0159epravu a provozu celn\u00edch \u00fa\u0159ad\u016f.\",\"breadcrumb\":{\"@id\":\"https:\\\/\\\/www.airtimecritical.com\\\/cs\\\/cinsky-novy-rok-a-letecka-preprava-budte-pripraveni#breadcrumb\"},\"inLanguage\":\"cs\",\"potentialAction\":[{\"@type\":\"ReadAction\",\"target\":[\"https:\\\/\\\/www.airtimecritical.com\\\/cs\\\/cinsky-novy-rok-a-letecka-preprava-budte-pripraveni\"]}]},{\"@type\":\"ImageObject\",\"inLanguage\":\"cs\",\"@id\":\"https:\\\/\\\/www.airtimecritical.com\\\/cs\\\/cinsky-novy-rok-a-letecka-preprava-budte-pripraveni#primaryimage\",\"url\":\"https:\\\/\\\/www.airtimecritical.com\\\/wp-content\\\/uploads\\\/2021\\\/02\\\/Cinsky-Novy-rok-a-letecka-preprava-budte-pripraveni.jpg\",\"contentUrl\":\"https:\\\/\\\/www.airtimecritical.com\\\/wp-content\\\/uploads\\\/2021\\\/02\\\/Cinsky-Novy-rok-a-letecka-preprava-budte-pripraveni.jpg\",\"width\":893,\"height\":401,\"caption\":\"\u010c\u00ednsk\u00fd Nov\u00fd rok a leteck\u00e1 p\u0159eprava, bud\u0165e p\u0159ipraveni!\"},{\"@type\":\"BreadcrumbList\",\"@id\":\"https:\\\/\\\/www.airtimecritical.com\\\/cs\\\/cinsky-novy-rok-a-letecka-preprava-budte-pripraveni#breadcrumb\",\"itemListElement\":[{\"@type\":\"ListItem\",\"position\":1,\"name\":\"Home\",\"item\":\"https:\\\/\\\/www.airtimecritical.com\\\/cs\"},{\"@type\":\"ListItem\",\"position\":2,\"name\":\"\u010c\u00ednsk\u00fd Nov\u00fd rok a leteck\u00e1 p\u0159eprava, bud\u0165e p\u0159ipraveni!\"}]},{\"@type\":\"WebSite\",\"@id\":\"https:\\\/\\\/www.airtimecritical.com\\\/cs\\\/#website\",\"url\":\"https:\\\/\\\/www.airtimecritical.com\\\/cs\\\/\",\"name\":\"Air Time Critical - ATC\",\"description\":\"Air Time Critical\u00ae offers priority air freight solutions to the industry in Europe, the Americas, and Asia | Door to door transport\",\"publisher\":{\"@id\":\"https:\\\/\\\/www.airtimecritical.com\\\/cs\\\/#organization\"},\"potentialAction\":[{\"@type\":\"SearchAction\",\"target\":{\"@type\":\"EntryPoint\",\"urlTemplate\":\"https:\\\/\\\/www.airtimecritical.com\\\/cs\\\/?s={search_term_string}\"},\"query-input\":{\"@type\":\"PropertyValueSpecification\",\"valueRequired\":true,\"valueName\":\"search_term_string\"}}],\"inLanguage\":\"cs\"},{\"@type\":\"Organization\",\"@id\":\"https:\\\/\\\/www.airtimecritical.com\\\/cs\\\/#organization\",\"name\":\"Airt Time Critical - ATC\",\"url\":\"https:\\\/\\\/www.airtimecritical.com\\\/cs\\\/\",\"logo\":{\"@type\":\"ImageObject\",\"inLanguage\":\"cs\",\"@id\":\"https:\\\/\\\/www.airtimecritical.com\\\/cs\\\/#\\\/schema\\\/logo\\\/image\\\/\",\"url\":\"https:\\\/\\\/www.airtimecritical.com\\\/wp-content\\\/uploads\\\/2019\\\/10\\\/Logo_airtimecritical.png\",\"contentUrl\":\"https:\\\/\\\/www.airtimecritical.com\\\/wp-content\\\/uploads\\\/2019\\\/10\\\/Logo_airtimecritical.png\",\"width\":246,\"height\":141,\"caption\":\"Airt Time Critical - ATC\"},\"image\":{\"@id\":\"https:\\\/\\\/www.airtimecritical.com\\\/cs\\\/#\\\/schema\\\/logo\\\/image\\\/\"},\"sameAs\":[\"https:\\\/\\\/www.facebook.com\\\/AirTimeCritical.Atc.airfreight\",\"https:\\\/\\\/x.com\\\/AirTimeCritical\",\"https:\\\/\\\/www.instagram.com\\\/airtimecritical\\\/\",\"https:\\\/\\\/www.linkedin.com\\\/company\\\/air-time-critical-\\\/\",\"https:\\\/\\\/www.youtube.com\\\/c\\\/Airtimecritical-envois-urgents-international\\\/\"]},{\"@type\":\"Person\",\"@id\":\"https:\\\/\\\/www.airtimecritical.com\\\/cs\\\/#\\\/schema\\\/person\\\/22eeefeab161c4125b4632ddb66eaf9b\",\"name\":\"ATC\",\"url\":\"https:\\\/\\\/www.airtimecritical.com\\\/cs\\\/author\\\/atc\"}]}<\/script>\n<!-- \/ Yoast SEO Premium plugin. -->","yoast_head_json":{"title":"\u010c\u00ednsk\u00fd Nov\u00fd rok a leteck\u00e1 p\u0159eprava, bud\u0165e p\u0159ipraveni! - Air Time Critical\u00ae - ATC\u00ae","description":"Napl\u00e1nujte va\u0161e leteck\u00e9 z\u00e1silky na \u010d\u00ednsk\u00fd Nov\u00fd rok. Zjist\u011bte v\u00edce o d\u016fle\u017eit\u00fdch datech, omezen\u00edch pro leteckou p\u0159epravu a provozu celn\u00edch \u00fa\u0159ad\u016f.","robots":{"index":"index","follow":"follow","max-snippet":"max-snippet:-1","max-image-preview":"max-image-preview:large","max-video-preview":"max-video-preview:-1"},"canonical":"https:\/\/www.airtimecritical.com\/cs\/cinsky-novy-rok-a-letecka-preprava-budte-pripraveni","og_locale":"cs_CZ","og_type":"article","og_title":"\u010c\u00ednsk\u00fd Nov\u00fd rok a leteck\u00e1 p\u0159eprava, bud\u0165e p\u0159ipraveni!","og_description":"Napl\u00e1nujte va\u0161e leteck\u00e9 z\u00e1silky na \u010d\u00ednsk\u00fd Nov\u00fd rok. Zjist\u011bte v\u00edce o d\u016fle\u017eit\u00fdch datech, omezen\u00edch pro leteckou p\u0159epravu a provozu celn\u00edch \u00fa\u0159ad\u016f.","og_url":"https:\/\/www.airtimecritical.com\/cs\/cinsky-novy-rok-a-letecka-preprava-budte-pripraveni","og_site_name":"Air Time Critical\u00ae - ATC\u00ae","article_publisher":"https:\/\/www.facebook.com\/AirTimeCritical.Atc.airfreight","article_published_time":"2021-02-04T16:05:45+00:00","article_modified_time":"2022-10-12T13:21:25+00:00","og_image":[{"width":893,"height":401,"url":"https:\/\/www.airtimecritical.com\/wp-content\/uploads\/2021\/02\/Cinsky-Novy-rok-a-letecka-preprava-budte-pripraveni.jpg","type":"image\/jpeg"}],"author":"ATC","twitter_card":"summary_large_image","twitter_creator":"@AirTimeCritical","twitter_site":"@AirTimeCritical","twitter_misc":{"Napsal(a)":"ATC","Odhadovan\u00e1 doba \u010dten\u00ed":"2 minuty"},"schema":{"@context":"https:\/\/schema.org","@graph":[{"@type":"Article","@id":"https:\/\/www.airtimecritical.com\/cs\/cinsky-novy-rok-a-letecka-preprava-budte-pripraveni#article","isPartOf":{"@id":"https:\/\/www.airtimecritical.com\/cs\/cinsky-novy-rok-a-letecka-preprava-budte-pripraveni"},"author":{"name":"ATC","@id":"https:\/\/www.airtimecritical.com\/cs\/#\/schema\/person\/22eeefeab161c4125b4632ddb66eaf9b"},"headline":"\u010c\u00ednsk\u00fd Nov\u00fd rok a leteck\u00e1 p\u0159eprava, bud\u0165e p\u0159ipraveni!","datePublished":"2021-02-04T16:05:45+00:00","dateModified":"2022-10-12T13:21:25+00:00","mainEntityOfPage":{"@id":"https:\/\/www.airtimecritical.com\/cs\/cinsky-novy-rok-a-letecka-preprava-budte-pripraveni"},"wordCount":445,"publisher":{"@id":"https:\/\/www.airtimecritical.com\/cs\/#organization"},"image":{"@id":"https:\/\/www.airtimecritical.com\/cs\/cinsky-novy-rok-a-letecka-preprava-budte-pripraveni#primaryimage"},"thumbnailUrl":"https:\/\/www.airtimecritical.com\/wp-content\/uploads\/2021\/02\/Cinsky-Novy-rok-a-letecka-preprava-budte-pripraveni.jpg","articleSection":["Novinky z leteck\u00e9 dopravy"],"inLanguage":"cs"},{"@type":"WebPage","@id":"https:\/\/www.airtimecritical.com\/cs\/cinsky-novy-rok-a-letecka-preprava-budte-pripraveni","url":"https:\/\/www.airtimecritical.com\/cs\/cinsky-novy-rok-a-letecka-preprava-budte-pripraveni","name":"\u010c\u00ednsk\u00fd Nov\u00fd rok a leteck\u00e1 p\u0159eprava, bud\u0165e p\u0159ipraveni! - Air Time Critical\u00ae - ATC\u00ae","isPartOf":{"@id":"https:\/\/www.airtimecritical.com\/cs\/#website"},"primaryImageOfPage":{"@id":"https:\/\/www.airtimecritical.com\/cs\/cinsky-novy-rok-a-letecka-preprava-budte-pripraveni#primaryimage"},"image":{"@id":"https:\/\/www.airtimecritical.com\/cs\/cinsky-novy-rok-a-letecka-preprava-budte-pripraveni#primaryimage"},"thumbnailUrl":"https:\/\/www.airtimecritical.com\/wp-content\/uploads\/2021\/02\/Cinsky-Novy-rok-a-letecka-preprava-budte-pripraveni.jpg","datePublished":"2021-02-04T16:05:45+00:00","dateModified":"2022-10-12T13:21:25+00:00","description":"Napl\u00e1nujte va\u0161e leteck\u00e9 z\u00e1silky na \u010d\u00ednsk\u00fd Nov\u00fd rok. Zjist\u011bte v\u00edce o d\u016fle\u017eit\u00fdch datech, omezen\u00edch pro leteckou p\u0159epravu a provozu celn\u00edch \u00fa\u0159ad\u016f.","breadcrumb":{"@id":"https:\/\/www.airtimecritical.com\/cs\/cinsky-novy-rok-a-letecka-preprava-budte-pripraveni#breadcrumb"},"inLanguage":"cs","potentialAction":[{"@type":"ReadAction","target":["https:\/\/www.airtimecritical.com\/cs\/cinsky-novy-rok-a-letecka-preprava-budte-pripraveni"]}]},{"@type":"ImageObject","inLanguage":"cs","@id":"https:\/\/www.airtimecritical.com\/cs\/cinsky-novy-rok-a-letecka-preprava-budte-pripraveni#primaryimage","url":"https:\/\/www.airtimecritical.com\/wp-content\/uploads\/2021\/02\/Cinsky-Novy-rok-a-letecka-preprava-budte-pripraveni.jpg","contentUrl":"https:\/\/www.airtimecritical.com\/wp-content\/uploads\/2021\/02\/Cinsky-Novy-rok-a-letecka-preprava-budte-pripraveni.jpg","width":893,"height":401,"caption":"\u010c\u00ednsk\u00fd Nov\u00fd rok a leteck\u00e1 p\u0159eprava, bud\u0165e p\u0159ipraveni!"},{"@type":"BreadcrumbList","@id":"https:\/\/www.airtimecritical.com\/cs\/cinsky-novy-rok-a-letecka-preprava-budte-pripraveni#breadcrumb","itemListElement":[{"@type":"ListItem","position":1,"name":"Home","item":"https:\/\/www.airtimecritical.com\/cs"},{"@type":"ListItem","position":2,"name":"\u010c\u00ednsk\u00fd Nov\u00fd rok a leteck\u00e1 p\u0159eprava, bud\u0165e p\u0159ipraveni!"}]},{"@type":"WebSite","@id":"https:\/\/www.airtimecritical.com\/cs\/#website","url":"https:\/\/www.airtimecritical.com\/cs\/","name":"Air Time Critical - ATC","description":"Air Time Critical\u00ae offers priority air freight solutions to the industry in Europe, the Americas, and Asia | Door to door transport","publisher":{"@id":"https:\/\/www.airtimecritical.com\/cs\/#organization"},"potentialAction":[{"@type":"SearchAction","target":{"@type":"EntryPoint","urlTemplate":"https:\/\/www.airtimecritical.com\/cs\/?s={search_term_string}"},"query-input":{"@type":"PropertyValueSpecification","valueRequired":true,"valueName":"search_term_string"}}],"inLanguage":"cs"},{"@type":"Organization","@id":"https:\/\/www.airtimecritical.com\/cs\/#organization","name":"Airt Time Critical - ATC","url":"https:\/\/www.airtimecritical.com\/cs\/","logo":{"@type":"ImageObject","inLanguage":"cs","@id":"https:\/\/www.airtimecritical.com\/cs\/#\/schema\/logo\/image\/","url":"https:\/\/www.airtimecritical.com\/wp-content\/uploads\/2019\/10\/Logo_airtimecritical.png","contentUrl":"https:\/\/www.airtimecritical.com\/wp-content\/uploads\/2019\/10\/Logo_airtimecritical.png","width":246,"height":141,"caption":"Airt Time Critical - ATC"},"image":{"@id":"https:\/\/www.airtimecritical.com\/cs\/#\/schema\/logo\/image\/"},"sameAs":["https:\/\/www.facebook.com\/AirTimeCritical.Atc.airfreight","https:\/\/x.com\/AirTimeCritical","https:\/\/www.instagram.com\/airtimecritical\/","https:\/\/www.linkedin.com\/company\/air-time-critical-\/","https:\/\/www.youtube.com\/c\/Airtimecritical-envois-urgents-international\/"]},{"@type":"Person","@id":"https:\/\/www.airtimecritical.com\/cs\/#\/schema\/person\/22eeefeab161c4125b4632ddb66eaf9b","name":"ATC","url":"https:\/\/www.airtimecritical.com\/cs\/author\/atc"}]}},"_links":{"self":[{"href":"https:\/\/www.airtimecritical.com\/cs\/wp-json\/wp\/v2\/posts\/2605","targetHints":{"allow":["GET"]}}],"collection":[{"href":"https:\/\/www.airtimecritical.com\/cs\/wp-json\/wp\/v2\/posts"}],"about":[{"href":"https:\/\/www.airtimecritical.com\/cs\/wp-json\/wp\/v2\/types\/post"}],"author":[{"embeddable":true,"href":"https:\/\/www.airtimecritical.com\/cs\/wp-json\/wp\/v2\/users\/2"}],"replies":[{"embeddable":true,"href":"https:\/\/www.airtimecritical.com\/cs\/wp-json\/wp\/v2\/comments?post=2605"}],"version-history":[{"count":0,"href":"https:\/\/www.airtimecritical.com\/cs\/wp-json\/wp\/v2\/posts\/2605\/revisions"}],"wp:featuredmedia":[{"embeddable":true,"href":"https:\/\/www.airtimecritical.com\/cs\/wp-json\/wp\/v2\/media\/4273"}],"wp:attachment":[{"href":"https:\/\/www.airtimecritical.com\/cs\/wp-json\/wp\/v2\/media?parent=2605"}],"wp:term":[{"taxonomy":"category","embeddable":true,"href":"https:\/\/www.airtimecritical.com\/cs\/wp-json\/wp\/v2\/categories?post=2605"},{"taxonomy":"post_tag","embeddable":true,"href":"https:\/\/www.airtimecritical.com\/cs\/wp-json\/wp\/v2\/tags?post=2605"}],"curies":[{"name":"wp","href":"https:\/\/api.w.org\/{rel}","templated":true}]}}