{"id":16852,"date":"2026-04-28T18:34:59","date_gmt":"2026-04-28T17:34:59","guid":{"rendered":"https:\/\/www.airtimecritical.com\/?p=16852"},"modified":"2026-04-28T18:34:59","modified_gmt":"2026-04-28T17:34:59","slug":"urgentni-zasilky-letecka-preprava-kveten","status":"publish","type":"post","link":"https:\/\/www.airtimecritical.com\/cs\/urgentni-zasilky-letecka-preprava-kveten","title":{"rendered":"Kv\u011btnov\u00e9 sv\u00e1tky 2026: zabezpe\u010dte sv\u00e9 urgentn\u00ed z\u00e1silky"},"content":{"rendered":"<h2 style=\"text-align: justify;\"><span style=\"font-size: 18pt;\"><strong>Sv\u00e1tek pr\u00e1ce: V\u00fdzvy v leteck\u00e9 p\u0159eprav\u011b v Asii a Evrop\u011b<\/strong><\/span><\/h2>\n<p style=\"text-align: justify;\"><strong>Sv\u00e1tek pr\u00e1ce 2026 za\u010d\u00edn\u00e1 tento p\u00e1tek, 1. kv\u011btna<\/strong>, co\u017e v \u0159ad\u011b region\u016f sv\u011bta zp\u016fsob\u00ed uzav\u00edrky z d\u016fvodu st\u00e1tn\u00edch sv\u00e1tk\u016f. V Asii mohou del\u0161\u00ed sv\u00e1te\u010dn\u00ed obdob\u00ed v<strong> \u010c\u00edn\u011b, Japonsku, Vietnamu<\/strong> a <strong>Ji\u017en\u00ed Koreji<\/strong> v\u00fdrazn\u011bji ovlivnit provozn\u00ed pl\u00e1ny. V <strong>Evrop\u011b<\/strong> se po\u010d\u00e1tkem kv\u011btna o\u010dek\u00e1v\u00e1 zv\u00fd\u0161en\u00e1 aktivita v souvislosti s <strong>Dnem v\u00edt\u011bzstv\u00ed<\/strong>.<br \/>\nPro supply chain mana\u017eery a logistick\u00e9 t\u00fdmy je to vhodn\u00e1 doba na kontrolu term\u00edn\u016f z\u00e1silek a p\u0159\u00edpravu na sn\u00ed\u017eenou kapacitu celn\u00edch a dopravn\u00edch slu\u017eeb. Pokud v tomto obdob\u00ed pot\u0159ebujete zajistit kl\u00ed\u010dov\u00e9 z\u00e1silky z Asie do Evropy, zva\u017ete urgentn\u00ed leteck\u00e1 \u0159e\u0161en\u00ed, jako je hand carry p\u0159eprava nebo NFO.<\/p>\n<h2 style=\"text-align: justify;\"><span style=\"font-size: 18pt;\"><strong>Ned\u00e1vn\u00e9 st\u00e1vky u Lufthansy<\/strong><\/span><\/h2>\n<p style=\"text-align: justify;\">V Evrop\u011b stoj\u00ed za zm\u00ednku tak\u00e9 ned\u00e1vn\u00e9 st\u00e1vky person\u00e1lu spole\u010dnosti Lufthansa. Ty mohou i nad\u00e1le p\u0159isp\u00edvat k hromad\u011bn\u00ed nevy\u0159\u00edzen\u00fdch z\u00e1silek na letech spole\u010dnosti Lufthansa a k del\u0161\u00edm dob\u00e1m odbaven\u00ed na leti\u0161t\u00edch Frankfurt (FRA) a Mnichov (MUC), dokud se provoz op\u011bt nestabilizuje.<\/p>\n<h2 style=\"text-align: justify;\"><span style=\"font-size: 18pt;\"><strong>Dopady palivov\u00e9 krize na jihov\u00fdchodn\u00ed Asii<\/strong><\/span><\/h2>\n<p style=\"text-align: justify;\">Rostouc\u00ed ceny leteck\u00e9ho paliva, kter\u00e9 souvisej\u00ed s nap\u011bt\u00edm v Hormuzsk\u00e9m pr\u016flivu, zasahuj\u00ed asijsk\u00e9 leteck\u00e9 spole\u010dnosti obzvl\u00e1\u0161t\u011b tvrd\u011b. N\u011bkter\u00e9 \u010d\u00ednsk\u00e9 leteck\u00e9 spole\u010dnosti omezuj\u00ed kapacity na link\u00e1ch do jihov\u00fdchodn\u00ed Asie a soust\u0159ed\u00ed se sp\u00ed\u0161e na v\u00fdnosn\u011bj\u0161\u00ed trhy jako je Evropa. V kombinaci s vysokou popt\u00e1vkou v obdob\u00ed \u010d\u00ednsk\u00fdch sv\u00e1tk\u016f to vede k omezen\u00ed kapacit leteck\u00e9 n\u00e1kladn\u00ed dopravy na kl\u00ed\u010dov\u00fdch tras\u00e1ch.<\/p>\n<h2 style=\"text-align: justify;\"><strong><span style=\"font-size: 18pt;\">Kl\u00ed\u010dov\u00e1 data sv\u00e1tk\u016f a jejich dopady<\/span><\/strong><\/h2>\n<table style=\"height: 642px; width: 100%; border-collapse: collapse; background-color: #f0f3fa;\">\n<tbody>\n<tr style=\"height: 57px;\">\n<td style=\"width: 33.3333%; height: 57px;\"><strong><span style=\"font-size: 16px; text-align: justify;\">Region\/St\u00e1t<\/span><\/strong><\/td>\n<td style=\"width: 33.3333%; height: 57px;\"><strong><span style=\"font-size: 16px; text-align: justify;\">Sv\u00e1te\u010dn\u00ed obdob\u00ed<\/span><\/strong><\/td>\n<td style=\"width: 33.3333%; height: 57px;\"><strong><span style=\"font-size: 16px; text-align: justify;\">Dopad na logistiku<\/span><\/strong><\/td>\n<\/tr>\n<tr style=\"height: 57px;\">\n<td style=\"width: 33.3333%; height: 57px;\"><strong><span style=\"font-size: 16px; text-align: justify;\">EU\/Celosv\u011btov\u011b\u00a0<\/span><\/strong><\/td>\n<td style=\"width: 33.3333%; height: 57px;\"><span style=\"font-size: 16px; text-align: justify;\">1. kv\u011btna: Sv\u00e1tek pr\u00e1ce<\/span><\/td>\n<td style=\"width: 33.3333%; height: 57px;\"><span style=\"font-size: 16px; text-align: justify;\">Omezen\u00fd po\u010det zam\u011bstnanc\u016f, nepravideln\u00fd provoz<\/span><\/td>\n<\/tr>\n<tr style=\"height: 81px;\">\n<td style=\"width: 33.3333%; height: 81px;\"><strong><span style=\"font-size: 16px; text-align: justify;\">\u010c\u00edna<\/span><\/strong><\/td>\n<td style=\"width: 33.3333%; height: 81px;\"><span style=\"font-size: 16px; text-align: justify;\">1.\u20135. kv\u011btna: Sv\u00e1tky pr\u00e1ce\u00a0<\/span><\/td>\n<td style=\"width: 33.3333%; height: 81px;\"><span style=\"font-size: 16px; text-align: justify;\">Uzav\u0159en\u00ed celn\u00edch \u00fa\u0159ad\u016f na leti\u0161t\u00edch; zru\u0161en\u00ed let\u016f v jihov\u00fdchodn\u00ed Asii<\/span><\/td>\n<\/tr>\n<tr style=\"height: 57px;\">\n<td style=\"width: 33.3333%; height: 57px;\"><strong><span style=\"font-size: 16px; text-align: justify;\">Hongkong\u00a0<\/span><\/strong><\/td>\n<td style=\"width: 33.3333%; height: 57px;\"><span style=\"font-size: 16px; text-align: justify;\">1. kv\u011btna: Sv\u00e1tek pr\u00e1ce<\/span><\/td>\n<td style=\"width: 33.3333%; height: 57px;\"><span style=\"font-size: 16px; text-align: justify;\">Zpomalen\u00ed provozu v logistice<\/span><\/td>\n<\/tr>\n<tr style=\"height: 57px;\">\n<td style=\"width: 33.3333%; height: 57px;\"><strong><span style=\"font-size: 16px; text-align: justify;\">Japonsko\u00a0<\/span><\/strong><\/td>\n<td style=\"width: 33.3333%; height: 57px;\"><span style=\"font-size: 16px; text-align: justify;\">3.\u20136. kv\u011btna: Zlat\u00fd t\u00fdden<\/span><\/td>\n<td style=\"width: 33.3333%; height: 57px;\"><span style=\"font-size: 16px; text-align: justify;\">Odst\u00e1vky tov\u00e1ren, omezen\u00e1 leteck\u00e1 kapacita<\/span><\/td>\n<\/tr>\n<tr style=\"height: 57px;\">\n<td style=\"width: 33.3333%; height: 57px;\"><strong><span style=\"font-size: 16px; text-align: justify;\">Vietnam<\/span><\/strong><\/td>\n<td style=\"width: 33.3333%; height: 57px;\"><span style=\"font-size: 16px; text-align: justify;\">30. dubna\u20131. kv\u011btna: Sv\u00e1tek pr\u00e1ce\u00a0<\/span><\/td>\n<td style=\"width: 33.3333%; height: 57px;\"><span style=\"font-size: 16px; text-align: justify;\">Pozastaven\u00ed exportu, dopravn\u00ed z\u00e1cpy<\/span><\/td>\n<\/tr>\n<tr style=\"height: 57px;\">\n<td style=\"width: 33.3333%; height: 57px;\"><strong><span style=\"font-size: 16px; text-align: justify;\">Ji\u017en\u00ed Korea<\/span><\/strong><\/td>\n<td style=\"width: 33.3333%; height: 57px;\"><span style=\"font-size: 16px; text-align: justify;\">1. a 5. kv\u011btna: Sv\u00e1tek pr\u00e1ce<\/span><\/td>\n<td style=\"width: 33.3333%; height: 57px;\"><span style=\"font-size: 16px; text-align: justify;\">Rodinn\u00e9 v\u00fdlety omezuj\u00ed dostupnost pracovn\u00ed s\u00edly<\/span><\/td>\n<\/tr>\n<tr style=\"height: 57px;\">\n<td style=\"width: 33.3333%; height: 57px;\"><strong><span style=\"font-size: 16px; text-align: justify;\">Velk\u00e1 Brit\u00e1nie\u00a0<\/span><\/strong><\/td>\n<td style=\"width: 33.3333%; height: 57px;\"><span style=\"font-size: 16px; text-align: justify;\">4. kv\u011btna: Prvn\u00ed pond\u011bl\u00ed v kv\u011btnu<\/span><\/td>\n<td style=\"width: 33.3333%; height: 57px;\"><span style=\"font-size: 16px; text-align: justify;\">Zpo\u017ed\u011bn\u00ed kamionov\u00e9 dopravy v cel\u00e9 s\u00edti<\/span><\/td>\n<\/tr>\n<tr style=\"height: 57px;\">\n<td style=\"width: 33.3333%; height: 57px;\"><strong><span style=\"font-size: 16px; text-align: justify;\">EU (Francie, \u010cesko, Slovensko)<\/span><\/strong><\/td>\n<td style=\"width: 33.3333%; height: 57px;\"><span style=\"font-size: 16px; text-align: justify;\">8. kv\u011btna: Den v\u00edt\u011bzstv\u00ed\u00a0<\/span><\/td>\n<td style=\"width: 33.3333%; height: 57px;\"><span style=\"font-size: 16px; text-align: justify;\">Prodlou\u017een\u00e9 v\u00edkendy, omezen\u00e9 celn\u00ed odbaven\u00ed<\/span><\/td>\n<\/tr>\n<tr style=\"height: 105px;\">\n<td style=\"width: 33.3333%; height: 105px;\"><strong><span style=\"font-size: 16px; text-align: justify;\">EU (Slovensko)<\/span><\/strong><\/td>\n<td style=\"width: 33.3333%; height: 105px;\"><span style=\"font-size: 16px; text-align: justify;\">8. kv\u011btna: Den v\u00edt\u011bzstv\u00ed\u00a0<\/span><\/td>\n<td style=\"width: 33.3333%; height: 105px;\"><span style=\"font-size: 12pt;\">Jedn\u00e1 se o pracovn\u00ed den, p\u0159esto\u017ee je st\u00e1tn\u00edm sv\u00e1tkem. M\u016f\u017ee doj\u00edt ke sn\u00ed\u017een\u00e9mu po\u010dtu pracovn\u00edk\u016f a nepravideln\u00e9mu provozu.<\/span><\/td>\n<\/tr>\n<\/tbody>\n<\/table>\n<h2 style=\"text-align: justify;\"><span style=\"font-size: 18pt;\"><strong>Kde zpo\u017ed\u011bn\u00ed ovlivn\u00ed va\u0161e z\u00e1silky<\/strong><\/span><\/h2>\n<p style=\"text-align: justify;\">V tomto obdob\u00ed se spojuje n\u011bkolik faktor\u016f, kter\u00e9 maj\u00ed p\u0159\u00edm\u00fd dopad na tok leteck\u00e9 n\u00e1kladn\u00ed p\u0159epravy:<\/p>\n<ul>\n<li style=\"text-align: justify;\"><strong>\u010c\u00ednsk\u00fd sv\u00e1tek 1. m\u00e1je<\/strong>: Celn\u00ed \u00fa\u0159ady na kl\u00ed\u010dov\u00fdch leti\u0161t\u00edch, jako jsou \u0160anghaj a Guangzhou, mohou b\u00fdt zcela uzav\u0159eny, p\u0159i\u010dem\u017e omezen\u00fd po\u010det zam\u011bstnanc\u016f m\u016f\u017ee zp\u016fsobit zpo\u017ed\u011bn\u00ed p\u0159i odbavov\u00e1n\u00ed z\u00e1silek o v\u00edce ne\u017e 3 dny. \u010c\u00ednsk\u00e9 leteck\u00e9 spole\u010dnosti (Spring Airlines, China Southern) pozastavuj\u00ed linky do jihov\u00fdchodn\u00ed Asie (\u0160anghaj\u2013Phuket, Kanton\u2013Bangkok) a p\u0159esm\u011brov\u00e1vaj\u00ed kapacitu \u0161irokotrup\u00fdch letadel na linky do Evropy, kde popt\u00e1vka v obdob\u00ed sv\u00e1tk\u016f ji\u017e p\u0159evy\u0161uje kapacitu n\u00e1kladov\u00e9ho prostoru.<\/li>\n<li style=\"text-align: justify;\"><strong>R\u016fst cen leteck\u00e9ho paliva<\/strong>: Glob\u00e1ln\u00ed omezen\u00ed dod\u00e1vek tla\u010d\u00ed ceny nahoru o 10\u201320 %, co\u017e zvy\u0161uje sazby leteck\u00e9 p\u0159epravy pr\u00e1v\u011b v dob\u011b, kdy se sni\u017euje p\u0159epravn\u00ed kapacita. Na obl\u00edben\u00fdch tras\u00e1ch mezi Asi\u00ed a Evropou lze o\u010dek\u00e1vat zdvojn\u00e1soben\u00ed spotov\u00fdch sazeb.<\/li>\n<li style=\"text-align: justify;\"><strong>Naru\u0161en\u00ed provozu v Evrop\u011b<\/strong>: Den v\u00edt\u011bzstv\u00ed (p\u00e1tek 8. kv\u011btna) bude ve Francii, \u010cesk\u00e9 republice a na Slovensku druh\u00fdm prodlou\u017een\u00fdm v\u00edkendem v \u0159ad\u011b. Situaci je\u0161t\u011b zhor\u0161uje Sv\u00e1tek pr\u00e1ce, kter\u00fd s sebou nese kol\u00edsaj\u00edc\u00ed provozn\u00ed dobu, v\u00edkendov\u00e9 z\u00e1kazy kamionov\u00e9 dopravy a sn\u00ed\u017eenou p\u0159epravn\u00ed kapacitu<\/li>\n<li style=\"text-align: justify;\"><strong>Zm\u011bny tras a zru\u0161en\u00ed let\u016f<\/strong>: Ochlazen\u00ed \u010d\u00ednsk\u00e9ho cestovn\u00edho ruchu do jihov\u00fdchodn\u00ed Asie uvol\u0148uje letadla pro Evropu. Masivn\u00ed vnitrost\u00e1tn\u00ed migrace b\u011bhem Zlat\u00e9ho t\u00fddne ale st\u00e1le v\u00fdrazn\u011b omezuj\u00ed dostupnou p\u0159epravn\u00ed kapacitu, co\u017e nejv\u00edce poc\u00edt\u00ed v\u00fdrobci elektroniky, automobilov\u00fdch d\u00edl\u016f a zbo\u017e\u00ed podl\u00e9haj\u00edc\u00edho rychl\u00e9 zk\u00e1ze.<\/li>\n<\/ul>\n<h2 style=\"text-align: justify;\"><span style=\"font-size: 18pt;\"><strong>Co to znamen\u00e1 pro va\u0161e z\u00e1silky<\/strong><\/span><\/h2>\n<p style=\"text-align: justify;\">Tyto naru\u0161en\u00ed maj\u00ed p\u0159\u00edm\u00fd dopad na va\u0161e logistick\u00e9 toky, zejm\u00e9na u \u010dasov\u011b kritick\u00fdch z\u00e1silek:<\/p>\n<ul>\n<li style=\"text-align: justify;\">Doba p\u0159epravy se st\u00e1v\u00e1 m\u00e9n\u011b p\u0159edv\u00eddatelnou, zejm\u00e9na u export\u016f z Asie<\/li>\n<li style=\"text-align: justify;\">N\u00e1klady rychle rostou v d\u016fsledku omezen\u00e9 dostupn\u00e9 kapacity<\/li>\n<li style=\"text-align: justify;\">P\u0159epravn\u00ed \u0159et\u011bzce ztr\u00e1cej\u00ed na flexibilit\u011b a v p\u0159\u00edpad\u011b naru\u0161en\u00ed je k dispozici m\u00e9n\u011b alternativ<\/li>\n<li style=\"text-align: justify;\">Fin\u00e1ln\u00ed doru\u010den\u00ed po Evrop\u011b se m\u016f\u017ee prodlou\u017eit i kdy\u017e z\u00e1silka p\u0159ilet\u011bla v\u010das<\/li>\n<\/ul>\n<p style=\"text-align: justify;\">V t\u00e9to situaci se u kritick\u00fdch z\u00e1silek ji\u017e nem\u016f\u017eete spol\u00e9hat pouze na standardn\u00ed logistick\u00e9 postupy. K dodr\u017een\u00ed term\u00edn\u016f dod\u00e1n\u00ed jsou nezbytn\u00e1 alternativn\u00ed \u0159e\u0161en\u00ed.<\/p>\n<h2 style=\"text-align: justify;\"><span style=\"font-size: 18pt;\"><strong>Co by m\u011bly logistick\u00e9 t\u00fdmy ud\u011blat p\u0159ed sv\u00e1tkem pr\u00e1ce<\/strong><\/span><\/h2>\n<ul>\n<li style=\"text-align: justify;\"><strong>Strategick\u00e9 na\u010dasov\u00e1n\u00ed<\/strong>: Z\u00e1silky odes\u00edlejte p\u0159ed 1. kv\u011btnem nebo napl\u00e1nujte doru\u010den\u00ed a\u017e po 6. kv\u011btnu, abyste se vyhnuli dopravn\u00edm \u0161pi\u010dk\u00e1m.<\/li>\n<li style=\"text-align: justify;\"><strong>Vytvo\u0159te si rezervy<\/strong>: P\u0159ed sv\u00e1tky si vytvo\u0159te z\u00e1soby na 2\u20133 t\u00fddny a znovu si u dodavatel\u016f ov\u011b\u0159te term\u00edny pro p\u0159ij\u00edm\u00e1n\u00ed objedn\u00e1vek.<\/li>\n<li style=\"text-align: justify;\"><strong>Up\u0159ednostn\u011bte urgentn\u00ed zp\u016fsoby p\u0159epravy<\/strong>: P\u0159esu\u0148te zbo\u017e\u00ed s vysokou hodnotou nebo \u010dasov\u011b citliv\u00e9 zbo\u017e\u00ed na spolehliv\u011bj\u0161\u00ed slu\u017eby OBC\/NFO (MustGo leteck\u00e1 p\u0159eprava), kter\u00e9 obch\u00e1zej\u00ed b\u011b\u017en\u00e9 p\u0159epravn\u00ed fronty.<\/li>\n<\/ul>\n<h2 style=\"text-align: justify;\"><span style=\"font-size: 18pt;\"><strong>Air Time Critical\u00ae: Hladk\u00fd pr\u016fb\u011bh p\u0159epravy i b\u011bhem sv\u00e1tk\u016f<\/strong><\/span><\/h2>\n<p style=\"text-align: justify;\">N\u00e1\u0161 specializovan\u00fd t\u00fdm pracuje nep\u0159etr\u017eit\u011b, aby zvl\u00e1dl i toto ru\u0161n\u00e9 obdob\u00ed:<\/p>\n<ul>\n<li style=\"text-align: justify;\"><strong>Znalost \u010d\u00ednsk\u00e9ho trhu<\/strong>: Obch\u00e1z\u00edme celn\u00ed v\u00fdpadky pomoc\u00ed alternativn\u00edch uzl\u016f (nap\u0159. Hongkong) a pr\u016fb\u011b\u017en\u011b sledujeme provoz na leti\u0161t\u00edch i letov\u00e9 \u0159\u00e1dy aerolinek.<\/li>\n<li style=\"text-align: justify;\"><strong>S\u00edt\u011b v Evrop\u011b a Asii<\/strong>: Na\u0161i m\u00edstn\u00ed partne\u0159i v cel\u00e9 Evrop\u011b a Asii v\u00e1m d\u00edky znalosti m\u00edstn\u00edch podm\u00ednek pomohou zajistit plynulou p\u0159epravu va\u0161\u00ed urgentn\u00ed z\u00e1silky.<\/li>\n<li style=\"text-align: justify;\"><strong>Specializovan\u00e9 slu\u017eby pro \u010dasov\u011b kritick\u00e9 z\u00e1silky<\/strong>:\n<ul>\n<li style=\"text-align: justify;\"><span style=\"color: #03a9f4;\"><a style=\"color: #03a9f4;\" title=\" Palubn\u00ed Kur\u00fdr\" href=\"https:\/\/www.airtimecritical.com\/cs\/on-board-courier\" target=\"_blank\" rel=\"noopener\">On Board Courier (OBC)<\/a><\/span>: Osobn\u00ed doru\u010den\u00ed s kompletn\u00edm sledov\u00e1n\u00edm z\u00e1silky. Ide\u00e1ln\u00ed pro nenahraditeln\u00e9 sou\u010d\u00e1stky nebo kr\u00e1tk\u00e9 term\u00edny.<\/li>\n<li style=\"text-align: justify;\"><span style=\"color: #03a9f4;\"><a style=\"color: #03a9f4;\" title=\"Odesl\u00e1n\u00ed nejbli\u017e\u0161\u00edm letem\" href=\"https:\/\/www.airtimecritical.com\/cs\/next-flight-out\" target=\"_blank\" rel=\"noopener\">Next Flight Out (NFO)<\/a><\/span>: Nejvy\u0161\u0161\u00ed priorita rezervace pro odlet na \u00fapln\u011b prvn\u00edm dostupn\u00e9m letu, co\u017e zkracuje p\u0159epravn\u00ed dobu na 2\u20133 dny po cel\u00e9m sv\u011bt\u011b.<\/li>\n<\/ul>\n<\/li>\n<\/ul>\n<h2 style=\"text-align: justify;\"><span style=\"font-size: 18pt;\"><strong>Kdy vyu\u017e\u00edt slu\u017eby OBC nebo NFO b\u011bhem sv\u00e1tku pr\u00e1ce<\/strong><\/span><\/h2>\n<p style=\"text-align: justify;\">V\u00fdb\u011br spr\u00e1vn\u00e9ho p\u0159epravn\u00edho \u0159e\u0161en\u00ed je z\u00e1sadn\u00ed, kdy\u017e se standardn\u00ed leteck\u00e1 p\u0159eprava st\u00e1v\u00e1 m\u00e9n\u011b spolehlivou.<\/p>\n<h3 style=\"text-align: justify;\"><span style=\"font-size: 14pt;\"><strong>Slu\u017ebu On Board Courier (kur\u00fdr na palub\u011b) vyu\u017eijte, pokud:<\/strong><\/span><\/h3>\n<ul>\n<li style=\"text-align: justify;\">Z\u00e1silka je mal\u00e1 a vysoce kritick\u00e1<\/li>\n<li style=\"text-align: justify;\">Doru\u010den\u00ed mus\u00ed b\u00fdt zaru\u010deno v co nejkrat\u0161\u00edm mo\u017en\u00e9m \u010dase<\/li>\n<li style=\"text-align: justify;\">Nen\u00ed p\u0159\u00edpustn\u00e9 \u017e\u00e1dn\u00e9 zpo\u017ed\u011bn\u00ed<\/li>\n<\/ul>\n<h3 style=\"text-align: justify;\"><span style=\"font-size: 14pt;\"><strong>Slu\u017ebu Next Flight Out (NFO) vyu\u017eijte, pokud:<\/strong><\/span><\/h3>\n<ul>\n<li>Z\u00e1silka je v\u011bt\u0161\u00ed nebo m\u00e9n\u011b \u010dasov\u011b citliv\u00e1 ne\u017e u slu\u017eby OBC<\/li>\n<li>Sta\u010d\u00ed nejrychlej\u0161\u00ed dostupn\u00fd komer\u010dn\u00ed let<\/li>\n<li>Je t\u0159eba naj\u00edt rovnov\u00e1hu mezi nal\u00e9havost\u00ed a cenou<\/li>\n<\/ul>\n<p>Ob\u011b mo\u017enosti v\u00e1m umo\u017e\u0148uj\u00ed obej\u00edt tradi\u010dn\u00ed omezen\u00ed v n\u00e1kladn\u00ed p\u0159eprav\u011b a zajistit rychlej\u0161\u00ed a spolehliv\u011bj\u0161\u00ed doru\u010den\u00ed.<\/p>\n<h2 style=\"text-align: justify;\"><span style=\"font-size: 18pt;\"><strong>M\u00e1te \u010dasov\u011b kritickou z\u00e1silku b\u011bhem kv\u011btnov\u00fdch sv\u00e1tk\u016f?<\/strong><\/span><\/h2>\n<p style=\"text-align: justify;\">Se za\u010d\u00e1tkem sv\u00e1tk\u016f tento p\u00e1tek se p\u0159epravn\u00ed kapacity rychle ten\u010d\u00ed. Neriskujte zastaven\u00ed v\u00fdroby nebo nedodr\u017een\u00ed term\u00edn\u016f u va\u0161ich \u010dasov\u011b citliv\u00fdch z\u00e1silek.<br \/>\nKontaktujte <span style=\"color: #03a9f4;\"><a style=\"color: #03a9f4;\" title=\"ATC\u00ae\" href=\"https:\/\/www.airtimecritical.com\/cs\" target=\"_blank\" rel=\"noopener\">Air Time Critical\u00ae<\/a> <\/span>je\u0161t\u011b dnes a z\u00edskejte odborn\u00e9 poradenstv\u00ed, optimalizovan\u00e9 trasy a ov\u011b\u0159en\u00e1 \u0159e\u0161en\u00ed, aby v\u00e1\u0161 dodavatelsk\u00fd \u0159et\u011bzec mezi Asi\u00ed a Evropou fungoval i b\u011bhem sv\u00e1tk\u016f.<\/p>\n<p>&nbsp;<\/p>\n<p style=\"text-align: center;\"><strong>Kontaktujte n\u00e1\u0161 t\u00fdm na:<\/strong><\/p>\n<p style=\"text-align: center;\">\ud83d\udcde \u00a0<strong><span style=\"font-size: 14pt;\">+420 214 214 811 (CZ\/SK) nebo +32 2 888 84 16 (EN\/FR)<\/span><\/strong><\/p>\n<div class=\"wp-block-button aligncenter is-style-default\" style=\"text-align: center;\"><strong><a class=\"wp-block-button__link has-background has-vivid-cyan-blue-background-color\" href=\"https:\/\/www.airtimecritical.com\/cs\/kontaktujte-nas\" target=\"_blank\" rel=\"noopener\">KONTAKTN\u00cd FORMUL\u00c1\u0158<\/a><\/strong><\/div>\n","protected":false},"excerpt":{"rendered":"<p>Za\u010d\u00e1tek kv\u011btna p\u0159in\u00e1\u0161\u00ed omezen\u00ed v leteck\u00e9 doprav\u011b a zpomalen\u00ed celn\u00edho odbaven\u00ed mezi Asi\u00ed a Evropou. Zjist\u011bte, jak se p\u0159ipravit na sn\u00ed\u017eenou kapacitu a udr\u017eet plynulost va\u0161ich kritick\u00fdch dod\u00e1vek.<\/p>\n","protected":false},"author":2,"featured_media":16890,"comment_status":"closed","ping_status":"closed","sticky":false,"template":"","format":"standard","meta":{"footnotes":""},"categories":[67],"tags":[],"class_list":["post-16852","post","type-post","status-publish","format-standard","has-post-thumbnail","hentry","category-novinky-letecke-dopravy"],"yoast_head":"<!-- This site is optimized with the Yoast SEO Premium plugin v27.3 (Yoast SEO v27.5) - https:\/\/yoast.com\/product\/yoast-seo-premium-wordpress\/ -->\n<title>Kv\u011btnov\u00e9 sv\u00e1tky 2026: zabezpe\u010dte sv\u00e9 urgentn\u00ed z\u00e1silky - Air Time Critical\u00ae - ATC\u00ae<\/title>\n<meta name=\"description\" content=\"Zpo\u017ed\u011bn\u00ed leteck\u00e9 n\u00e1kladn\u00ed dopravy b\u011bhem sv\u00e1tk\u016f v kv\u011btnu 2026? Pod\u00edvejte se na kl\u00ed\u010dov\u00e9 term\u00edny a zajist\u011bte v\u010dasn\u00e9 doru\u010den\u00ed urgentn\u00edch z\u00e1silek.\" \/>\n<meta name=\"robots\" content=\"index, follow, max-snippet:-1, max-image-preview:large, max-video-preview:-1\" \/>\n<link rel=\"canonical\" href=\"https:\/\/www.airtimecritical.com\/cs\/urgentni-zasilky-letecka-preprava-kveten\" \/>\n<meta property=\"og:locale\" content=\"cs_CZ\" \/>\n<meta property=\"og:type\" content=\"article\" \/>\n<meta property=\"og:title\" content=\"Kv\u011btnov\u00e9 sv\u00e1tky 2026: zabezpe\u010dte sv\u00e9 urgentn\u00ed z\u00e1silky\" \/>\n<meta property=\"og:description\" content=\"Zpo\u017ed\u011bn\u00ed leteck\u00e9 n\u00e1kladn\u00ed dopravy b\u011bhem sv\u00e1tk\u016f v kv\u011btnu 2026? Pod\u00edvejte se na kl\u00ed\u010dov\u00e9 term\u00edny a zajist\u011bte v\u010dasn\u00e9 doru\u010den\u00ed urgentn\u00edch z\u00e1silek.\" \/>\n<meta property=\"og:url\" content=\"https:\/\/www.airtimecritical.com\/cs\/urgentni-zasilky-letecka-preprava-kveten\" \/>\n<meta property=\"og:site_name\" content=\"Air Time Critical\u00ae - ATC\u00ae\" \/>\n<meta property=\"article:publisher\" content=\"https:\/\/www.facebook.com\/AirTimeCritical.Atc.airfreight\" \/>\n<meta property=\"article:published_time\" content=\"2026-04-28T17:34:59+00:00\" \/>\n<meta property=\"og:image\" content=\"https:\/\/www.airtimecritical.com\/wp-content\/uploads\/2026\/04\/urgentni-letecka-preprava-kveten-svatky-2026.jpg\" \/>\n\t<meta property=\"og:image:width\" content=\"920\" \/>\n\t<meta property=\"og:image:height\" content=\"520\" \/>\n\t<meta property=\"og:image:type\" content=\"image\/jpeg\" \/>\n<meta name=\"author\" content=\"ATC\" \/>\n<meta name=\"twitter:card\" content=\"summary_large_image\" \/>\n<meta name=\"twitter:creator\" content=\"@AirTimeCritical\" \/>\n<meta name=\"twitter:site\" content=\"@AirTimeCritical\" \/>\n<meta name=\"twitter:label1\" content=\"Napsal(a)\" \/>\n\t<meta name=\"twitter:data1\" content=\"ATC\" \/>\n\t<meta name=\"twitter:label2\" content=\"Odhadovan\u00e1 doba \u010dten\u00ed\" \/>\n\t<meta name=\"twitter:data2\" content=\"6 minut\" \/>\n<script type=\"application\/ld+json\" class=\"yoast-schema-graph\">{\"@context\":\"https:\\\/\\\/schema.org\",\"@graph\":[{\"@type\":\"Article\",\"@id\":\"https:\\\/\\\/www.airtimecritical.com\\\/cs\\\/urgentni-zasilky-letecka-preprava-kveten#article\",\"isPartOf\":{\"@id\":\"https:\\\/\\\/www.airtimecritical.com\\\/cs\\\/urgentni-zasilky-letecka-preprava-kveten\"},\"author\":{\"name\":\"ATC\",\"@id\":\"https:\\\/\\\/www.airtimecritical.com\\\/cs\\\/#\\\/schema\\\/person\\\/22eeefeab161c4125b4632ddb66eaf9b\"},\"headline\":\"Kv\u011btnov\u00e9 sv\u00e1tky 2026: zabezpe\u010dte sv\u00e9 urgentn\u00ed z\u00e1silky\",\"datePublished\":\"2026-04-28T17:34:59+00:00\",\"mainEntityOfPage\":{\"@id\":\"https:\\\/\\\/www.airtimecritical.com\\\/cs\\\/urgentni-zasilky-letecka-preprava-kveten\"},\"wordCount\":1436,\"publisher\":{\"@id\":\"https:\\\/\\\/www.airtimecritical.com\\\/cs\\\/#organization\"},\"image\":{\"@id\":\"https:\\\/\\\/www.airtimecritical.com\\\/cs\\\/urgentni-zasilky-letecka-preprava-kveten#primaryimage\"},\"thumbnailUrl\":\"https:\\\/\\\/www.airtimecritical.com\\\/wp-content\\\/uploads\\\/2026\\\/04\\\/urgentni-letecka-preprava-kveten-svatky-2026.jpg\",\"articleSection\":[\"Novinky z leteck\u00e9 dopravy\"],\"inLanguage\":\"cs\"},{\"@type\":\"WebPage\",\"@id\":\"https:\\\/\\\/www.airtimecritical.com\\\/cs\\\/urgentni-zasilky-letecka-preprava-kveten\",\"url\":\"https:\\\/\\\/www.airtimecritical.com\\\/cs\\\/urgentni-zasilky-letecka-preprava-kveten\",\"name\":\"Kv\u011btnov\u00e9 sv\u00e1tky 2026: zabezpe\u010dte sv\u00e9 urgentn\u00ed z\u00e1silky - Air Time Critical\u00ae - ATC\u00ae\",\"isPartOf\":{\"@id\":\"https:\\\/\\\/www.airtimecritical.com\\\/cs\\\/#website\"},\"primaryImageOfPage\":{\"@id\":\"https:\\\/\\\/www.airtimecritical.com\\\/cs\\\/urgentni-zasilky-letecka-preprava-kveten#primaryimage\"},\"image\":{\"@id\":\"https:\\\/\\\/www.airtimecritical.com\\\/cs\\\/urgentni-zasilky-letecka-preprava-kveten#primaryimage\"},\"thumbnailUrl\":\"https:\\\/\\\/www.airtimecritical.com\\\/wp-content\\\/uploads\\\/2026\\\/04\\\/urgentni-letecka-preprava-kveten-svatky-2026.jpg\",\"datePublished\":\"2026-04-28T17:34:59+00:00\",\"description\":\"Zpo\u017ed\u011bn\u00ed leteck\u00e9 n\u00e1kladn\u00ed dopravy b\u011bhem sv\u00e1tk\u016f v kv\u011btnu 2026? Pod\u00edvejte se na kl\u00ed\u010dov\u00e9 term\u00edny a zajist\u011bte v\u010dasn\u00e9 doru\u010den\u00ed urgentn\u00edch z\u00e1silek.\",\"breadcrumb\":{\"@id\":\"https:\\\/\\\/www.airtimecritical.com\\\/cs\\\/urgentni-zasilky-letecka-preprava-kveten#breadcrumb\"},\"inLanguage\":\"cs\",\"potentialAction\":[{\"@type\":\"ReadAction\",\"target\":[\"https:\\\/\\\/www.airtimecritical.com\\\/cs\\\/urgentni-zasilky-letecka-preprava-kveten\"]}]},{\"@type\":\"ImageObject\",\"inLanguage\":\"cs\",\"@id\":\"https:\\\/\\\/www.airtimecritical.com\\\/cs\\\/urgentni-zasilky-letecka-preprava-kveten#primaryimage\",\"url\":\"https:\\\/\\\/www.airtimecritical.com\\\/wp-content\\\/uploads\\\/2026\\\/04\\\/urgentni-letecka-preprava-kveten-svatky-2026.jpg\",\"contentUrl\":\"https:\\\/\\\/www.airtimecritical.com\\\/wp-content\\\/uploads\\\/2026\\\/04\\\/urgentni-letecka-preprava-kveten-svatky-2026.jpg\",\"width\":920,\"height\":520,\"caption\":\"Leteck\u00e1 n\u00e1kladn\u00ed doprava b\u011bhem kv\u011btnov\u00fdch sv\u00e1tk\u016f.\"},{\"@type\":\"BreadcrumbList\",\"@id\":\"https:\\\/\\\/www.airtimecritical.com\\\/cs\\\/urgentni-zasilky-letecka-preprava-kveten#breadcrumb\",\"itemListElement\":[{\"@type\":\"ListItem\",\"position\":1,\"name\":\"Home\",\"item\":\"https:\\\/\\\/www.airtimecritical.com\\\/cs\"},{\"@type\":\"ListItem\",\"position\":2,\"name\":\"Kv\u011btnov\u00e9 sv\u00e1tky 2026: zabezpe\u010dte sv\u00e9 urgentn\u00ed z\u00e1silky\"}]},{\"@type\":\"WebSite\",\"@id\":\"https:\\\/\\\/www.airtimecritical.com\\\/cs\\\/#website\",\"url\":\"https:\\\/\\\/www.airtimecritical.com\\\/cs\\\/\",\"name\":\"Air Time Critical - ATC\",\"description\":\"Air Time Critical\u00ae offers priority air freight solutions to the industry in Europe, the Americas, and Asia | Door to door transport\",\"publisher\":{\"@id\":\"https:\\\/\\\/www.airtimecritical.com\\\/cs\\\/#organization\"},\"potentialAction\":[{\"@type\":\"SearchAction\",\"target\":{\"@type\":\"EntryPoint\",\"urlTemplate\":\"https:\\\/\\\/www.airtimecritical.com\\\/cs\\\/?s={search_term_string}\"},\"query-input\":{\"@type\":\"PropertyValueSpecification\",\"valueRequired\":true,\"valueName\":\"search_term_string\"}}],\"inLanguage\":\"cs\"},{\"@type\":\"Organization\",\"@id\":\"https:\\\/\\\/www.airtimecritical.com\\\/cs\\\/#organization\",\"name\":\"Airt Time Critical - ATC\",\"url\":\"https:\\\/\\\/www.airtimecritical.com\\\/cs\\\/\",\"logo\":{\"@type\":\"ImageObject\",\"inLanguage\":\"cs\",\"@id\":\"https:\\\/\\\/www.airtimecritical.com\\\/cs\\\/#\\\/schema\\\/logo\\\/image\\\/\",\"url\":\"https:\\\/\\\/www.airtimecritical.com\\\/wp-content\\\/uploads\\\/2019\\\/10\\\/Logo_airtimecritical.png\",\"contentUrl\":\"https:\\\/\\\/www.airtimecritical.com\\\/wp-content\\\/uploads\\\/2019\\\/10\\\/Logo_airtimecritical.png\",\"width\":246,\"height\":141,\"caption\":\"Airt Time Critical - ATC\"},\"image\":{\"@id\":\"https:\\\/\\\/www.airtimecritical.com\\\/cs\\\/#\\\/schema\\\/logo\\\/image\\\/\"},\"sameAs\":[\"https:\\\/\\\/www.facebook.com\\\/AirTimeCritical.Atc.airfreight\",\"https:\\\/\\\/x.com\\\/AirTimeCritical\",\"https:\\\/\\\/www.instagram.com\\\/airtimecritical\\\/\",\"https:\\\/\\\/www.linkedin.com\\\/company\\\/air-time-critical-\\\/\",\"https:\\\/\\\/www.youtube.com\\\/c\\\/Airtimecritical-envois-urgents-international\\\/\"]},{\"@type\":\"Person\",\"@id\":\"https:\\\/\\\/www.airtimecritical.com\\\/cs\\\/#\\\/schema\\\/person\\\/22eeefeab161c4125b4632ddb66eaf9b\",\"name\":\"ATC\",\"url\":\"https:\\\/\\\/www.airtimecritical.com\\\/cs\\\/author\\\/atc\"}]}<\/script>\n<!-- \/ Yoast SEO Premium plugin. -->","yoast_head_json":{"title":"Kv\u011btnov\u00e9 sv\u00e1tky 2026: zabezpe\u010dte sv\u00e9 urgentn\u00ed z\u00e1silky - Air Time Critical\u00ae - ATC\u00ae","description":"Zpo\u017ed\u011bn\u00ed leteck\u00e9 n\u00e1kladn\u00ed dopravy b\u011bhem sv\u00e1tk\u016f v kv\u011btnu 2026? Pod\u00edvejte se na kl\u00ed\u010dov\u00e9 term\u00edny a zajist\u011bte v\u010dasn\u00e9 doru\u010den\u00ed urgentn\u00edch z\u00e1silek.","robots":{"index":"index","follow":"follow","max-snippet":"max-snippet:-1","max-image-preview":"max-image-preview:large","max-video-preview":"max-video-preview:-1"},"canonical":"https:\/\/www.airtimecritical.com\/cs\/urgentni-zasilky-letecka-preprava-kveten","og_locale":"cs_CZ","og_type":"article","og_title":"Kv\u011btnov\u00e9 sv\u00e1tky 2026: zabezpe\u010dte sv\u00e9 urgentn\u00ed z\u00e1silky","og_description":"Zpo\u017ed\u011bn\u00ed leteck\u00e9 n\u00e1kladn\u00ed dopravy b\u011bhem sv\u00e1tk\u016f v kv\u011btnu 2026? Pod\u00edvejte se na kl\u00ed\u010dov\u00e9 term\u00edny a zajist\u011bte v\u010dasn\u00e9 doru\u010den\u00ed urgentn\u00edch z\u00e1silek.","og_url":"https:\/\/www.airtimecritical.com\/cs\/urgentni-zasilky-letecka-preprava-kveten","og_site_name":"Air Time Critical\u00ae - ATC\u00ae","article_publisher":"https:\/\/www.facebook.com\/AirTimeCritical.Atc.airfreight","article_published_time":"2026-04-28T17:34:59+00:00","og_image":[{"width":920,"height":520,"url":"https:\/\/www.airtimecritical.com\/wp-content\/uploads\/2026\/04\/urgentni-letecka-preprava-kveten-svatky-2026.jpg","type":"image\/jpeg"}],"author":"ATC","twitter_card":"summary_large_image","twitter_creator":"@AirTimeCritical","twitter_site":"@AirTimeCritical","twitter_misc":{"Napsal(a)":"ATC","Odhadovan\u00e1 doba \u010dten\u00ed":"6 minut"},"schema":{"@context":"https:\/\/schema.org","@graph":[{"@type":"Article","@id":"https:\/\/www.airtimecritical.com\/cs\/urgentni-zasilky-letecka-preprava-kveten#article","isPartOf":{"@id":"https:\/\/www.airtimecritical.com\/cs\/urgentni-zasilky-letecka-preprava-kveten"},"author":{"name":"ATC","@id":"https:\/\/www.airtimecritical.com\/cs\/#\/schema\/person\/22eeefeab161c4125b4632ddb66eaf9b"},"headline":"Kv\u011btnov\u00e9 sv\u00e1tky 2026: zabezpe\u010dte sv\u00e9 urgentn\u00ed z\u00e1silky","datePublished":"2026-04-28T17:34:59+00:00","mainEntityOfPage":{"@id":"https:\/\/www.airtimecritical.com\/cs\/urgentni-zasilky-letecka-preprava-kveten"},"wordCount":1436,"publisher":{"@id":"https:\/\/www.airtimecritical.com\/cs\/#organization"},"image":{"@id":"https:\/\/www.airtimecritical.com\/cs\/urgentni-zasilky-letecka-preprava-kveten#primaryimage"},"thumbnailUrl":"https:\/\/www.airtimecritical.com\/wp-content\/uploads\/2026\/04\/urgentni-letecka-preprava-kveten-svatky-2026.jpg","articleSection":["Novinky z leteck\u00e9 dopravy"],"inLanguage":"cs"},{"@type":"WebPage","@id":"https:\/\/www.airtimecritical.com\/cs\/urgentni-zasilky-letecka-preprava-kveten","url":"https:\/\/www.airtimecritical.com\/cs\/urgentni-zasilky-letecka-preprava-kveten","name":"Kv\u011btnov\u00e9 sv\u00e1tky 2026: zabezpe\u010dte sv\u00e9 urgentn\u00ed z\u00e1silky - Air Time Critical\u00ae - ATC\u00ae","isPartOf":{"@id":"https:\/\/www.airtimecritical.com\/cs\/#website"},"primaryImageOfPage":{"@id":"https:\/\/www.airtimecritical.com\/cs\/urgentni-zasilky-letecka-preprava-kveten#primaryimage"},"image":{"@id":"https:\/\/www.airtimecritical.com\/cs\/urgentni-zasilky-letecka-preprava-kveten#primaryimage"},"thumbnailUrl":"https:\/\/www.airtimecritical.com\/wp-content\/uploads\/2026\/04\/urgentni-letecka-preprava-kveten-svatky-2026.jpg","datePublished":"2026-04-28T17:34:59+00:00","description":"Zpo\u017ed\u011bn\u00ed leteck\u00e9 n\u00e1kladn\u00ed dopravy b\u011bhem sv\u00e1tk\u016f v kv\u011btnu 2026? Pod\u00edvejte se na kl\u00ed\u010dov\u00e9 term\u00edny a zajist\u011bte v\u010dasn\u00e9 doru\u010den\u00ed urgentn\u00edch z\u00e1silek.","breadcrumb":{"@id":"https:\/\/www.airtimecritical.com\/cs\/urgentni-zasilky-letecka-preprava-kveten#breadcrumb"},"inLanguage":"cs","potentialAction":[{"@type":"ReadAction","target":["https:\/\/www.airtimecritical.com\/cs\/urgentni-zasilky-letecka-preprava-kveten"]}]},{"@type":"ImageObject","inLanguage":"cs","@id":"https:\/\/www.airtimecritical.com\/cs\/urgentni-zasilky-letecka-preprava-kveten#primaryimage","url":"https:\/\/www.airtimecritical.com\/wp-content\/uploads\/2026\/04\/urgentni-letecka-preprava-kveten-svatky-2026.jpg","contentUrl":"https:\/\/www.airtimecritical.com\/wp-content\/uploads\/2026\/04\/urgentni-letecka-preprava-kveten-svatky-2026.jpg","width":920,"height":520,"caption":"Leteck\u00e1 n\u00e1kladn\u00ed doprava b\u011bhem kv\u011btnov\u00fdch sv\u00e1tk\u016f."},{"@type":"BreadcrumbList","@id":"https:\/\/www.airtimecritical.com\/cs\/urgentni-zasilky-letecka-preprava-kveten#breadcrumb","itemListElement":[{"@type":"ListItem","position":1,"name":"Home","item":"https:\/\/www.airtimecritical.com\/cs"},{"@type":"ListItem","position":2,"name":"Kv\u011btnov\u00e9 sv\u00e1tky 2026: zabezpe\u010dte sv\u00e9 urgentn\u00ed z\u00e1silky"}]},{"@type":"WebSite","@id":"https:\/\/www.airtimecritical.com\/cs\/#website","url":"https:\/\/www.airtimecritical.com\/cs\/","name":"Air Time Critical - ATC","description":"Air Time Critical\u00ae offers priority air freight solutions to the industry in Europe, the Americas, and Asia | Door to door transport","publisher":{"@id":"https:\/\/www.airtimecritical.com\/cs\/#organization"},"potentialAction":[{"@type":"SearchAction","target":{"@type":"EntryPoint","urlTemplate":"https:\/\/www.airtimecritical.com\/cs\/?s={search_term_string}"},"query-input":{"@type":"PropertyValueSpecification","valueRequired":true,"valueName":"search_term_string"}}],"inLanguage":"cs"},{"@type":"Organization","@id":"https:\/\/www.airtimecritical.com\/cs\/#organization","name":"Airt Time Critical - ATC","url":"https:\/\/www.airtimecritical.com\/cs\/","logo":{"@type":"ImageObject","inLanguage":"cs","@id":"https:\/\/www.airtimecritical.com\/cs\/#\/schema\/logo\/image\/","url":"https:\/\/www.airtimecritical.com\/wp-content\/uploads\/2019\/10\/Logo_airtimecritical.png","contentUrl":"https:\/\/www.airtimecritical.com\/wp-content\/uploads\/2019\/10\/Logo_airtimecritical.png","width":246,"height":141,"caption":"Airt Time Critical - ATC"},"image":{"@id":"https:\/\/www.airtimecritical.com\/cs\/#\/schema\/logo\/image\/"},"sameAs":["https:\/\/www.facebook.com\/AirTimeCritical.Atc.airfreight","https:\/\/x.com\/AirTimeCritical","https:\/\/www.instagram.com\/airtimecritical\/","https:\/\/www.linkedin.com\/company\/air-time-critical-\/","https:\/\/www.youtube.com\/c\/Airtimecritical-envois-urgents-international\/"]},{"@type":"Person","@id":"https:\/\/www.airtimecritical.com\/cs\/#\/schema\/person\/22eeefeab161c4125b4632ddb66eaf9b","name":"ATC","url":"https:\/\/www.airtimecritical.com\/cs\/author\/atc"}]}},"_links":{"self":[{"href":"https:\/\/www.airtimecritical.com\/cs\/wp-json\/wp\/v2\/posts\/16852","targetHints":{"allow":["GET"]}}],"collection":[{"href":"https:\/\/www.airtimecritical.com\/cs\/wp-json\/wp\/v2\/posts"}],"about":[{"href":"https:\/\/www.airtimecritical.com\/cs\/wp-json\/wp\/v2\/types\/post"}],"author":[{"embeddable":true,"href":"https:\/\/www.airtimecritical.com\/cs\/wp-json\/wp\/v2\/users\/2"}],"replies":[{"embeddable":true,"href":"https:\/\/www.airtimecritical.com\/cs\/wp-json\/wp\/v2\/comments?post=16852"}],"version-history":[{"count":3,"href":"https:\/\/www.airtimecritical.com\/cs\/wp-json\/wp\/v2\/posts\/16852\/revisions"}],"predecessor-version":[{"id":16898,"href":"https:\/\/www.airtimecritical.com\/cs\/wp-json\/wp\/v2\/posts\/16852\/revisions\/16898"}],"wp:featuredmedia":[{"embeddable":true,"href":"https:\/\/www.airtimecritical.com\/cs\/wp-json\/wp\/v2\/media\/16890"}],"wp:attachment":[{"href":"https:\/\/www.airtimecritical.com\/cs\/wp-json\/wp\/v2\/media?parent=16852"}],"wp:term":[{"taxonomy":"category","embeddable":true,"href":"https:\/\/www.airtimecritical.com\/cs\/wp-json\/wp\/v2\/categories?post=16852"},{"taxonomy":"post_tag","embeddable":true,"href":"https:\/\/www.airtimecritical.com\/cs\/wp-json\/wp\/v2\/tags?post=16852"}],"curies":[{"name":"wp","href":"https:\/\/api.w.org\/{rel}","templated":true}]}}