{"id":16054,"date":"2025-11-21T17:19:11","date_gmt":"2025-11-21T16:19:11","guid":{"rendered":"https:\/\/www.airtimecritical.com\/?p=16054"},"modified":"2025-11-24T09:22:44","modified_gmt":"2025-11-24T08:22:44","slug":"dikuvzdani-2025-letecka-preprava-usa","status":"publish","type":"post","link":"https:\/\/www.airtimecritical.com\/cs\/dikuvzdani-2025-letecka-preprava-usa","title":{"rendered":"Den d\u00edk\u016fvzd\u00e1n\u00ed: O\u010dek\u00e1vejte zpomalen\u00ed logistiky v USA"},"content":{"rendered":"<h2 style=\"text-align: center;\"><span style=\"font-size: 18pt;\"><strong>Jak Den d\u00edk\u016fvzd\u00e1n\u00ed a Black Friday naru\u0161uj\u00ed n\u00e1kladn\u00ed leteckou p\u0159epravu<\/strong><\/span><\/h2>\n<p style=\"text-align: justify;\"><span style=\"font-size: 12pt;\"><strong>Den d\u00edk\u016fvzd\u00e1n\u00ed<\/strong> ve Spojen\u00fdch st\u00e1tech p\u0159ipad\u00e1 na <strong>\u010dtvrtek 27. listopadu 2025<\/strong>. Op\u011bt bude m\u00edt v\u00fdznamn\u00fd dopad na leteckou n\u00e1kladn\u00ed dopravu, celn\u00ed procedury a p\u0159epravn\u00ed kapacity v r\u00e1mci USA i na mezin\u00e1rodn\u00ed \u00farovni. <\/span><br \/>\n<span style=\"font-size: 12pt;\">V\u011bd\u011bli jste ale, \u017ee americk\u00fd<strong> Black Friday<\/strong> <strong>ovliv\u0148uje tak\u00e9 leteckou p\u0159epravu zbo\u017e\u00ed z \u010c\u00edny<\/strong> a zbytku Asie? Zv\u00fd\u0161en\u00fd export produkt\u016f p\u0159ed zah\u00e1jen\u00edm ob\u0159\u00edch slevov\u00fdch akc\u00ed v USA absorbuje velkou \u010d\u00e1st glob\u00e1ln\u00ed p\u0159epravn\u00ed kapacity. \u010casto je\u0161t\u011b d\u0159\u00edve, ne\u017e si to pr\u016fmyslov\u00ed p\u0159epravci v\u016fbec uv\u011bdom\u00ed.<\/span><\/p>\n<h3 style=\"text-align: justify;\"><span style=\"font-size: 14pt;\"><strong>Uzav\u00edrky b\u011bhem sv\u00e1tk\u016f a dopad na logistiku<\/strong><\/span><\/h3>\n<p style=\"text-align: justify;\"><span style=\"font-size: 12pt;\">V\u011bt\u0161ina spole\u010dnost\u00ed, p\u0159epravc\u016f a celn\u00edch \u00fa\u0159ad\u016f bude v USA na <strong>Den d\u00edk\u016fvzd\u00e1n\u00ed (27. listopadu)<\/strong> a <strong>n\u00e1sledn\u00fd p\u00e1tek (28. listopadu)<\/strong> uzav\u0159ena. To povede ke sn\u00ed\u017een\u00ed po\u010dtu zpracovan\u00fdch z\u00e1silek a zpomalen\u00ed v\u0161ech proces\u016f. Nevy\u0159\u00edzen\u00e9 a zpo\u017ed\u011bn\u00e9 z\u00e1silky se budou vyskytovat i v n\u00e1sleduj\u00edc\u00edm t\u00fddnu.<\/span><\/p>\n<p style=\"text-align: justify;\"><span style=\"font-size: 12pt;\">V\u00fdrazn\u00fd <strong>n\u00e1r\u016fst osobn\u00ed leteck\u00e9 dopravy<\/strong> se o\u010dek\u00e1v\u00e1 ve <strong>st\u0159edu 26. listopadu a v ned\u011bli 30. listopadu<\/strong>. V tomto ohledu jde o nejru\u0161n\u011bj\u0161\u00ed dny v roce. Prostor pro n\u00e1klad p\u0159epravovan\u00fd v n\u00e1kladov\u00e9m prostoru pasa\u017e\u00e9rsk\u00fdch let\u016f je tak v\u00fdrazn\u011b sn\u00ed\u017een. U z\u00e1silek se t\u00edm zvy\u0161uje riziko zpo\u017ed\u011bn\u00ed odlet\u016f, zru\u0161en\u00ed let\u016f, nebo zme\u0161k\u00e1n\u00ed navazuj\u00edc\u00edch let\u016f.<\/span><\/p>\n<p style=\"text-align: justify;\"><span style=\"font-size: 12pt;\"><strong>B\u011b\u017en\u00e1 n\u00e1kladn\u00ed p\u0159eprava zpomaluje<\/strong>, ale <strong>pr\u00e9miov\u00e1 p\u0159epravn\u00ed \u0159e\u0161en\u00ed<\/strong> jako je <strong><span style=\"color: #00ccff;\"><a style=\"color: #00ccff;\" title=\"Specializovan\u00fd leteck\u00fd kur\u00fdr\" href=\"https:\/\/www.airtimecritical.com\/cs\/on-board-courier\" target=\"_blank\" rel=\"noopener\">On Board Courier (OBC)<\/a> <\/span><\/strong>nebo <strong><span style=\"color: #00ccff;\"><a style=\"color: #00ccff;\" title=\"slu\u017eba Priority air freight\" href=\"https:\/\/www.airtimecritical.com\/cs\/next-flight-out\" target=\"_blank\" rel=\"noopener\">Next Flight Out (NFO)<\/a><\/span><\/strong> funguj\u00ed st\u00e1le. Urgentn\u00ed z\u00e1silky jsou i v tomto obdob\u00ed p\u0159epravov\u00e1ny v\u00fdrazn\u011b rychleji ne\u017e b\u011b\u017en\u011b nab\u00edzen\u00e9 p\u0159epravn\u00ed varianty.<\/span><\/p>\n<h3 style=\"text-align: justify;\"><span style=\"font-size: 14pt;\"><strong>N\u00e1r\u016fst leteck\u00e9 p\u0159epravy zbo\u017e\u00ed z \u010c\u00edny a Asie p\u0159ed Black Friday<\/strong><\/span><\/h3>\n<p style=\"text-align: justify;\"><span style=\"font-size: 12pt;\">N\u00e1kupn\u00ed hore\u010dka spojen\u00e1 s obdob\u00edm <strong>Black Friday<\/strong> ka\u017edoro\u010dn\u011b v\u00fdrazn\u011b zvy\u0161uje popt\u00e1vku po leteck\u00e9 p\u0159eprav\u011b <strong>mezi \u010c\u00ednou, Hongkongem, Tchaj-wanem a Spojen\u00fdmi st\u00e1ty<\/strong>. Spot\u0159ebn\u00ed zbo\u017e\u00ed zapl\u0148uje v\u011bt\u0161inu dostupn\u00e9 kapacity, co\u017e zvy\u0161uje ceny p\u0159epravy a <strong>omezuje prostor pro pr\u016fmyslov\u00e9 z\u00e1silky<\/strong>.<\/span><\/p>\n<p style=\"text-align: justify;\"><span style=\"font-size: 12pt;\">Leteck\u00e9 spole\u010dnosti p\u0159esouvaj\u00ed \u0161irokotrup\u00e1 letadla na tyto vyt\u00ed\u017een\u00e9 obchodn\u00ed trasy, co\u017e n\u00e1sledn\u011b vede k tomu, \u017ee n\u011bkter\u00e9 navazuj\u00edc\u00ed spoje jsou provozov\u00e1ny men\u0161\u00edmi letadly s omezenou kapacitou n\u00e1kladov\u00e9ho prostoru. To p\u0159edstavuje v\u00fdzvu pro mana\u017eery dodavatelsk\u00e9ho \u0159et\u011bzce a logistiky, kte\u0159\u00ed se sna\u017e\u00ed zajistit plynul\u00fd a efektivn\u00ed tok z\u00e1silek.<\/span><\/p>\n<h3 style=\"text-align: justify;\"><span style=\"font-size: 14pt;\"><strong>Kl\u00ed\u010dov\u00e9 dny a o\u010dek\u00e1van\u00e9 d\u016fsledky pro logistiku<\/strong><\/span><\/h3>\n<table style=\"border-collapse: collapse; width: 100%;\">\n<tbody>\n<tr>\n<td style=\"width: 618.77px; background-color: #f0f3fa;\"><strong><span style=\"font-size: 12pt;\">Ud\u00e1lost<\/span><\/strong><\/td>\n<td style=\"width: 618.105px; background-color: #f0f3fa;\"><strong><span style=\"font-size: 12pt;\">Datum<\/span><\/strong><\/td>\n<td style=\"width: 618.125px; background-color: #f0f3fa;\"><strong><span style=\"font-size: 12pt;\">Vliv na logistiku<\/span><\/strong><\/td>\n<\/tr>\n<tr>\n<td style=\"width: 618.77px; background-color: #f0f3fa;\"><strong>Den d\u00edk\u016fvzd\u00e1n\u00ed (USA)<\/strong><\/td>\n<td style=\"width: 618.105px; background-color: #f0f3fa;\">\u010ctvrtek, 27. listopadu 2025<\/td>\n<td style=\"width: 618.125px; background-color: #f0f3fa;\">Rozs\u00e1hl\u00e9 uzav\u00edrky \u2013 \u017e\u00e1dn\u00e9 b\u011b\u017en\u00e9 celn\u00ed ani kur\u00fdrn\u00ed slu\u017eby<\/td>\n<\/tr>\n<tr>\n<td style=\"width: 618.77px; background-color: #f0f3fa;\"><strong>Den po Dni d\u00edk\u016fvzd\u00e1n\u00ed P\u00e1tek<\/strong><\/td>\n<td style=\"width: 618.105px; background-color: #f0f3fa;\">28. listopadu 2025<\/td>\n<td style=\"width: 618.125px; background-color: #f0f3fa;\">Pokra\u010duj\u00edc\u00ed uzav\u00edrky a zpo\u017ed\u011bn\u00ed z\u00e1silek<\/td>\n<\/tr>\n<tr>\n<td style=\"width: 618.77px; background-color: #f0f3fa;\"><strong>Nejru\u0161n\u011bj\u0161\u00ed dny<\/strong><\/td>\n<td style=\"width: 618.105px; background-color: #f0f3fa;\">St\u0159eda 26. a ned\u011ble 30. listopadu<\/td>\n<td style=\"width: 618.125px; background-color: #f0f3fa;\">Sn\u00ed\u017een\u00e1 kapacita leteck\u00e9 p\u0159epravy, hrozba zpo\u017ed\u011bn\u00ed<\/td>\n<\/tr>\n<tr>\n<td style=\"width: 618.77px; background-color: #f0f3fa;\"><strong>Black Friday z\u00e1silky<\/strong><\/td>\n<td style=\"width: 618.105px; background-color: #f0f3fa;\">Polovina a\u017e konec listopadu<\/td>\n<td style=\"width: 618.125px; background-color: #f0f3fa;\">Vysok\u00e1 popt\u00e1vka po p\u0159eprav\u011b z Asie, zv\u00fd\u0161en\u00e9 ceny p\u0159epravy<\/td>\n<\/tr>\n<\/tbody>\n<\/table>\n<h3 style=\"text-align: justify;\"><span style=\"font-size: 14pt;\"><strong>Jak minimalizovat v\u00fdpadky v logistice?<\/strong><\/span><\/h3>\n<ul>\n<li><span style=\"font-size: 12pt;\"><em>V\u010das informujte dodavatele<\/em> o sv\u00e1tc\u00edch a term\u00ednech dod\u00e1n\u00ed.<\/span><\/li>\n<li><span style=\"font-size: 12pt;\"><em>Ov\u011b\u0159te si u sv\u00fdch americk\u00fdch dodavatel\u016f<\/em>, zda jsou <strong>registrov\u00e1ni jako \u201eKnown Shipper\u201c<\/strong>. Pokud nejsou, zajist\u011bte si p\u0159epravn\u00ed kapacitu alespo\u0148 t\u00fdden p\u0159ed Dnem d\u00edk\u016fvzd\u00e1n\u00ed.<\/span><\/li>\n<li><span style=\"font-size: 12pt;\"><em>B\u011b\u017en\u00e9 z\u00e1silky: rezervujte si m\u00edsto<\/em> u sv\u00e9ho tradi\u010dn\u00edho p\u0159epravce <em>d\u0159\u00edve<\/em> ne\u017e obvykle, abyste si zajistili prostor a minimalizovali vznik zpo\u017ed\u011bn\u00ed.<\/span><\/li>\n<li><span style=\"font-size: 12pt;\"><em>Asie: o\u010dek\u00e1vejte vy\u0161\u0161\u00ed p\u0159epravn\u00ed sazby<\/em> a omezen\u00fd prostor z \u010c\u00edny a okoln\u00edch region\u016f.<\/span><\/li>\n<li><span style=\"font-size: 12pt;\"><strong><em>Pot\u0159ebujete urgentn\u00ed nebo last-minute p\u0159epravu?<\/em> <\/strong>Vyu\u017eijte pr\u00e9miov\u00e1 \u0159e\u0161en\u00ed (<strong>OBC<\/strong>, <strong>NFO<\/strong>), kter\u00e1 z\u016fst\u00e1vaj\u00ed rychl\u00e1, flexibiln\u00ed a spolehliv\u00e1 i v p\u0159\u00edpad\u011b, \u017ee standardn\u00ed p\u0159epravn\u00ed mo\u017enosti jsou ji\u017e p\u0159epln\u011bn\u00e9.<\/span><\/li>\n<\/ul>\n<h3 style=\"text-align: justify;\"><span style=\"font-size: 14pt;\"><strong>Jak mohou pr\u00e9miov\u00e9 p\u0159epravn\u00ed slu\u017eby ochr\u00e1nit va\u0161i v\u00fdrobu b\u011bhem dopravn\u00edch \u0161pi\u010dek?<\/strong><\/span><\/h3>\n<p><span style=\"font-size: 12pt;\">Pr\u00e9miov\u00e9 p\u0159epravn\u00ed slu\u017eby nab\u00edzej\u00ed jasn\u00e9 v\u00fdhody z hlediska efektivity i finan\u010dn\u00edch \u00faspor b\u011bhem dopravn\u00edch \u0161pi\u010dek:<\/span><\/p>\n<ul>\n<li><span style=\"font-size: 12pt;\"><em>V\u00fdrazn\u011b rychlej\u0161\u00ed a spolehliv\u011bj\u0161\u00ed p\u0159epravn\u00ed \u010dasy<\/em>, i kdy\u017e je standardn\u00ed kapacita vy\u010derp\u00e1na.<\/span><\/li>\n<li><span style=\"font-size: 12pt;\"><em>Sn\u00ed\u017een\u00e9 riziko zastaven\u00ed v\u00fdroby<\/em> a omezen\u00ed finan\u010dn\u00edch n\u00e1sledk\u016f nepl\u00e1novan\u00fdch odst\u00e1vek.<\/span><\/li>\n<li><span style=\"font-size: 12pt;\"><em>V\u011bt\u0161\u00ed kontrola a p\u0159ehled nad \u010dasov\u011b kritick\u00fdmi toky<\/em>, co\u017e pom\u00e1h\u00e1 logistick\u00fdm t\u00fdm\u016fm dodr\u017eovat p\u0159\u00edsn\u00e9 term\u00edny.<\/span><\/li>\n<li><span style=\"font-size: 12pt;\"><em>Zlep\u0161en\u00e1 stabilita slu\u017eeb<\/em>, kter\u00e1 posiluje d\u016fv\u011bru a spokojenost va\u0161ich pr\u016fmyslov\u00fdch z\u00e1kazn\u00edk\u016f.<\/span><\/li>\n<\/ul>\n<h3 style=\"text-align: justify;\"><span style=\"font-size: 14pt;\"><strong>Nep\u0159etr\u017eit\u00e1 podpora pro urgentn\u00ed z\u00e1silky<\/strong><\/span><\/h3>\n<p style=\"text-align: justify;\"><span style=\"font-size: 12pt;\">Air Time Critical\u00ae z\u016fst\u00e1v\u00e1 pln\u011b aktivn\u00ed po celou dobu sv\u00e1tku D\u00edk\u016fvzd\u00e1n\u00ed a Black Friday. <\/span><br \/>\n<span style=\"font-size: 12pt;\">Na\u0161e <strong>logistick\u00e9 operace b\u011b\u017e\u00ed nep\u0159etr\u017eit\u011b<\/strong>. Na\u0161i specialist\u00e9 organizuj\u00ed <strong><span style=\"color: #00ccff;\"><a style=\"color: #00ccff;\" title=\"Next Flight out (NFO)\" href=\"https:\/\/www.airtimecritical.com\/cs\/next-flight-out\" target=\"_blank\" rel=\"noopener\">prioritn\u00ed leteckou p\u0159epravu<\/a><\/span><\/strong>, <strong><span style=\"color: #00ccff;\"><a style=\"color: #00ccff;\" title=\"On Board courier (OBC)\" href=\"https:\/\/www.airtimecritical.com\/cs\/on-board-courier\" target=\"_blank\" rel=\"noopener\">hand carry<\/a><\/span><\/strong> a <strong><span style=\"color: #00ccff;\"><a style=\"color: #00ccff;\" title=\"Leteck\u00fd Cargo Charter\" href=\"https:\/\/www.airtimecritical.com\/cs\/air-charter-letecky-cargo-charter\" target=\"_blank\" rel=\"noopener\">n\u00e1kladn\u00ed charterov\u00e9 lety<\/a><\/span><\/strong> v r\u00e1mci Evropy, aby pomohli udr\u017eet <strong>kontinuitu dodavatelsk\u00fdch \u0159et\u011bzc\u016f<\/strong>.<\/span><\/p>\n<p style=\"text-align: justify;\"><span style=\"font-size: 12pt;\">Kdy\u017e z\u00e1le\u017e\u00ed na ka\u017ed\u00e9 hodin\u011b, na\u0161i odborn\u00edci v\u00e1m poskytnou to nejlep\u0161\u00ed leteck\u00e9 \u0159e\u0161en\u00ed <strong>od dve\u0159\u00ed ke dve\u0159\u00edm<\/strong> \u2013 <strong>mezi Spojen\u00fdmi st\u00e1ty a Evropou, ale i na mnoha dal\u0161\u00edch tras\u00e1ch<\/strong> dle va\u0161ich pot\u0159eb.<\/span><\/p>\n<p>&nbsp;<\/p>\n<p style=\"text-align: justify;\"><strong><span style=\"font-size: 12pt;\">Kontaktujte n\u00e1s kdykoli a rezervujte si svoji dal\u0161\u00ed urgentn\u00ed p\u0159epravu.<\/span><\/strong><\/p>\n<ul>\n<li><span style=\"font-size: 12pt;\">\ud83d\udcde +420 214 214 811 (<strong>CZ\/SK<\/strong>) nebo +32 2 888 84 16 (<strong>EN\/FR<\/strong>)<\/span><\/li>\n<\/ul>\n<p><a class=\"wp-block-button__link has-background has-vivid-cyan-blue-background-color\" href=\"https:\/\/www.airtimecritical.com\/cs\/kontaktujte-nas\" target=\"_blank\" rel=\"noopener\">Kontaktn\u00ed formul\u00e1\u0159<\/a><\/p>\n","protected":false},"excerpt":{"rendered":"<p>Den d\u00edk\u016fvzd\u00e1n\u00ed a Black Friday 2025 zpomal\u00ed logistiku v USA a sn\u00ed\u017e\u00ed kapacitu leteck\u00e9 p\u0159epravy mezi Asi\u00ed a USA. Seznamte se s kl\u00ed\u010dov\u00fdmi daty a o\u010dek\u00e1van\u00fdmi omezen\u00edmi. A tak\u00e9 s t\u00edm, jak pr\u00e9miov\u00e1 p\u0159epravn\u00ed \u0159e\u0161en\u00ed pom\u00e1haj\u00ed zabezpe\u010dit va\u0161e kritick\u00e9 z\u00e1silky i b\u011bhem nejv\u011bt\u0161\u00edho sez\u00f3nn\u00edho n\u00e1poru.<\/p>\n","protected":false},"author":2,"featured_media":16090,"comment_status":"closed","ping_status":"closed","sticky":false,"template":"","format":"standard","meta":{"footnotes":""},"categories":[67],"tags":[],"class_list":["post-16054","post","type-post","status-publish","format-standard","has-post-thumbnail","hentry","category-novinky-letecke-dopravy"],"yoast_head":"<!-- This site is optimized with the Yoast SEO Premium plugin v27.9 (Yoast SEO v28.4) - https:\/\/yoast.com\/product\/yoast-seo-premium-wordpress\/ -->\n<title>Den d\u00edk\u016fvzd\u00e1n\u00ed: O\u010dek\u00e1vejte zpomalen\u00ed logistiky v USA - Air Time Critical\u00ae - ATC\u00ae<\/title>\n<meta name=\"description\" content=\"Den d\u00edk\u016fvzd\u00e1n\u00ed 2025 a Black Friday zp\u016fsob\u00ed p\u0159et\u00ed\u017een\u00ed leteck\u00e9 p\u0159epravy. Zjist\u011bte, jak se vyhnout zpo\u017ed\u011bn\u00edm a ochr\u00e1nit sv\u00e9 \u010dasov\u011b citliv\u00e9 z\u00e1silky.\" \/>\n<meta name=\"robots\" content=\"index, follow, max-snippet:-1, max-image-preview:large, max-video-preview:-1\" \/>\n<link rel=\"canonical\" href=\"https:\/\/www.airtimecritical.com\/cs\/dikuvzdani-2025-letecka-preprava-usa\" \/>\n<meta property=\"og:locale\" content=\"cs_CZ\" \/>\n<meta property=\"og:type\" content=\"article\" \/>\n<meta property=\"og:title\" content=\"Den d\u00edk\u016fvzd\u00e1n\u00ed: O\u010dek\u00e1vejte zpomalen\u00ed logistiky v USA\" \/>\n<meta property=\"og:description\" content=\"Den d\u00edk\u016fvzd\u00e1n\u00ed 2025 a Black Friday zp\u016fsob\u00ed p\u0159et\u00ed\u017een\u00ed leteck\u00e9 p\u0159epravy. Zjist\u011bte, jak se vyhnout zpo\u017ed\u011bn\u00edm a ochr\u00e1nit sv\u00e9 \u010dasov\u011b citliv\u00e9 z\u00e1silky.\" \/>\n<meta property=\"og:url\" content=\"https:\/\/www.airtimecritical.com\/cs\/dikuvzdani-2025-letecka-preprava-usa\" \/>\n<meta property=\"og:site_name\" content=\"Air Time Critical\u00ae - ATC\u00ae\" \/>\n<meta property=\"article:publisher\" content=\"https:\/\/www.facebook.com\/AirTimeCritical.Atc.airfreight\" \/>\n<meta property=\"article:published_time\" content=\"2025-11-21T16:19:11+00:00\" \/>\n<meta property=\"article:modified_time\" content=\"2025-11-24T08:22:44+00:00\" \/>\n<meta property=\"og:image\" content=\"https:\/\/www.airtimecritical.com\/wp-content\/uploads\/2025\/11\/urgentni-letecka-preprava-dikuvzdani-usa.jpg\" \/>\n\t<meta property=\"og:image:width\" content=\"920\" \/>\n\t<meta property=\"og:image:height\" content=\"520\" \/>\n\t<meta property=\"og:image:type\" content=\"image\/jpeg\" \/>\n<meta name=\"author\" content=\"ATC\" \/>\n<meta name=\"twitter:card\" content=\"summary_large_image\" \/>\n<meta name=\"twitter:creator\" content=\"@AirTimeCritical\" \/>\n<meta name=\"twitter:site\" content=\"@AirTimeCritical\" \/>\n<meta name=\"twitter:label1\" content=\"Napsal(a)\" \/>\n\t<meta name=\"twitter:data1\" content=\"ATC\" \/>\n\t<meta name=\"twitter:label2\" content=\"Odhadovan\u00e1 doba \u010dten\u00ed\" \/>\n\t<meta name=\"twitter:data2\" content=\"4 minuty\" \/>\n<script type=\"application\/ld+json\" class=\"yoast-schema-graph\">{\"@context\":\"https:\\\/\\\/schema.org\",\"@graph\":[{\"@type\":\"Article\",\"@id\":\"https:\\\/\\\/www.airtimecritical.com\\\/cs\\\/dikuvzdani-2025-letecka-preprava-usa#article\",\"isPartOf\":{\"@id\":\"https:\\\/\\\/www.airtimecritical.com\\\/cs\\\/dikuvzdani-2025-letecka-preprava-usa\"},\"author\":{\"name\":\"ATC\",\"@id\":\"https:\\\/\\\/www.airtimecritical.com\\\/cs\\\/#\\\/schema\\\/person\\\/22eeefeab161c4125b4632ddb66eaf9b\"},\"headline\":\"Den d\u00edk\u016fvzd\u00e1n\u00ed: O\u010dek\u00e1vejte zpomalen\u00ed logistiky v USA\",\"datePublished\":\"2025-11-21T16:19:11+00:00\",\"dateModified\":\"2025-11-24T08:22:44+00:00\",\"mainEntityOfPage\":{\"@id\":\"https:\\\/\\\/www.airtimecritical.com\\\/cs\\\/dikuvzdani-2025-letecka-preprava-usa\"},\"wordCount\":957,\"publisher\":{\"@id\":\"https:\\\/\\\/www.airtimecritical.com\\\/cs\\\/#organization\"},\"image\":{\"@id\":\"https:\\\/\\\/www.airtimecritical.com\\\/cs\\\/dikuvzdani-2025-letecka-preprava-usa#primaryimage\"},\"thumbnailUrl\":\"https:\\\/\\\/www.airtimecritical.com\\\/wp-content\\\/uploads\\\/2025\\\/11\\\/urgentni-letecka-preprava-dikuvzdani-usa.jpg\",\"articleSection\":[\"Novinky z leteck\u00e9 dopravy\"],\"inLanguage\":\"cs\"},{\"@type\":\"WebPage\",\"@id\":\"https:\\\/\\\/www.airtimecritical.com\\\/cs\\\/dikuvzdani-2025-letecka-preprava-usa\",\"url\":\"https:\\\/\\\/www.airtimecritical.com\\\/cs\\\/dikuvzdani-2025-letecka-preprava-usa\",\"name\":\"Den d\u00edk\u016fvzd\u00e1n\u00ed: O\u010dek\u00e1vejte zpomalen\u00ed logistiky v USA - Air Time Critical\u00ae - ATC\u00ae\",\"isPartOf\":{\"@id\":\"https:\\\/\\\/www.airtimecritical.com\\\/cs\\\/#website\"},\"primaryImageOfPage\":{\"@id\":\"https:\\\/\\\/www.airtimecritical.com\\\/cs\\\/dikuvzdani-2025-letecka-preprava-usa#primaryimage\"},\"image\":{\"@id\":\"https:\\\/\\\/www.airtimecritical.com\\\/cs\\\/dikuvzdani-2025-letecka-preprava-usa#primaryimage\"},\"thumbnailUrl\":\"https:\\\/\\\/www.airtimecritical.com\\\/wp-content\\\/uploads\\\/2025\\\/11\\\/urgentni-letecka-preprava-dikuvzdani-usa.jpg\",\"datePublished\":\"2025-11-21T16:19:11+00:00\",\"dateModified\":\"2025-11-24T08:22:44+00:00\",\"description\":\"Den d\u00edk\u016fvzd\u00e1n\u00ed 2025 a Black Friday zp\u016fsob\u00ed p\u0159et\u00ed\u017een\u00ed leteck\u00e9 p\u0159epravy. Zjist\u011bte, jak se vyhnout zpo\u017ed\u011bn\u00edm a ochr\u00e1nit sv\u00e9 \u010dasov\u011b citliv\u00e9 z\u00e1silky.\",\"breadcrumb\":{\"@id\":\"https:\\\/\\\/www.airtimecritical.com\\\/cs\\\/dikuvzdani-2025-letecka-preprava-usa#breadcrumb\"},\"inLanguage\":\"cs\",\"potentialAction\":[{\"@type\":\"ReadAction\",\"target\":[\"https:\\\/\\\/www.airtimecritical.com\\\/cs\\\/dikuvzdani-2025-letecka-preprava-usa\"]}]},{\"@type\":\"ImageObject\",\"inLanguage\":\"cs\",\"@id\":\"https:\\\/\\\/www.airtimecritical.com\\\/cs\\\/dikuvzdani-2025-letecka-preprava-usa#primaryimage\",\"url\":\"https:\\\/\\\/www.airtimecritical.com\\\/wp-content\\\/uploads\\\/2025\\\/11\\\/urgentni-letecka-preprava-dikuvzdani-usa.jpg\",\"contentUrl\":\"https:\\\/\\\/www.airtimecritical.com\\\/wp-content\\\/uploads\\\/2025\\\/11\\\/urgentni-letecka-preprava-dikuvzdani-usa.jpg\",\"width\":920,\"height\":520},{\"@type\":\"BreadcrumbList\",\"@id\":\"https:\\\/\\\/www.airtimecritical.com\\\/cs\\\/dikuvzdani-2025-letecka-preprava-usa#breadcrumb\",\"itemListElement\":[{\"@type\":\"ListItem\",\"position\":1,\"name\":\"Home\",\"item\":\"https:\\\/\\\/www.airtimecritical.com\\\/cs\"},{\"@type\":\"ListItem\",\"position\":2,\"name\":\"Den d\u00edk\u016fvzd\u00e1n\u00ed: O\u010dek\u00e1vejte zpomalen\u00ed logistiky v USA\"}]},{\"@type\":\"WebSite\",\"@id\":\"https:\\\/\\\/www.airtimecritical.com\\\/cs\\\/#website\",\"url\":\"https:\\\/\\\/www.airtimecritical.com\\\/cs\\\/\",\"name\":\"Air Time Critical - ATC\",\"description\":\"Air Time Critical\u00ae offers priority air freight solutions to the industry in Europe, the Americas, and Asia | Door to door transport\",\"publisher\":{\"@id\":\"https:\\\/\\\/www.airtimecritical.com\\\/cs\\\/#organization\"},\"potentialAction\":[{\"@type\":\"SearchAction\",\"target\":{\"@type\":\"EntryPoint\",\"urlTemplate\":\"https:\\\/\\\/www.airtimecritical.com\\\/cs\\\/?s={search_term_string}\"},\"query-input\":{\"@type\":\"PropertyValueSpecification\",\"valueRequired\":true,\"valueName\":\"search_term_string\"}}],\"inLanguage\":\"cs\"},{\"@type\":\"Organization\",\"@id\":\"https:\\\/\\\/www.airtimecritical.com\\\/cs\\\/#organization\",\"name\":\"Airt Time Critical - ATC\",\"url\":\"https:\\\/\\\/www.airtimecritical.com\\\/cs\\\/\",\"logo\":{\"@type\":\"ImageObject\",\"inLanguage\":\"cs\",\"@id\":\"https:\\\/\\\/www.airtimecritical.com\\\/cs\\\/#\\\/schema\\\/logo\\\/image\\\/\",\"url\":\"https:\\\/\\\/www.airtimecritical.com\\\/wp-content\\\/uploads\\\/2019\\\/10\\\/Logo_airtimecritical.png\",\"contentUrl\":\"https:\\\/\\\/www.airtimecritical.com\\\/wp-content\\\/uploads\\\/2019\\\/10\\\/Logo_airtimecritical.png\",\"width\":246,\"height\":141,\"caption\":\"Airt Time Critical - ATC\"},\"image\":{\"@id\":\"https:\\\/\\\/www.airtimecritical.com\\\/cs\\\/#\\\/schema\\\/logo\\\/image\\\/\"},\"sameAs\":[\"https:\\\/\\\/www.facebook.com\\\/AirTimeCritical.Atc.airfreight\",\"https:\\\/\\\/x.com\\\/AirTimeCritical\",\"https:\\\/\\\/www.instagram.com\\\/airtimecritical\\\/\",\"https:\\\/\\\/www.linkedin.com\\\/company\\\/air-time-critical-\\\/\",\"https:\\\/\\\/www.youtube.com\\\/c\\\/Airtimecritical-envois-urgents-international\\\/\"]},{\"@type\":\"Person\",\"@id\":\"https:\\\/\\\/www.airtimecritical.com\\\/cs\\\/#\\\/schema\\\/person\\\/22eeefeab161c4125b4632ddb66eaf9b\",\"name\":\"ATC\",\"url\":\"https:\\\/\\\/www.airtimecritical.com\\\/cs\\\/author\\\/atc\"}]}<\/script>\n<!-- \/ Yoast SEO Premium plugin. -->","yoast_head_json":{"title":"Den d\u00edk\u016fvzd\u00e1n\u00ed: O\u010dek\u00e1vejte zpomalen\u00ed logistiky v USA - Air Time Critical\u00ae - ATC\u00ae","description":"Den d\u00edk\u016fvzd\u00e1n\u00ed 2025 a Black Friday zp\u016fsob\u00ed p\u0159et\u00ed\u017een\u00ed leteck\u00e9 p\u0159epravy. Zjist\u011bte, jak se vyhnout zpo\u017ed\u011bn\u00edm a ochr\u00e1nit sv\u00e9 \u010dasov\u011b citliv\u00e9 z\u00e1silky.","robots":{"index":"index","follow":"follow","max-snippet":"max-snippet:-1","max-image-preview":"max-image-preview:large","max-video-preview":"max-video-preview:-1"},"canonical":"https:\/\/www.airtimecritical.com\/cs\/dikuvzdani-2025-letecka-preprava-usa","og_locale":"cs_CZ","og_type":"article","og_title":"Den d\u00edk\u016fvzd\u00e1n\u00ed: O\u010dek\u00e1vejte zpomalen\u00ed logistiky v USA","og_description":"Den d\u00edk\u016fvzd\u00e1n\u00ed 2025 a Black Friday zp\u016fsob\u00ed p\u0159et\u00ed\u017een\u00ed leteck\u00e9 p\u0159epravy. Zjist\u011bte, jak se vyhnout zpo\u017ed\u011bn\u00edm a ochr\u00e1nit sv\u00e9 \u010dasov\u011b citliv\u00e9 z\u00e1silky.","og_url":"https:\/\/www.airtimecritical.com\/cs\/dikuvzdani-2025-letecka-preprava-usa","og_site_name":"Air Time Critical\u00ae - ATC\u00ae","article_publisher":"https:\/\/www.facebook.com\/AirTimeCritical.Atc.airfreight","article_published_time":"2025-11-21T16:19:11+00:00","article_modified_time":"2025-11-24T08:22:44+00:00","og_image":[{"width":920,"height":520,"url":"https:\/\/www.airtimecritical.com\/wp-content\/uploads\/2025\/11\/urgentni-letecka-preprava-dikuvzdani-usa.jpg","type":"image\/jpeg"}],"author":"ATC","twitter_card":"summary_large_image","twitter_creator":"@AirTimeCritical","twitter_site":"@AirTimeCritical","twitter_misc":{"Napsal(a)":"ATC","Odhadovan\u00e1 doba \u010dten\u00ed":"4 minuty"},"schema":{"@context":"https:\/\/schema.org","@graph":[{"@type":"Article","@id":"https:\/\/www.airtimecritical.com\/cs\/dikuvzdani-2025-letecka-preprava-usa#article","isPartOf":{"@id":"https:\/\/www.airtimecritical.com\/cs\/dikuvzdani-2025-letecka-preprava-usa"},"author":{"name":"ATC","@id":"https:\/\/www.airtimecritical.com\/cs\/#\/schema\/person\/22eeefeab161c4125b4632ddb66eaf9b"},"headline":"Den d\u00edk\u016fvzd\u00e1n\u00ed: O\u010dek\u00e1vejte zpomalen\u00ed logistiky v USA","datePublished":"2025-11-21T16:19:11+00:00","dateModified":"2025-11-24T08:22:44+00:00","mainEntityOfPage":{"@id":"https:\/\/www.airtimecritical.com\/cs\/dikuvzdani-2025-letecka-preprava-usa"},"wordCount":957,"publisher":{"@id":"https:\/\/www.airtimecritical.com\/cs\/#organization"},"image":{"@id":"https:\/\/www.airtimecritical.com\/cs\/dikuvzdani-2025-letecka-preprava-usa#primaryimage"},"thumbnailUrl":"https:\/\/www.airtimecritical.com\/wp-content\/uploads\/2025\/11\/urgentni-letecka-preprava-dikuvzdani-usa.jpg","articleSection":["Novinky z leteck\u00e9 dopravy"],"inLanguage":"cs"},{"@type":"WebPage","@id":"https:\/\/www.airtimecritical.com\/cs\/dikuvzdani-2025-letecka-preprava-usa","url":"https:\/\/www.airtimecritical.com\/cs\/dikuvzdani-2025-letecka-preprava-usa","name":"Den d\u00edk\u016fvzd\u00e1n\u00ed: O\u010dek\u00e1vejte zpomalen\u00ed logistiky v USA - Air Time Critical\u00ae - ATC\u00ae","isPartOf":{"@id":"https:\/\/www.airtimecritical.com\/cs\/#website"},"primaryImageOfPage":{"@id":"https:\/\/www.airtimecritical.com\/cs\/dikuvzdani-2025-letecka-preprava-usa#primaryimage"},"image":{"@id":"https:\/\/www.airtimecritical.com\/cs\/dikuvzdani-2025-letecka-preprava-usa#primaryimage"},"thumbnailUrl":"https:\/\/www.airtimecritical.com\/wp-content\/uploads\/2025\/11\/urgentni-letecka-preprava-dikuvzdani-usa.jpg","datePublished":"2025-11-21T16:19:11+00:00","dateModified":"2025-11-24T08:22:44+00:00","description":"Den d\u00edk\u016fvzd\u00e1n\u00ed 2025 a Black Friday zp\u016fsob\u00ed p\u0159et\u00ed\u017een\u00ed leteck\u00e9 p\u0159epravy. Zjist\u011bte, jak se vyhnout zpo\u017ed\u011bn\u00edm a ochr\u00e1nit sv\u00e9 \u010dasov\u011b citliv\u00e9 z\u00e1silky.","breadcrumb":{"@id":"https:\/\/www.airtimecritical.com\/cs\/dikuvzdani-2025-letecka-preprava-usa#breadcrumb"},"inLanguage":"cs","potentialAction":[{"@type":"ReadAction","target":["https:\/\/www.airtimecritical.com\/cs\/dikuvzdani-2025-letecka-preprava-usa"]}]},{"@type":"ImageObject","inLanguage":"cs","@id":"https:\/\/www.airtimecritical.com\/cs\/dikuvzdani-2025-letecka-preprava-usa#primaryimage","url":"https:\/\/www.airtimecritical.com\/wp-content\/uploads\/2025\/11\/urgentni-letecka-preprava-dikuvzdani-usa.jpg","contentUrl":"https:\/\/www.airtimecritical.com\/wp-content\/uploads\/2025\/11\/urgentni-letecka-preprava-dikuvzdani-usa.jpg","width":920,"height":520},{"@type":"BreadcrumbList","@id":"https:\/\/www.airtimecritical.com\/cs\/dikuvzdani-2025-letecka-preprava-usa#breadcrumb","itemListElement":[{"@type":"ListItem","position":1,"name":"Home","item":"https:\/\/www.airtimecritical.com\/cs"},{"@type":"ListItem","position":2,"name":"Den d\u00edk\u016fvzd\u00e1n\u00ed: O\u010dek\u00e1vejte zpomalen\u00ed logistiky v USA"}]},{"@type":"WebSite","@id":"https:\/\/www.airtimecritical.com\/cs\/#website","url":"https:\/\/www.airtimecritical.com\/cs\/","name":"Air Time Critical - ATC","description":"Air Time Critical\u00ae offers priority air freight solutions to the industry in Europe, the Americas, and Asia | Door to door transport","publisher":{"@id":"https:\/\/www.airtimecritical.com\/cs\/#organization"},"potentialAction":[{"@type":"SearchAction","target":{"@type":"EntryPoint","urlTemplate":"https:\/\/www.airtimecritical.com\/cs\/?s={search_term_string}"},"query-input":{"@type":"PropertyValueSpecification","valueRequired":true,"valueName":"search_term_string"}}],"inLanguage":"cs"},{"@type":"Organization","@id":"https:\/\/www.airtimecritical.com\/cs\/#organization","name":"Airt Time Critical - ATC","url":"https:\/\/www.airtimecritical.com\/cs\/","logo":{"@type":"ImageObject","inLanguage":"cs","@id":"https:\/\/www.airtimecritical.com\/cs\/#\/schema\/logo\/image\/","url":"https:\/\/www.airtimecritical.com\/wp-content\/uploads\/2019\/10\/Logo_airtimecritical.png","contentUrl":"https:\/\/www.airtimecritical.com\/wp-content\/uploads\/2019\/10\/Logo_airtimecritical.png","width":246,"height":141,"caption":"Airt Time Critical - ATC"},"image":{"@id":"https:\/\/www.airtimecritical.com\/cs\/#\/schema\/logo\/image\/"},"sameAs":["https:\/\/www.facebook.com\/AirTimeCritical.Atc.airfreight","https:\/\/x.com\/AirTimeCritical","https:\/\/www.instagram.com\/airtimecritical\/","https:\/\/www.linkedin.com\/company\/air-time-critical-\/","https:\/\/www.youtube.com\/c\/Airtimecritical-envois-urgents-international\/"]},{"@type":"Person","@id":"https:\/\/www.airtimecritical.com\/cs\/#\/schema\/person\/22eeefeab161c4125b4632ddb66eaf9b","name":"ATC","url":"https:\/\/www.airtimecritical.com\/cs\/author\/atc"}]}},"_links":{"self":[{"href":"https:\/\/www.airtimecritical.com\/cs\/wp-json\/wp\/v2\/posts\/16054","targetHints":{"allow":["GET"]}}],"collection":[{"href":"https:\/\/www.airtimecritical.com\/cs\/wp-json\/wp\/v2\/posts"}],"about":[{"href":"https:\/\/www.airtimecritical.com\/cs\/wp-json\/wp\/v2\/types\/post"}],"author":[{"embeddable":true,"href":"https:\/\/www.airtimecritical.com\/cs\/wp-json\/wp\/v2\/users\/2"}],"replies":[{"embeddable":true,"href":"https:\/\/www.airtimecritical.com\/cs\/wp-json\/wp\/v2\/comments?post=16054"}],"version-history":[{"count":3,"href":"https:\/\/www.airtimecritical.com\/cs\/wp-json\/wp\/v2\/posts\/16054\/revisions"}],"predecessor-version":[{"id":16110,"href":"https:\/\/www.airtimecritical.com\/cs\/wp-json\/wp\/v2\/posts\/16054\/revisions\/16110"}],"wp:featuredmedia":[{"embeddable":true,"href":"https:\/\/www.airtimecritical.com\/cs\/wp-json\/wp\/v2\/media\/16090"}],"wp:attachment":[{"href":"https:\/\/www.airtimecritical.com\/cs\/wp-json\/wp\/v2\/media?parent=16054"}],"wp:term":[{"taxonomy":"category","embeddable":true,"href":"https:\/\/www.airtimecritical.com\/cs\/wp-json\/wp\/v2\/categories?post=16054"},{"taxonomy":"post_tag","embeddable":true,"href":"https:\/\/www.airtimecritical.com\/cs\/wp-json\/wp\/v2\/tags?post=16054"}],"curies":[{"name":"wp","href":"https:\/\/api.w.org\/{rel}","templated":true}]}}