{"id":15435,"date":"2025-09-26T16:27:29","date_gmt":"2025-09-26T15:27:29","guid":{"rendered":"https:\/\/www.airtimecritical.com\/?p=15435"},"modified":"2025-09-26T16:27:29","modified_gmt":"2025-09-26T15:27:29","slug":"urgentni-zasilky-asie-rijen-2025","status":"publish","type":"post","link":"https:\/\/www.airtimecritical.com\/cs\/urgentni-zasilky-asie-rijen-2025","title":{"rendered":"Asie v \u0159\u00edjnu 2025: Napl\u00e1nujte hladk\u00fd pr\u016fb\u011bh p\u0159eprav"},"content":{"rendered":"<h2 style=\"text-align: justify;\"><span style=\"font-size: 18pt;\"><strong>Asijsk\u00e9 sv\u00e1tky v \u0159\u00edjnu 2025 \u2013 Napl\u00e1nujte va\u0161i logistiku ji\u017e nyn\u00ed <\/strong><\/span><\/h2>\n<p style=\"text-align: justify;\"><span style=\"font-size: 12pt;\">Prvn\u00ed \u0159\u00edjnov\u00fd t\u00fdden p\u0159inese \u0159adu st\u00e1tn\u00edch sv\u00e1tk\u016f v <strong>\u010c\u00edn\u011b<\/strong>, <strong>Ji\u017en\u00ed Koreji<\/strong> a <strong>Hongkongu<\/strong> \u2013 t\u0159ech kl\u00ed\u010dov\u00fdch hr\u00e1\u010d\u00edch v glob\u00e1ln\u00edch dodavatelsk\u00fdch \u0159et\u011bzc\u00edch. Tyto prodlou\u017een\u00e9 uzav\u00edrky ovlivn\u00ed v\u00fdrobu v tov\u00e1rn\u00e1ch, \u010dinnost p\u0159\u00edstav\u016f a celn\u00edch \u00fa\u0159ad\u016f, a celkov\u011b mezin\u00e1rodn\u00ed p\u0159epravu. Pokud v\u00e1\u0161 dodavatelsk\u00fd \u0159et\u011bzec z\u00e1vis\u00ed na asijsk\u00fdch partnerech, nyn\u00ed je \u010das p\u0159evz\u00edt kontrolu nad va\u0161imi z\u00e1silkami.<\/span><\/p>\n<h3 style=\"text-align: justify;\"><span style=\"font-size: 14pt;\"><strong>Kl\u00ed\u010dov\u00e1 data sv\u00e1tk\u016f v Asii \u2013 \u0159\u00edjen 2025<\/strong><\/span><\/h3>\n<p style=\"text-align: justify;\"><strong><span style=\"font-size: 12pt;\">\u010c\u00edna<\/span><\/strong><\/p>\n<p style=\"text-align: justify;\"><span style=\"font-size: 12pt;\">\u2022 1.\u20138. \u0159\u00edjna \u2013 N\u00e1rodn\u00ed den a Sv\u00e1tek st\u0159edu podzimu<\/span><br \/>\n<span style=\"font-size: 12pt;\">(A\u017e 8 dn\u00ed uzav\u0159en\u00ed tov\u00e1ren, p\u0159\u00edstav\u016f a celnic.)<\/span><\/p>\n<p style=\"text-align: justify;\"><strong><span style=\"font-size: 12pt;\">Ji\u017en\u00ed Korea<\/span><\/strong><\/p>\n<ul>\n<li style=\"text-align: justify;\"><span style=\"font-size: 12pt;\">3. \u0159\u00edjna \u2013 Den zalo\u017een\u00ed st\u00e1tu<\/span><\/li>\n<li style=\"text-align: justify;\">5.\u20137. \u0159\u00edjna \u2013 \u010cchusok (Den d\u00edk\u016fvzd\u00e1n\u00ed)<\/li>\n<li style=\"text-align: justify;\">9. \u0159\u00edjna \u2013 Den hangulu<\/li>\n<\/ul>\n<p>(\u010cchusok je v\u00fdznamn\u00fd st\u00e1tn\u00ed sv\u00e1tek; o\u010dek\u00e1vejte uzav\u00edrku po cel\u00e9 3 dny.)<\/p>\n<p style=\"text-align: justify;\"><strong><span style=\"font-size: 12pt;\">Hongkong<\/span><\/strong><\/p>\n<ul>\n<li style=\"text-align: justify;\"><span style=\"font-size: 12pt;\">1. \u0159\u00edjna \u2013 N\u00e1rodn\u00ed den<\/span><\/li>\n<li style=\"text-align: justify;\"><span style=\"font-size: 12pt;\">7. \u0159\u00edjna \u2013 Den po Sv\u00e1tku st\u0159edu podzimu<\/span><\/li>\n<\/ul>\n<p><span style=\"font-size: 12pt;\">(O\u010dek\u00e1v\u00e1 se naru\u0161en\u00ed provozu logistick\u00fdch center a logistiky posledn\u00ed m\u00edle.)<\/span><\/p>\n<h3 style=\"text-align: justify;\"><span style=\"font-size: 14pt;\"><strong>Jak \u0159\u00edjnov\u00e9 sv\u00e1tky ovlivn\u00ed v\u00e1\u0161 dodavatelsk\u00fd \u0159et\u011bzec<\/strong><\/span><\/h3>\n<ul style=\"text-align: justify;\">\n<li><span style=\"font-size: 12pt;\"><strong>Tov\u00e1rny a p\u0159\u00edstavy<\/strong> v \u010c\u00edn\u011b uzav\u0159eny a\u017e na 8 dn\u00ed a n\u00e1sledn\u00e9 <strong>nahromad\u011bn\u00ed zpo\u017ed\u011bn\u00fdch z\u00e1silek<\/strong>.<\/span><\/li>\n<li><span style=\"font-size: 12pt;\"><strong>Omezen\u00fd nebo pozastaven\u00fd provoz<\/strong> v Ji\u017en\u00ed Koreji a Hongkongu b\u011bhem n\u011bkolikadenn\u00edch sv\u00e1tk\u016f.<\/span><\/li>\n<li><span style=\"font-size: 12pt;\"><strong>Sn\u00ed\u017een\u00fd po\u010det zam\u011bstnanc\u016f<\/strong> na celnic\u00edch, v p\u0159ekladi\u0161t\u00edch a distribu\u010dn\u00edch centrech.<\/span><\/li>\n<li><span style=\"font-size: 12pt;\"><strong>Pomalej\u0161\u00ed doru\u010dov\u00e1n\u00ed na posledn\u00ed m\u00edli<\/strong> a v region\u00e1ln\u00ed p\u0159eprav\u011b kv\u016fli n\u00e1r\u016fstu objemu z\u00e1silek a nedostatku person\u00e1lu b\u011bhem sv\u00e1tk\u016f.<\/span><\/li>\n<\/ul>\n<h3 style=\"text-align: justify;\"><span style=\"font-size: 14pt;\"><strong>Rady pro mana\u017eery dodavatelsk\u00e9ho \u0159et\u011bzce<\/strong><\/span><\/h3>\n<ul style=\"text-align: justify;\">\n<li><span style=\"font-size: 12pt;\">Zkontrolujte kalend\u00e1\u0159e dodavatel\u016f a upravte harmonogramy objedn\u00e1vek, abyste se vyhnuli nep\u0159\u00edjemn\u00fdm p\u0159ekvapen\u00edm.<\/span><\/li>\n<li><span style=\"font-size: 12pt;\">Zarezervujte si p\u0159epravu a v\u00fdrobn\u00ed kapacity s dostate\u010dn\u00fdm p\u0159edstihem p\u0159ed 1. \u0159\u00edjnem.<\/span><\/li>\n<li><span style=\"font-size: 12pt;\">Po\u010d\u00edtejte s vy\u0161\u0161\u00edmi p\u0159epravn\u00edmi sazbami a sn\u00ed\u017eenou kapacitou \u2013 pl\u00e1nujte v\u010das, abyste se vyhnuli p\u0159\u00edplatk\u016fm.<\/span><\/li>\n<li><span style=\"font-size: 12pt;\"><strong>Pokud m\u00e1te zpo\u017ed\u011bn\u00ed<\/strong>: zva\u017ete pr\u00e9miov\u00e1 urgentn\u00ed leteck\u00e1 \u0159e\u0161en\u00ed (<strong><span style=\"color: #33cccc;\"><a style=\"color: #33cccc;\" title=\"Hand carry\" href=\"https:\/\/www.airtimecritical.com\/cs\/on-board-courier\" target=\"_blank\" rel=\"noopener\">OBC<\/a><\/span><\/strong>, <strong><span style=\"color: #33cccc;\"><a style=\"color: #33cccc;\" title=\"Priority air freight\" href=\"https:\/\/www.airtimecritical.com\/cs\/next-flight-out\" target=\"_blank\" rel=\"noopener\">NFO<\/a><\/span><\/strong>), abyste zajistili v\u010dasn\u00e9 dod\u00e1n\u00ed i v obdob\u00ed omezen\u00e9 kapacity.<\/span><\/li>\n<\/ul>\n<p style=\"text-align: justify;\"><span style=\"font-size: 12pt;\">M\u016f\u017eeme v\u00e1m pomoci!<\/span><\/p>\n<h3 style=\"text-align: justify;\"><span style=\"font-size: 14pt;\"><strong>Air Time Critical\u00ae \u2013 V\u00e1\u0161 partner pro urgentn\u00ed logistiku<\/strong><\/span><\/h3>\n<p style=\"text-align: justify;\"><span style=\"font-size: 12pt;\">Budete m\u00edt b\u011bhem \u0159\u00edjnov\u00fdch sv\u00e1tk\u016f probl\u00e9m s dodr\u017een\u00edm term\u00edn\u016f nebo neo\u010dek\u00e1van\u00fd probl\u00e9m v dodavatelsk\u00e9m \u0159et\u011bzci? Air Time Critical\u00ae nab\u00edz\u00ed rychl\u00e1 a spolehliv\u00e1 \u0159e\u0161en\u00ed \u0161it\u00e1 na m\u00edru va\u0161im pot\u0159eb\u00e1m:<\/span><\/p>\n<ul style=\"text-align: justify;\">\n<li><span style=\"font-size: 12pt;\"><strong><span style=\"color: #33cccc;\"><a style=\"color: #33cccc;\" title=\"ATC Leteck\u00fd kur\u00fdr \" href=\"https:\/\/www.airtimecritical.com\/cs\/on-board-courier\" target=\"_blank\" rel=\"noopener\">On Board Courier (OBC)<\/a><\/span><\/strong> \u2013 Profesion\u00e1ln\u00ed kur\u00fdr cestuje s va\u0161\u00ed z\u00e1silkou a osobn\u011b ji doru\u010d\u00ed, co\u017e je ide\u00e1ln\u00ed pro hodnotn\u00e9 a \u010dasov\u011b citliv\u00e9 z\u00e1silky.<\/span><\/li>\n<li><span style=\"font-size: 12pt;\"><strong><span style=\"color: #33cccc;\"><a style=\"color: #33cccc;\" title=\"Urgentn\u00ed leteck\u00e9 z\u00e1silky\" href=\"https:\/\/www.airtimecritical.com\/cs\/next-flight-out\" target=\"_blank\" rel=\"noopener\">Next Flight Out (NFO)<\/a><\/span><\/strong> \u2013 Zarezervujeme prostor pro va\u0161i z\u00e1silku na prvn\u00edm dostupn\u00e9m pasa\u017e\u00e9rsk\u00e9m letu a dohl\u00e9dneme na cel\u00fd pr\u016fb\u011bh od dve\u0159\u00ed ke dve\u0159\u00edm.<\/span><\/li>\n<\/ul>\n<p style=\"text-align: justify;\"><span style=\"font-size: 12pt;\">D\u00edky<strong> 24\/7 podpo\u0159e<\/strong> a zku\u0161enostem s p\u0159epravou v obdob\u00ed dopravn\u00edch \u0161pi\u010dek mezi Asi\u00ed a Evropou v\u00e1m n\u00e1\u0161 t\u00fdm zajist\u00ed, \u017ee budete m\u00edt v\u0161e pod kontrolou \u2013 i b\u011bhem sv\u00e1tk\u016f.\u00a0<\/span><span style=\"font-size: 12pt;\"><strong>Kontaktujte n\u00e1s je\u0161t\u011b dnes<\/strong> a zajist\u011bte si doru\u010den\u00ed va\u0161ich urgentn\u00edch z\u00e1silek v pr\u016fb\u011bhu \u0159\u00edjna 2025.<\/span><\/p>\n<p style=\"text-align: justify;\"><strong><span style=\"font-size: 12pt;\">Poj\u010fme spole\u010dn\u011b zabezpe\u010dit hladk\u00fd chod va\u0161\u00ed logistiky.<\/span><\/strong><\/p>\n<p><strong><a class=\"wp-block-button__link has-background has-vivid-cyan-blue-background-color\" href=\"https:\/\/www.airtimecritical.com\/cs\/kontaktujte-nas\" target=\"_blank\" rel=\"noopener\">Kontaktn\u00ed formul\u00e1\u0159<\/a><\/strong><\/p>\n","protected":false},"excerpt":{"rendered":"<p>Pokud v\u00e1\u0161 dodavatelsk\u00fd \u0159et\u011bzec zahrnuje i Asii, mohou m\u00edt \u0159\u00edjnov\u00e9 sv\u00e1tky vliv na va\u0161e z\u00e1silky. Zjist\u011bte, kter\u00e1 data jsou d\u016fle\u017eit\u00e1, a z\u00edskejte tipy, jak zajistit plynulost dod\u00e1vek i b\u011bhem n\u011bkolikadenn\u00edch sv\u00e1tk\u016f.<\/p>\n","protected":false},"author":2,"featured_media":15446,"comment_status":"closed","ping_status":"closed","sticky":false,"template":"","format":"standard","meta":{"footnotes":""},"categories":[67],"tags":[],"class_list":["post-15435","post","type-post","status-publish","format-standard","has-post-thumbnail","hentry","category-novinky-letecke-dopravy"],"yoast_head":"<!-- This site is optimized with the Yoast SEO Premium plugin v27.9 (Yoast SEO v28.4) - https:\/\/yoast.com\/product\/yoast-seo-premium-wordpress\/ -->\n<title>Asie v \u0159\u00edjnu 2025: Napl\u00e1nujte hladk\u00fd pr\u016fb\u011bh p\u0159eprav - Air Time Critical\u00ae - ATC\u00ae<\/title>\n<meta name=\"description\" content=\"Zjist\u011bte, jak\u00e9 st\u00e1tn\u00ed sv\u00e1tky se v Asii konaj\u00ed v \u0159\u00edjnu 2025 a jak mohou ovlivnit v\u00e1\u0161 dodavatelsk\u00fd \u0159et\u011bzec. Kompletn\u00ed seznam sv\u00e1tk\u016f a rady, jak se vyhnout zpo\u017ed\u011bn\u00ed z\u00e1silek.\" \/>\n<meta name=\"robots\" content=\"index, follow, max-snippet:-1, max-image-preview:large, max-video-preview:-1\" \/>\n<link rel=\"canonical\" href=\"https:\/\/www.airtimecritical.com\/cs\/urgentni-zasilky-asie-rijen-2025\" \/>\n<meta property=\"og:locale\" content=\"cs_CZ\" \/>\n<meta property=\"og:type\" content=\"article\" \/>\n<meta property=\"og:title\" content=\"Asie v \u0159\u00edjnu 2025: Napl\u00e1nujte hladk\u00fd pr\u016fb\u011bh p\u0159eprav\" \/>\n<meta property=\"og:description\" content=\"Zjist\u011bte, jak\u00e9 st\u00e1tn\u00ed sv\u00e1tky se v Asii konaj\u00ed v \u0159\u00edjnu 2025 a jak mohou ovlivnit v\u00e1\u0161 dodavatelsk\u00fd \u0159et\u011bzec. Kompletn\u00ed seznam sv\u00e1tk\u016f a rady, jak se vyhnout zpo\u017ed\u011bn\u00ed z\u00e1silek.\" \/>\n<meta property=\"og:url\" content=\"https:\/\/www.airtimecritical.com\/cs\/urgentni-zasilky-asie-rijen-2025\" \/>\n<meta property=\"og:site_name\" content=\"Air Time Critical\u00ae - ATC\u00ae\" \/>\n<meta property=\"article:publisher\" content=\"https:\/\/www.facebook.com\/AirTimeCritical.Atc.airfreight\" \/>\n<meta property=\"article:published_time\" content=\"2025-09-26T15:27:29+00:00\" \/>\n<meta property=\"og:image\" content=\"https:\/\/www.airtimecritical.com\/wp-content\/uploads\/2025\/09\/urgentni-nakladni-preprava-asie-oktober-2025.jpg\" \/>\n\t<meta property=\"og:image:width\" content=\"920\" \/>\n\t<meta property=\"og:image:height\" content=\"520\" \/>\n\t<meta property=\"og:image:type\" content=\"image\/jpeg\" \/>\n<meta name=\"author\" content=\"ATC\" \/>\n<meta name=\"twitter:card\" content=\"summary_large_image\" \/>\n<meta name=\"twitter:creator\" content=\"@AirTimeCritical\" \/>\n<meta name=\"twitter:site\" content=\"@AirTimeCritical\" \/>\n<meta name=\"twitter:label1\" content=\"Napsal(a)\" \/>\n\t<meta name=\"twitter:data1\" content=\"ATC\" \/>\n\t<meta name=\"twitter:label2\" content=\"Odhadovan\u00e1 doba \u010dten\u00ed\" \/>\n\t<meta name=\"twitter:data2\" content=\"3 minuty\" \/>\n<script type=\"application\/ld+json\" class=\"yoast-schema-graph\">{\"@context\":\"https:\\\/\\\/schema.org\",\"@graph\":[{\"@type\":\"Article\",\"@id\":\"https:\\\/\\\/www.airtimecritical.com\\\/cs\\\/urgentni-zasilky-asie-rijen-2025#article\",\"isPartOf\":{\"@id\":\"https:\\\/\\\/www.airtimecritical.com\\\/cs\\\/urgentni-zasilky-asie-rijen-2025\"},\"author\":{\"name\":\"ATC\",\"@id\":\"https:\\\/\\\/www.airtimecritical.com\\\/cs\\\/#\\\/schema\\\/person\\\/22eeefeab161c4125b4632ddb66eaf9b\"},\"headline\":\"Asie v \u0159\u00edjnu 2025: Napl\u00e1nujte hladk\u00fd pr\u016fb\u011bh p\u0159eprav\",\"datePublished\":\"2025-09-26T15:27:29+00:00\",\"mainEntityOfPage\":{\"@id\":\"https:\\\/\\\/www.airtimecritical.com\\\/cs\\\/urgentni-zasilky-asie-rijen-2025\"},\"wordCount\":584,\"publisher\":{\"@id\":\"https:\\\/\\\/www.airtimecritical.com\\\/cs\\\/#organization\"},\"image\":{\"@id\":\"https:\\\/\\\/www.airtimecritical.com\\\/cs\\\/urgentni-zasilky-asie-rijen-2025#primaryimage\"},\"thumbnailUrl\":\"https:\\\/\\\/www.airtimecritical.com\\\/wp-content\\\/uploads\\\/2025\\\/09\\\/urgentni-nakladni-preprava-asie-oktober-2025.jpg\",\"articleSection\":[\"Novinky z leteck\u00e9 dopravy\"],\"inLanguage\":\"cs\"},{\"@type\":\"WebPage\",\"@id\":\"https:\\\/\\\/www.airtimecritical.com\\\/cs\\\/urgentni-zasilky-asie-rijen-2025\",\"url\":\"https:\\\/\\\/www.airtimecritical.com\\\/cs\\\/urgentni-zasilky-asie-rijen-2025\",\"name\":\"Asie v \u0159\u00edjnu 2025: Napl\u00e1nujte hladk\u00fd pr\u016fb\u011bh p\u0159eprav - Air Time Critical\u00ae - ATC\u00ae\",\"isPartOf\":{\"@id\":\"https:\\\/\\\/www.airtimecritical.com\\\/cs\\\/#website\"},\"primaryImageOfPage\":{\"@id\":\"https:\\\/\\\/www.airtimecritical.com\\\/cs\\\/urgentni-zasilky-asie-rijen-2025#primaryimage\"},\"image\":{\"@id\":\"https:\\\/\\\/www.airtimecritical.com\\\/cs\\\/urgentni-zasilky-asie-rijen-2025#primaryimage\"},\"thumbnailUrl\":\"https:\\\/\\\/www.airtimecritical.com\\\/wp-content\\\/uploads\\\/2025\\\/09\\\/urgentni-nakladni-preprava-asie-oktober-2025.jpg\",\"datePublished\":\"2025-09-26T15:27:29+00:00\",\"description\":\"Zjist\u011bte, jak\u00e9 st\u00e1tn\u00ed sv\u00e1tky se v Asii konaj\u00ed v \u0159\u00edjnu 2025 a jak mohou ovlivnit v\u00e1\u0161 dodavatelsk\u00fd \u0159et\u011bzec. Kompletn\u00ed seznam sv\u00e1tk\u016f a rady, jak se vyhnout zpo\u017ed\u011bn\u00ed z\u00e1silek.\",\"breadcrumb\":{\"@id\":\"https:\\\/\\\/www.airtimecritical.com\\\/cs\\\/urgentni-zasilky-asie-rijen-2025#breadcrumb\"},\"inLanguage\":\"cs\",\"potentialAction\":[{\"@type\":\"ReadAction\",\"target\":[\"https:\\\/\\\/www.airtimecritical.com\\\/cs\\\/urgentni-zasilky-asie-rijen-2025\"]}]},{\"@type\":\"ImageObject\",\"inLanguage\":\"cs\",\"@id\":\"https:\\\/\\\/www.airtimecritical.com\\\/cs\\\/urgentni-zasilky-asie-rijen-2025#primaryimage\",\"url\":\"https:\\\/\\\/www.airtimecritical.com\\\/wp-content\\\/uploads\\\/2025\\\/09\\\/urgentni-nakladni-preprava-asie-oktober-2025.jpg\",\"contentUrl\":\"https:\\\/\\\/www.airtimecritical.com\\\/wp-content\\\/uploads\\\/2025\\\/09\\\/urgentni-nakladni-preprava-asie-oktober-2025.jpg\",\"width\":920,\"height\":520,\"caption\":\"cinska a korejska letecka spolecnost rijen 2025 urgentni logistika\"},{\"@type\":\"BreadcrumbList\",\"@id\":\"https:\\\/\\\/www.airtimecritical.com\\\/cs\\\/urgentni-zasilky-asie-rijen-2025#breadcrumb\",\"itemListElement\":[{\"@type\":\"ListItem\",\"position\":1,\"name\":\"Home\",\"item\":\"https:\\\/\\\/www.airtimecritical.com\\\/cs\"},{\"@type\":\"ListItem\",\"position\":2,\"name\":\"Asie v \u0159\u00edjnu 2025: Napl\u00e1nujte hladk\u00fd pr\u016fb\u011bh p\u0159eprav\"}]},{\"@type\":\"WebSite\",\"@id\":\"https:\\\/\\\/www.airtimecritical.com\\\/cs\\\/#website\",\"url\":\"https:\\\/\\\/www.airtimecritical.com\\\/cs\\\/\",\"name\":\"Air Time Critical - ATC\",\"description\":\"Air Time Critical\u00ae offers priority air freight solutions to the industry in Europe, the Americas, and Asia | Door to door transport\",\"publisher\":{\"@id\":\"https:\\\/\\\/www.airtimecritical.com\\\/cs\\\/#organization\"},\"potentialAction\":[{\"@type\":\"SearchAction\",\"target\":{\"@type\":\"EntryPoint\",\"urlTemplate\":\"https:\\\/\\\/www.airtimecritical.com\\\/cs\\\/?s={search_term_string}\"},\"query-input\":{\"@type\":\"PropertyValueSpecification\",\"valueRequired\":true,\"valueName\":\"search_term_string\"}}],\"inLanguage\":\"cs\"},{\"@type\":\"Organization\",\"@id\":\"https:\\\/\\\/www.airtimecritical.com\\\/cs\\\/#organization\",\"name\":\"Airt Time Critical - ATC\",\"url\":\"https:\\\/\\\/www.airtimecritical.com\\\/cs\\\/\",\"logo\":{\"@type\":\"ImageObject\",\"inLanguage\":\"cs\",\"@id\":\"https:\\\/\\\/www.airtimecritical.com\\\/cs\\\/#\\\/schema\\\/logo\\\/image\\\/\",\"url\":\"https:\\\/\\\/www.airtimecritical.com\\\/wp-content\\\/uploads\\\/2019\\\/10\\\/Logo_airtimecritical.png\",\"contentUrl\":\"https:\\\/\\\/www.airtimecritical.com\\\/wp-content\\\/uploads\\\/2019\\\/10\\\/Logo_airtimecritical.png\",\"width\":246,\"height\":141,\"caption\":\"Airt Time Critical - ATC\"},\"image\":{\"@id\":\"https:\\\/\\\/www.airtimecritical.com\\\/cs\\\/#\\\/schema\\\/logo\\\/image\\\/\"},\"sameAs\":[\"https:\\\/\\\/www.facebook.com\\\/AirTimeCritical.Atc.airfreight\",\"https:\\\/\\\/x.com\\\/AirTimeCritical\",\"https:\\\/\\\/www.instagram.com\\\/airtimecritical\\\/\",\"https:\\\/\\\/www.linkedin.com\\\/company\\\/air-time-critical-\\\/\",\"https:\\\/\\\/www.youtube.com\\\/c\\\/Airtimecritical-envois-urgents-international\\\/\"]},{\"@type\":\"Person\",\"@id\":\"https:\\\/\\\/www.airtimecritical.com\\\/cs\\\/#\\\/schema\\\/person\\\/22eeefeab161c4125b4632ddb66eaf9b\",\"name\":\"ATC\",\"url\":\"https:\\\/\\\/www.airtimecritical.com\\\/cs\\\/author\\\/atc\"}]}<\/script>\n<!-- \/ Yoast SEO Premium plugin. -->","yoast_head_json":{"title":"Asie v \u0159\u00edjnu 2025: Napl\u00e1nujte hladk\u00fd pr\u016fb\u011bh p\u0159eprav - Air Time Critical\u00ae - ATC\u00ae","description":"Zjist\u011bte, jak\u00e9 st\u00e1tn\u00ed sv\u00e1tky se v Asii konaj\u00ed v \u0159\u00edjnu 2025 a jak mohou ovlivnit v\u00e1\u0161 dodavatelsk\u00fd \u0159et\u011bzec. Kompletn\u00ed seznam sv\u00e1tk\u016f a rady, jak se vyhnout zpo\u017ed\u011bn\u00ed z\u00e1silek.","robots":{"index":"index","follow":"follow","max-snippet":"max-snippet:-1","max-image-preview":"max-image-preview:large","max-video-preview":"max-video-preview:-1"},"canonical":"https:\/\/www.airtimecritical.com\/cs\/urgentni-zasilky-asie-rijen-2025","og_locale":"cs_CZ","og_type":"article","og_title":"Asie v \u0159\u00edjnu 2025: Napl\u00e1nujte hladk\u00fd pr\u016fb\u011bh p\u0159eprav","og_description":"Zjist\u011bte, jak\u00e9 st\u00e1tn\u00ed sv\u00e1tky se v Asii konaj\u00ed v \u0159\u00edjnu 2025 a jak mohou ovlivnit v\u00e1\u0161 dodavatelsk\u00fd \u0159et\u011bzec. Kompletn\u00ed seznam sv\u00e1tk\u016f a rady, jak se vyhnout zpo\u017ed\u011bn\u00ed z\u00e1silek.","og_url":"https:\/\/www.airtimecritical.com\/cs\/urgentni-zasilky-asie-rijen-2025","og_site_name":"Air Time Critical\u00ae - ATC\u00ae","article_publisher":"https:\/\/www.facebook.com\/AirTimeCritical.Atc.airfreight","article_published_time":"2025-09-26T15:27:29+00:00","og_image":[{"width":920,"height":520,"url":"https:\/\/www.airtimecritical.com\/wp-content\/uploads\/2025\/09\/urgentni-nakladni-preprava-asie-oktober-2025.jpg","type":"image\/jpeg"}],"author":"ATC","twitter_card":"summary_large_image","twitter_creator":"@AirTimeCritical","twitter_site":"@AirTimeCritical","twitter_misc":{"Napsal(a)":"ATC","Odhadovan\u00e1 doba \u010dten\u00ed":"3 minuty"},"schema":{"@context":"https:\/\/schema.org","@graph":[{"@type":"Article","@id":"https:\/\/www.airtimecritical.com\/cs\/urgentni-zasilky-asie-rijen-2025#article","isPartOf":{"@id":"https:\/\/www.airtimecritical.com\/cs\/urgentni-zasilky-asie-rijen-2025"},"author":{"name":"ATC","@id":"https:\/\/www.airtimecritical.com\/cs\/#\/schema\/person\/22eeefeab161c4125b4632ddb66eaf9b"},"headline":"Asie v \u0159\u00edjnu 2025: Napl\u00e1nujte hladk\u00fd pr\u016fb\u011bh p\u0159eprav","datePublished":"2025-09-26T15:27:29+00:00","mainEntityOfPage":{"@id":"https:\/\/www.airtimecritical.com\/cs\/urgentni-zasilky-asie-rijen-2025"},"wordCount":584,"publisher":{"@id":"https:\/\/www.airtimecritical.com\/cs\/#organization"},"image":{"@id":"https:\/\/www.airtimecritical.com\/cs\/urgentni-zasilky-asie-rijen-2025#primaryimage"},"thumbnailUrl":"https:\/\/www.airtimecritical.com\/wp-content\/uploads\/2025\/09\/urgentni-nakladni-preprava-asie-oktober-2025.jpg","articleSection":["Novinky z leteck\u00e9 dopravy"],"inLanguage":"cs"},{"@type":"WebPage","@id":"https:\/\/www.airtimecritical.com\/cs\/urgentni-zasilky-asie-rijen-2025","url":"https:\/\/www.airtimecritical.com\/cs\/urgentni-zasilky-asie-rijen-2025","name":"Asie v \u0159\u00edjnu 2025: Napl\u00e1nujte hladk\u00fd pr\u016fb\u011bh p\u0159eprav - Air Time Critical\u00ae - ATC\u00ae","isPartOf":{"@id":"https:\/\/www.airtimecritical.com\/cs\/#website"},"primaryImageOfPage":{"@id":"https:\/\/www.airtimecritical.com\/cs\/urgentni-zasilky-asie-rijen-2025#primaryimage"},"image":{"@id":"https:\/\/www.airtimecritical.com\/cs\/urgentni-zasilky-asie-rijen-2025#primaryimage"},"thumbnailUrl":"https:\/\/www.airtimecritical.com\/wp-content\/uploads\/2025\/09\/urgentni-nakladni-preprava-asie-oktober-2025.jpg","datePublished":"2025-09-26T15:27:29+00:00","description":"Zjist\u011bte, jak\u00e9 st\u00e1tn\u00ed sv\u00e1tky se v Asii konaj\u00ed v \u0159\u00edjnu 2025 a jak mohou ovlivnit v\u00e1\u0161 dodavatelsk\u00fd \u0159et\u011bzec. Kompletn\u00ed seznam sv\u00e1tk\u016f a rady, jak se vyhnout zpo\u017ed\u011bn\u00ed z\u00e1silek.","breadcrumb":{"@id":"https:\/\/www.airtimecritical.com\/cs\/urgentni-zasilky-asie-rijen-2025#breadcrumb"},"inLanguage":"cs","potentialAction":[{"@type":"ReadAction","target":["https:\/\/www.airtimecritical.com\/cs\/urgentni-zasilky-asie-rijen-2025"]}]},{"@type":"ImageObject","inLanguage":"cs","@id":"https:\/\/www.airtimecritical.com\/cs\/urgentni-zasilky-asie-rijen-2025#primaryimage","url":"https:\/\/www.airtimecritical.com\/wp-content\/uploads\/2025\/09\/urgentni-nakladni-preprava-asie-oktober-2025.jpg","contentUrl":"https:\/\/www.airtimecritical.com\/wp-content\/uploads\/2025\/09\/urgentni-nakladni-preprava-asie-oktober-2025.jpg","width":920,"height":520,"caption":"cinska a korejska letecka spolecnost rijen 2025 urgentni logistika"},{"@type":"BreadcrumbList","@id":"https:\/\/www.airtimecritical.com\/cs\/urgentni-zasilky-asie-rijen-2025#breadcrumb","itemListElement":[{"@type":"ListItem","position":1,"name":"Home","item":"https:\/\/www.airtimecritical.com\/cs"},{"@type":"ListItem","position":2,"name":"Asie v \u0159\u00edjnu 2025: Napl\u00e1nujte hladk\u00fd pr\u016fb\u011bh p\u0159eprav"}]},{"@type":"WebSite","@id":"https:\/\/www.airtimecritical.com\/cs\/#website","url":"https:\/\/www.airtimecritical.com\/cs\/","name":"Air Time Critical - ATC","description":"Air Time Critical\u00ae offers priority air freight solutions to the industry in Europe, the Americas, and Asia | Door to door transport","publisher":{"@id":"https:\/\/www.airtimecritical.com\/cs\/#organization"},"potentialAction":[{"@type":"SearchAction","target":{"@type":"EntryPoint","urlTemplate":"https:\/\/www.airtimecritical.com\/cs\/?s={search_term_string}"},"query-input":{"@type":"PropertyValueSpecification","valueRequired":true,"valueName":"search_term_string"}}],"inLanguage":"cs"},{"@type":"Organization","@id":"https:\/\/www.airtimecritical.com\/cs\/#organization","name":"Airt Time Critical - ATC","url":"https:\/\/www.airtimecritical.com\/cs\/","logo":{"@type":"ImageObject","inLanguage":"cs","@id":"https:\/\/www.airtimecritical.com\/cs\/#\/schema\/logo\/image\/","url":"https:\/\/www.airtimecritical.com\/wp-content\/uploads\/2019\/10\/Logo_airtimecritical.png","contentUrl":"https:\/\/www.airtimecritical.com\/wp-content\/uploads\/2019\/10\/Logo_airtimecritical.png","width":246,"height":141,"caption":"Airt Time Critical - ATC"},"image":{"@id":"https:\/\/www.airtimecritical.com\/cs\/#\/schema\/logo\/image\/"},"sameAs":["https:\/\/www.facebook.com\/AirTimeCritical.Atc.airfreight","https:\/\/x.com\/AirTimeCritical","https:\/\/www.instagram.com\/airtimecritical\/","https:\/\/www.linkedin.com\/company\/air-time-critical-\/","https:\/\/www.youtube.com\/c\/Airtimecritical-envois-urgents-international\/"]},{"@type":"Person","@id":"https:\/\/www.airtimecritical.com\/cs\/#\/schema\/person\/22eeefeab161c4125b4632ddb66eaf9b","name":"ATC","url":"https:\/\/www.airtimecritical.com\/cs\/author\/atc"}]}},"_links":{"self":[{"href":"https:\/\/www.airtimecritical.com\/cs\/wp-json\/wp\/v2\/posts\/15435","targetHints":{"allow":["GET"]}}],"collection":[{"href":"https:\/\/www.airtimecritical.com\/cs\/wp-json\/wp\/v2\/posts"}],"about":[{"href":"https:\/\/www.airtimecritical.com\/cs\/wp-json\/wp\/v2\/types\/post"}],"author":[{"embeddable":true,"href":"https:\/\/www.airtimecritical.com\/cs\/wp-json\/wp\/v2\/users\/2"}],"replies":[{"embeddable":true,"href":"https:\/\/www.airtimecritical.com\/cs\/wp-json\/wp\/v2\/comments?post=15435"}],"version-history":[{"count":3,"href":"https:\/\/www.airtimecritical.com\/cs\/wp-json\/wp\/v2\/posts\/15435\/revisions"}],"predecessor-version":[{"id":15437,"href":"https:\/\/www.airtimecritical.com\/cs\/wp-json\/wp\/v2\/posts\/15435\/revisions\/15437"}],"wp:featuredmedia":[{"embeddable":true,"href":"https:\/\/www.airtimecritical.com\/cs\/wp-json\/wp\/v2\/media\/15446"}],"wp:attachment":[{"href":"https:\/\/www.airtimecritical.com\/cs\/wp-json\/wp\/v2\/media?parent=15435"}],"wp:term":[{"taxonomy":"category","embeddable":true,"href":"https:\/\/www.airtimecritical.com\/cs\/wp-json\/wp\/v2\/categories?post=15435"},{"taxonomy":"post_tag","embeddable":true,"href":"https:\/\/www.airtimecritical.com\/cs\/wp-json\/wp\/v2\/tags?post=15435"}],"curies":[{"name":"wp","href":"https:\/\/api.w.org\/{rel}","templated":true}]}}